{"id":8212,"date":"2017-06-12T12:53:29","date_gmt":"2017-06-12T11:53:29","guid":{"rendered":"http:\/\/lafilledecorinthe.com\/wordpress\/?p=8212"},"modified":"2025-12-08T20:27:21","modified_gmt":"2025-12-08T19:27:21","slug":"yan-volsy-musicien-compositeur-et-concepteur-sonore","status":"publish","type":"post","link":"https:\/\/lafilledecorinthe.com\/wordpress\/2017\/06\/yan-volsy-musicien-compositeur-et-concepteur-sonore\/","title":{"rendered":"Yan Volsy, musicien, compositeur et concepteur sonore\u2026"},"content":{"rendered":"\n<p><em>Son nom appara\u00eet au g\u00e9n\u00e9rique de trois courts m\u00e9trages du programme \u00a0\u00bb Grand-Petit et petits-grands\u00a0\u00bb cr\u00e9\u00e9 pour le festival \u00ab\u00a0Image par Image\u00a0\u00bb du Val d&rsquo;Oise. Il ne m&rsquo;en fallait pas plus pour avoir envie de rencontrer cet homme-orchestre qui commence \u00e0 avoir une sacr\u00e9e r\u00e9putation dans le monde de l&rsquo;animation. Rendez-vous fut pris dans son studio perchoir de Montreuil&#8230;<\/em><\/p>\n\n\n\n<p class=\"p1\"><span class=\"s1\"><b>Peux-tu te pr\u00e9senter en quelques mots ?<\/b><\/span><\/p>\n\n\n\n<p class=\"p1\"><span class=\"s1\">J\u2019ai une petite formule qui me d\u00e9finit bien : \u00ab&nbsp;fabricant de musique et de son, sp\u00e9cialis\u00e9 dans le cin\u00e9ma d\u2019animation&nbsp;\u00bb. J\u2019aime bien le c\u00f4t\u00e9 artisanal que \u00e7a \u00e9voque. \u00ab&nbsp;Faiseur de ritournelles&nbsp;\u00bb, j\u2019aime bien aussi.<\/span><\/p>\n\n\n\n<p class=\"p1\"><span class=\"s1\"><b>Qu\u2019est-ce qui a \u00e9t\u00e9 le plus formateur pour toi dans ton enfance ?<\/b><\/span><\/p>\n\n\n\n<p class=\"p1\"><span class=\"s1\"><em>Yan r\u00e9fl\u00e9chit \u2026<\/em> Je ne sais pas si c\u2019est formateur, mais deux choses ont \u00e9t\u00e9 importantes dans mon envie de raconter des histoires avec la musique. D\u2019abord un pick-up 45 tours sur lequel je passais en boucle \u00ab&nbsp;Le Carnaval des animaux&nbsp;\u00bb de Camille Saint-Sa\u00ebns. La l\u00e9gende familiale dit que je savais mettre des disques avant de savoir parler, et que je passais des heures \u00e0 \u00e9couter de la musique. La seconde est<span class=\"Apple-converted-space\">&nbsp;<\/span>le vieux piano Pleyel impossible \u00e0 accorder dont mes parents avaient h\u00e9rit\u00e9. Personne n\u2019en jouait chez moi, je ne suis pas d\u2019une famille de musiciens. Mais c\u2019est sur ce vieux piano que j\u2019ai commenc\u00e9 \u00e0 composer, enfant, des petites m\u00e9lodies. La lecture, les livres, ont aussi<span class=\"Apple-converted-space\">&nbsp; <\/span>\u00e9t\u00e9 une immense d\u00e9couverte.<\/span><\/p>\n\n\n\n<p class=\"p1\"><span class=\"s1\"><b>Une image qui t\u2019accompagne ?<\/b><\/span><\/p>\n\n\n\n<p class=\"p1\"><span class=\"s1\"> Il y en a tellement ! Je choisis une image extraite de \u00ab&nbsp;Bandits Bandits&nbsp;\u00bb de Terry Gilliams, mon premier choc cin\u00e9matographique. Celle du g\u00e9ant qui sort de l\u2019eau avec le bateau sur la t\u00eate, bateau \u00e0 bord duquel on vient de passer quelques temps !<\/span><\/p>\n\n\n<div class=\"wp-block-image\">\n<figure class=\"aligncenter\"><a href=\"https:\/\/lafilledecorinthe.com\/wordpress\/wp-content\/uploads\/2017\/06\/TimeBandits_quad_UK_TerryGilliam-3.jpg\"><img loading=\"lazy\" decoding=\"async\" width=\"425\" height=\"680\" src=\"https:\/\/lafilledecorinthe.com\/wordpress\/wp-content\/uploads\/2017\/06\/TimeBandits_quad_UK_TerryGilliam-3-425x680.jpg\" alt=\"Bandits, Bandits de Terry Gilliam, 1981\" class=\"wp-image-8214\" srcset=\"https:\/\/lafilledecorinthe.com\/wordpress\/wp-content\/uploads\/2017\/06\/TimeBandits_quad_UK_TerryGilliam-3-425x680.jpg 425w, https:\/\/lafilledecorinthe.com\/wordpress\/wp-content\/uploads\/2017\/06\/TimeBandits_quad_UK_TerryGilliam-3-801x1280.jpg 801w, https:\/\/lafilledecorinthe.com\/wordpress\/wp-content\/uploads\/2017\/06\/TimeBandits_quad_UK_TerryGilliam-3-188x300.jpg 188w, https:\/\/lafilledecorinthe.com\/wordpress\/wp-content\/uploads\/2017\/06\/TimeBandits_quad_UK_TerryGilliam-3.jpg 1126w\" sizes=\"auto, (max-width: 425px) 100vw, 425px\" \/><\/a><figcaption class=\"wp-element-caption\">Bandits, Bandits de Terry Gilliam, 1981<\/figcaption><\/figure>\n<\/div>\n\n\n<p class=\"p1\"><span class=\"s1\"><b>Une musique qui t\u2019accompagne ?<\/b><\/span><\/p>\n\n\n\n<p class=\"p1\"><span class=\"s1\"> J\u2019ai d\u00e9j\u00e0 parl\u00e9 du \u00ab&nbsp;Carnaval des animaux&nbsp;\u00bb, notamment le mouvement <a href=\"https:\/\/www.youtube.com\/watch?v=seREcKDcEMI\" target=\"_blank\" rel=\"noopener\">Aquarium<\/a>.&nbsp;<\/span>Un autre coup de coeur d\u2019enfant est <a href=\"https:\/\/www.youtube.com\/watch?v=_ZlLQBuSv7I\" target=\"_blank\" rel=\"noopener\">Titi et Gros minet aux sports d\u2019hiver<\/a>, j\u2019assume totalement, c\u2019est un vrai cartoon sonore !<\/p>\n\n\n<div class=\"wp-block-image\">\n<figure class=\"aligncenter\"><a href=\"https:\/\/lafilledecorinthe.com\/wordpress\/wp-content\/uploads\/2017\/06\/disque-bg-1175-dessin-anime-titi-et-grosminet-titi-et-sylvestre-a-la-neige.jpg\"><img loading=\"lazy\" decoding=\"async\" width=\"677\" height=\"680\" src=\"https:\/\/lafilledecorinthe.com\/wordpress\/wp-content\/uploads\/2017\/06\/disque-bg-1175-dessin-anime-titi-et-grosminet-titi-et-sylvestre-a-la-neige-677x680.jpg\" alt=\"Titi et Sylvestre \u00e0 la neige, 1974\" class=\"wp-image-8216\" srcset=\"https:\/\/lafilledecorinthe.com\/wordpress\/wp-content\/uploads\/2017\/06\/disque-bg-1175-dessin-anime-titi-et-grosminet-titi-et-sylvestre-a-la-neige-677x680.jpg 677w, https:\/\/lafilledecorinthe.com\/wordpress\/wp-content\/uploads\/2017\/06\/disque-bg-1175-dessin-anime-titi-et-grosminet-titi-et-sylvestre-a-la-neige-200x200.jpg 200w, https:\/\/lafilledecorinthe.com\/wordpress\/wp-content\/uploads\/2017\/06\/disque-bg-1175-dessin-anime-titi-et-grosminet-titi-et-sylvestre-a-la-neige-299x300.jpg 299w, https:\/\/lafilledecorinthe.com\/wordpress\/wp-content\/uploads\/2017\/06\/disque-bg-1175-dessin-anime-titi-et-grosminet-titi-et-sylvestre-a-la-neige.jpg 800w\" sizes=\"auto, (max-width: 677px) 100vw, 677px\" \/><\/a><figcaption class=\"wp-element-caption\">Titi et Sylvestre \u00e0 la neige, 1974<\/figcaption><\/figure>\n<\/div>\n\n\n<p class=\"p1\"><span class=\"s1\">Plus s\u00e9rieusement, une musique d\u00e9couverte dans mon enfance que j\u2019\u00e9coute toujours : le <a href=\"https:\/\/www.youtube.com\/watch?v=WSP9Na2ozWM\">K\u00f6ln Concert<\/a> de Keith Jarret.&nbsp;<\/span>J\u2019ai d\u00e9couvert<span class=\"Apple-converted-space\">&nbsp; <\/span>le \u00ab&nbsp;K\u00f6ln Concert&nbsp;\u00bb gr\u00e2ce \u00e0 mon papa. Pour son travail, il est all\u00e9 \u00e0 Singapour. Il m\u2019a rapport\u00e9 tout un lot de cassettes pirates ! Essentiellement du piano, il y avait notamment Richard Claydermann qui \u00e9tait tr\u00e8s \u00e0 la mode dans les ann\u00e9es 70 mais aussi le \u00ab&nbsp;K\u00f6ln Concert&nbsp;\u00bb. Je prenais \u00e0 cette \u00e9poque des cours de piano, \u00e7a se passait tr\u00e8s mal avec ma prof. Keith Jarret n\u2019a pas arrang\u00e9 nos relations. Je lui ai apport\u00e9 un morceau de lui que je voulais apprendre \u00e0 jouer, elle a refus\u00e9 en disant qu\u2019il jouait trop fort de la main gauche !<\/p>\n\n\n\n<p class=\"p1\"><span class=\"s1\"><b>Comment la musique a-t-elle d\u00e9barqu\u00e9 dans ta vie ?<\/b><\/span><\/p>\n\n\n\n<p class=\"p1\"><span class=\"s1\">Comme une \u00e9vidence. Ce n\u2019est pas li\u00e9 \u00e0 un contexte familial, c\u2019est un besoin totalement personnel. Je n\u2019ai par contre jamais pu rentrer dans le syst\u00e8me traditionnel d\u2019apprentissage de la musique.<\/span><\/p>\n\n\n\n<p class=\"p1\"><span class=\"s1\"><b>Auditeur, joueur\u2026 deux faces d\u2019une m\u00eame passion ?<\/b><\/span><\/p>\n\n\n\n<p class=\"p1\"><span class=\"s1\">J\u2019\u00e9coute et je joue de la musique en permanence. Un de mes morceaux s\u2019appelle <a href=\"http:\/\/www.kapagama.fr\/#!\/results.aspx?pageNo=1&amp;resultsPerPage=20&amp;viewTags=1&amp;mode=work&amp;sortFilter=Default|Desc&amp;keyword=Yan%20Volsy\" target=\"_blank\" rel=\"noopener\">La Jalousie du Musicien<\/a>.&nbsp;<\/span>Ici c\u2019est la jalousie de la musique de Yann Tiersenn. C\u2019est totalement \u00e7a, une jalousie positive qui donne envie et qui te rend humble. Je ne suis pas un virtuose. Je n\u2019ai pas d\u2019ailleurs particuli\u00e8rement d\u2019habilet\u00e9 manuelle. La virtuosit\u00e9 est un don doubl\u00e9 d\u2019une immense capacit\u00e9 de travail, mais moi je n\u2019ai jamais eu envie de passer des heures sur un instrument pour devenir un interpr\u00e8te g\u00e9nial. Je ne suis pas \u00e0 la recherche de cette perfection. Par contre je suis sensible \u00e0 la virtuosit\u00e9 des autres musiciens, celle de Keith Jarret ou d\u2019un griot africain peu importe, cette virtuosit\u00e9 peut m\u2019emporter tr\u00e8s loin, c\u2019est hypnotique. Je crois aussi que de ne pas \u00eatre virtuose me permet d\u2019\u00eatre un auditeur qui n\u2019est pas blas\u00e9.<\/p>\n\n\n\n<p class=\"p1\"><span class=\"s1\"><b>A quel moment as-tu d\u00e9cid\u00e9 de faire un m\u00e9tier li\u00e9 \u00e0 la musique ?<\/b><\/span><\/p>\n\n\n\n<p class=\"p1\"><span class=\"s1\">Pendant mes \u00e9tudes sup\u00e9rieures. J\u2019ai suivi un cursus de r\u00e9alisation audiovisuelle \u00e0 l\u2019universit\u00e9 Stendhal de Grenoble. Pendant ces \u00e9tudes, un de mes profs, Andr\u00e9 Targe, m\u2019a fait comprendre que j\u2019\u00e9tais plus du c\u00f4t\u00e9 de l\u2019oreille que de l\u2019oeil. Dans le cadre des films qu\u2019on r\u00e9alisait avec les \u00e9tudiants, je m\u2019occupais souvent du son.<\/span><\/p>\n\n\n\n<p class=\"p1\"><b>Et ta rencontre avec le cin\u00e9ma d\u2019animation ?<\/b><\/p>\n\n\n\n<p class=\"p1\"><span class=\"s1\">Tr\u00e8s brutale ! <em>(rire)<\/em> Je peux la dater tr\u00e8s pr\u00e9cis\u00e9ment : mars 2006, ma premi\u00e8re collaboration avec l\u2019\u00e9cole de <a href=\"http:\/\/www.poudriere.eu\/fr\" target=\"_blank\" rel=\"noopener\">La Poudri\u00e8re<\/a>.&nbsp;<\/span>Depuis d\u00e9j\u00e0 une dizaine d\u2019ann\u00e9e je cr\u00e9ais des bandes sons pour le jeu vid\u00e9o et le th\u00e9\u00e2tre. Et puis j\u2019ai eu l\u2019occasion de travailler sur le film de fin d\u2019\u00e9tude de Julien Bisaro, \u00ab&nbsp;L\u2019oeil du cyclone&nbsp;\u00bb. Et l\u00e0, boum, l\u2019\u00e9vidence : \u00ab&nbsp;c\u2019est \u00e7a que je veux faire.&nbsp;\u00bb Le cin\u00e9ma d\u2019animation d\u2019auteur m\u2019attirait d\u00e9j\u00e0 par les liens qu\u2019il entretient avec le burlesque, les arts du cirque, Tati\u2026 Par ailleurs j\u2019ai senti que de travailler dans le cin\u00e9ma d\u2019animation me permettrait de continuer \u00e0 faire du son et de la musique. J\u2019aime g\u00e9rer des cr\u00e9ations compl\u00e8tes, m\u2019occuper \u00e0 la fois du bruitage, des voix et de la musique. C\u2019\u00e9tait de plus en plus dur, j\u2019\u00e9voluais dans un milieu de plus en plus pro, o\u00f9 les diff\u00e9rents m\u00e9tiers li\u00e9s aux sons \u00e9taient tr\u00e8s cloisonn\u00e9s. \u00c7a ne me convenait pas, je n\u2019avais pas envie de faire des choix ! Avec l\u2019animation, j\u2019ai senti que je pouvais continuer \u00e0 d\u00e9fendre mon statut \u00ab&nbsp;multi-casquettes&nbsp;\u00bb.<\/p>\n\n\n\n<p class=\"p1\"><span class=\"s1\"><b>Ton nom appara\u00eet dans trois courts m\u00e9trages du programme \u00ab Grand-Petit et petits-grands \u00bb<span class=\"Apple-converted-space\">&nbsp; <\/span>\u2026. Es-tu en passe de devenir le musicien incontournable du cin\u00e9ma d\u2019animation fran\u00e7ais ?<\/b><\/span><\/p>\n\n\n\n<p class=\"p1\"><span class=\"s1\"><em>Rire<\/em> &#8211; \u00c7a ne me d\u00e9plairait pas d\u2019\u00eatre le sp\u00e9cialiste fran\u00e7ais des \u00ab&nbsp;petits personnages&nbsp;\u00bb. J\u2019ai d\u2019ailleurs aussi travaill\u00e9 avec Anna Chubinidze sur son court \u00ab&nbsp;Le petit bonhomme de poche&nbsp;\u00bb.<\/span><\/p>\n\n\n<div class=\"wp-block-image\">\n<figure class=\"aligncenter\"><a href=\"https:\/\/lafilledecorinthe.com\/wordpress\/wp-content\/uploads\/2017\/06\/le-petit-bonhomme-de-poche.jpg\"><img loading=\"lazy\" decoding=\"async\" width=\"680\" height=\"383\" src=\"https:\/\/lafilledecorinthe.com\/wordpress\/wp-content\/uploads\/2017\/06\/le-petit-bonhomme-de-poche-680x383.jpg\" alt=\"Le petit bonhomme de poche d\u2019 Anna Chubinidze, 2017\" class=\"wp-image-8217\" srcset=\"https:\/\/lafilledecorinthe.com\/wordpress\/wp-content\/uploads\/2017\/06\/le-petit-bonhomme-de-poche-680x383.jpg 680w, https:\/\/lafilledecorinthe.com\/wordpress\/wp-content\/uploads\/2017\/06\/le-petit-bonhomme-de-poche-500x281.jpg 500w, https:\/\/lafilledecorinthe.com\/wordpress\/wp-content\/uploads\/2017\/06\/le-petit-bonhomme-de-poche.jpg 1024w\" sizes=\"auto, (max-width: 680px) 100vw, 680px\" \/><\/a><figcaption class=\"wp-element-caption\">Le petit bonhomme de poche d\u2019 Anna Chubinidze, 2017<\/figcaption><\/figure>\n<\/div>\n\n\n<p class=\"p1\"><span class=\"s1\">Plus s\u00e9rieusement c\u2019est un concours de circonstance, c\u2019est le jeu de la programmation. Ce qu\u2019il faut savoir c\u2019est que faire le son d\u2019un film, \u00e7a va vite, beaucoup plus vite que l\u2019image. Pour un film de 3 ou 4 minutes, mon intervention va durer 3&nbsp;ou 4 jours, alors que l\u2019image a pris au moins trois ou quatre mois ! Pour en vivre, je suis donc oblig\u00e9 d\u2019en faire beaucoup ! Mais \u00e7a me pla\u00eet, j\u2019adore passer d\u2019un projet \u00e0 l\u2019autre rapidement, et mon r\u00e9seau professionnel s\u2019est concentr\u00e9 sur ce type l\u00e0 de film. Mais je suis tr\u00e8s loin d\u2019\u00eatre le monsieur musique de l\u2019animation fran\u00e7aise !<\/span><\/p>\n\n\n\n<p class=\"p1\"><span class=\"s1\"><b>Comment s\u2019organise ta collaboration avec un r\u00e9alisateur ?<\/b><\/span><\/p>\n\n\n\n<p class=\"p1\"><span class=\"s1\">J\u2019interviens le plus t\u00f4t possible. Souvent on m\u2019appelle au moment du sc\u00e9nario. Il est tr\u00e8s rare que j\u2019intervienne sur un film quasiment termin\u00e9. C\u2019est d\u2019ailleurs souvent mauvais signe !&nbsp;<\/span>Donc le plus souvent je rentre tr\u00e8s t\u00f4t dans le projet. Au d\u00e9but c\u2019est un travail informel : se voir autour d\u2019un caf\u00e9, parler au t\u00e9l\u00e9phone, lire des choses\u2026 Je peux suivre les progr\u00e8s du story board, de l\u2019animatique, du tournage, et pour un film d\u2019animation, c\u2019est tr\u00e8s long\u2026 Alors, quand arrive mon tour de faire des choses, \u00e7a vient tr\u00e8s vite, parce que je suis d\u00e9j\u00e0 nourri de l\u2019intimit\u00e9 qui s\u2019est cr\u00e9\u00e9e avec l\u2019histoire et le r\u00e9alisateur pendant tout ce temps de fabrication de l\u2019image.&nbsp;Puis c\u2019est un aller-retour de propositions entre le r\u00e9alisateur et moi. Je propose des ambiances, un ou plusieurs th\u00e8mes. Il peut y avoir des tensions, parfois je dois faire comprendre au r\u00e9alisateur qu\u2019il fait fausse route. Dans 90% des cas, \u00e7a se passe bien ! Quelqu\u2019un capable de passer deux, trois ans de sa vie \u00e0 faire un court m\u00e9trage de 10 minutes est forc\u00e9ment quelqu\u2019un de passionn\u00e9. Mais il a aussi d\u00e9velopp\u00e9 un rapport d\u2019hyper-contr\u00f4le sur son film : rien ne lui \u00e9chappe, image par image ! Ou presque : la voix des personnages, les bruitages, la musique, font partie des choses sur lesquelles il ou elle est oblig\u00e9 de l\u00e2cher prise, parce qu\u2019il ma\u00eetrise moins bien que l\u2019image. Il faut donc savoir rassurer, mettre en confiance, pour faire accepter ce l\u00e2cher-prise. Mais ils ont aussi souvent des id\u00e9es tr\u00e8s fortes. Je continue d\u2019apprendre au contact des r\u00e9alisateurs, y compris des plus jeunes.<\/p>\n\n\n\n<p class=\"p1\"><span class=\"s1\"><b>Est-ce qu\u2019il est diff\u00e9rent de travailler pour un film d\u2019\u00e9tudiant et un film pro ? <\/b><\/span><\/p>\n\n\n\n<p class=\"p1\"><span class=\"s1\">Non, il n\u2019y a que les moyens qui changent. L\u2019exigence est devenue tr\u00e8s \u00e9lev\u00e9e pour les films d\u2019\u00e9tudiants, \u00e0 cause de leur importance pour l\u2019entr\u00e9e dans le monde professionnel, et de l\u2019effet \u00ab&nbsp;s\u00e9lection en festival&nbsp;\u00bb. Presque trop \u00e0 mon go\u00fbt : c\u2019est, parfois, au d\u00e9triment de la cr\u00e9ativit\u00e9.<\/span><\/p>\n\n\n\n<p class=\"p1\"><span class=\"s1\"><b>J\u2019aimerais parler des trois films du programme \u00ab&nbsp;Grands-Petits&nbsp;\u00bb qui sont chacun li\u00e9 \u00e0 une \u00e9conomie particuli\u00e8re : un film d\u2019\u00e9tudiant, un premier film professionnel et une s\u00e9rie TV\u2026<\/b><\/span><\/p>\n\n\n\n<p class=\"p1\"><span class=\"s1\"><b>Commen\u00e7ons par \u00ab&nbsp;Le v\u00e9lo de l\u2019\u00e9l\u00e9phant&nbsp;\u00bb, premier film professionnel d\u2019Olesya Shchukina.<\/b><\/span><\/p>\n\n\n\n<p class=\"p1\"><span class=\"s1\">Je connaissais d\u00e9j\u00e0 bien Olesya, j\u2019avais travaill\u00e9 sur ses deux films de La Poudri\u00e8re : <a href=\"https:\/\/vimeo.com\/68922521\" target=\"_blank\" rel=\"noopener\">Les Talons rouges<\/a> et <a href=\"https:\/\/vimeo.com\/111401450\" target=\"_blank\" rel=\"noopener\">Mal de Terre<\/a>.&nbsp;<\/span>J\u2019\u00e9tais d\u00e9j\u00e0 totalement amoureux du travail et de l\u2019univers de cette jeune femme, et j\u2019avais d\u00e9j\u00e0 une petite id\u00e9e de ce qu\u2019elle attendait de notre collaboration. \u00c7a n\u2019a pas emp\u00each\u00e9 que lorsque je lui ai envoy\u00e9 une premi\u00e8re proposition, ce n\u2019\u00e9tait pas \u00e7a, elle souhaitait quelque chose de plus rythm\u00e9. Bon, le deuxi\u00e8me essai a \u00e9t\u00e9 le bon !&nbsp;J\u2019ai travaill\u00e9 avec plusieurs r\u00e9alisateurs d\u2019origine russe, ils ont une vraie culture de l\u2019animation. Ils utilisent le son de mani\u00e8re percussive, tr\u00e8s musicale, rythmique, avec des silences. Quand on travaille pour eux, retenir ses notes et ses envies de notes est essentiel. Quand il y a de la musique, elle est tr\u00e8s pr\u00e9sente, ce n\u2019est pas un \u00ab&nbsp;tapis&nbsp;\u00bb.&nbsp;En fait je crois qu\u2019ils ont un sens inn\u00e9 du burlesque. Or le burlesque cin\u00e9matographique est n\u00e9 silencieux, je parle de Chaplin, Keaton\u2026&nbsp;La musique et le son doivent-ils se faire remarquer dans un film ? Cette question soul\u00e8ve un vrai d\u00e9bat esth\u00e9tique. Moi, j\u2019aime quand ils se remarquent, mais quelquefois \u00e7a n\u2019est pas justifi\u00e9.<\/p>\n\n\n\n<p class=\"p1\"><span class=\"s1\"><b>Et \u00ab&nbsp;Deux amis&nbsp;\u00bb, film de fin d\u2019\u00e9tude de Natalia Chernysheva\u2026<\/b><\/span><\/p>\n\n\n\n<p class=\"p1\"><span class=\"s1\">Je ne la connaissais<b> <\/b>pas quand on a travaill\u00e9 ensemble. Mais bien qu\u2019elle soit russe elle aussi, on a eu des probl\u00e8mes de communication ! Au d\u00e9but je ne devais faire que le mixage, mais j\u2019ai finalement d\u00fb refaire pas mal de bruitages, et adapter un de mes morceaux de musique pour la seule plage musicale du film. Franchement, je n\u2019\u00e9tais pas convaincu, et le temps nous a manqu\u00e9 ! Au final, on a un r\u00e9sultat tr\u00e8s chouette, mais la cr\u00e9ation s\u2019est faite un peu dans la douleur.<\/span><\/p>\n\n\n\n<p class=\"p1\"><b>Et \u00ab&nbsp;L\u2019homme le plus petit du monde&nbsp;\u00bb, s\u00e9rie TV de Juan Pablo Zaramella\u2026<\/b><\/p>\n\n\n\n<p class=\"p1\"><span class=\"s1\">J\u2019avais rencontr\u00e9 Juan Pablo \u00e0 Buenos Aires (il est Argentin), on avait pass\u00e9 une bonne soir\u00e9e ensemble. On s\u2019est crois\u00e9 plus tard au festival d\u2019Annecy. Peu apr\u00e8s, il m\u2019appelle pour me proposer de faire la musique de sa s\u00e9rie coproduite en France. Sa demande \u00e9tait tr\u00e8s pr\u00e9cise, il voulait le m\u00eame morceau sur tous les \u00e9pisodes, et m\u2019a donn\u00e9 en r\u00e9f\u00e9rence un morceau d\u2019orgue de Nino Rota, un morceau un peu kitch, mais bon, Nino Rota quand m\u00eame ! Le temps passe, et rien ne me vient\u2026 La trouille de devoir faire mieux ! La veille du rendez-vous, j\u2019\u00e9cris deux ritournelles avec un son d\u2019orgue r\u00e9tro tout pourri. Je joue la premi\u00e8re \u00e0 Juan Pablo, il dit \u00ab&nbsp;nice, nice \u00bb, genre \u00ab&nbsp;mouais\u2026\u00bb, avec son accent argentin.<span class=\"Apple-converted-space\">&nbsp; <\/span>Je passe \u00e0 la deuxi\u00e8me, j\u2019entends \u00ab&nbsp;That\u2019s it&nbsp;!! Do not change anything !\u00bb. Et voil\u00e0, j\u2019ai fait quelques petites d\u00e9clinaisons contextuelles de la musique pour certains \u00e9pisodes. Puis j\u2019ai pr\u00eat\u00e9 ma voix au Petit Homme, en en changeant la hauteur, j\u2019ai fait aussi tous les bruitages. Il n\u2019y a que le mixage qui a \u00e9t\u00e9 fait par quelqu\u2019un d\u2019autre.<\/span><\/p>\n\n\n<div class=\"wp-block-image\">\n<figure class=\"aligncenter\"><a href=\"https:\/\/lafilledecorinthe.com\/wordpress\/wp-content\/uploads\/2017\/06\/chef-dorchestre1.jpg\"><img loading=\"lazy\" decoding=\"async\" width=\"680\" height=\"383\" src=\"https:\/\/lafilledecorinthe.com\/wordpress\/wp-content\/uploads\/2017\/06\/chef-dorchestre1-680x383.jpg\" alt=\"Le &quot;Petit Homme&quot; chef d'orchestre...\" class=\"wp-image-8226\" srcset=\"https:\/\/lafilledecorinthe.com\/wordpress\/wp-content\/uploads\/2017\/06\/chef-dorchestre1-680x383.jpg 680w, https:\/\/lafilledecorinthe.com\/wordpress\/wp-content\/uploads\/2017\/06\/chef-dorchestre1-1280x720.jpg 1280w, https:\/\/lafilledecorinthe.com\/wordpress\/wp-content\/uploads\/2017\/06\/chef-dorchestre1-500x281.jpg 500w, https:\/\/lafilledecorinthe.com\/wordpress\/wp-content\/uploads\/2017\/06\/chef-dorchestre1.jpg 1920w\" sizes=\"auto, (max-width: 680px) 100vw, 680px\" \/><\/a><figcaption class=\"wp-element-caption\">Le \u00ab\u00a0Petit Homme\u00a0\u00bb chef d&rsquo;orchestre&#8230;<\/figcaption><\/figure>\n<\/div>\n\n\n<p class=\"p1\"><b>Entre la musique acoustique et la musique \u00e9lectronique ton coeur balance ?<\/b><\/p>\n\n\n\n<p class=\"p1\"><em><span class=\"s1\">Yan me montre un \u00e9chantillon des instruments qui se trouvent dans son studio : piano, guitares, banjo, domra, ukul\u00e9l\u00e9, bouzouki, multiples percussions, jouets d\u2019enfants \u2026<\/span><\/em><\/p>\n\n\n\n<p class=\"p1\"><span class=\"s1\">Je m\u00e9lange toujours les deux. Je suis un enfant de l\u2019audio-num\u00e9rique, j\u2019ai commenc\u00e9 ce m\u00e9tier avec l\u2019ordinateur. Je ne suis pas un musicien \u00ab&nbsp;\u00e9lectro&nbsp;\u00bb, ma musique ne sonne pas \u00ab&nbsp;\u00e9lectro&nbsp;\u00bb, mais j\u2019utilise les m\u00eames outils. J\u2019ai besoin de sonorit\u00e9s acoustiques, c\u2019est la mati\u00e8re que je retravaille avec l\u2019ordinateur. Pour cela, j\u2019enregistre souvent chaque instrument s\u00e9par\u00e9ment, ce qui me permet ensuite de modifier, d\u00e9couper, recaler\u2026 Dans notre jargon je fais du \u00ab&nbsp;re-re&nbsp;\u00bb (re-recording). Par exemple, pour \u00ab&nbsp;Le v\u00e9lo de l\u2019\u00e9l\u00e9phant&nbsp;\u00bb, j\u2019ai jou\u00e9 le piano et les sons synth\u00e9tiques sur ordinateur,<span class=\"Apple-converted-space\">&nbsp; <\/span>puis je suis all\u00e9 en studio pour enregistrer s\u00e9par\u00e9ment un batteur, un trompettiste et une violoncelliste. C\u2019est donc \u00ab&nbsp;acoustique&nbsp;\u00bb, mais ce n\u2019est pas \u00ab&nbsp;live&nbsp;\u00bb, au sens o\u00f9 personne n\u2019a jou\u00e9 en m\u00eame temps, o\u00f9 il n\u2019y a pas d\u2019orchestre. Je travaille le plus souvent ainsi.<\/span><\/p>\n\n\n\n<figure class=\"wp-block-embed is-type-video is-provider-vimeo wp-block-embed-vimeo wp-embed-aspect-16-9 wp-has-aspect-ratio\"><div class=\"wp-block-embed__wrapper\">\n<iframe loading=\"lazy\" title=\"Extrait du Cine\u0301 Concert  EN SORTANT DE L\u2019E\u0301COLE, en live\" src=\"https:\/\/player.vimeo.com\/video\/215851957?dnt=1&amp;app_id=122963\" width=\"720\" height=\"405\" frameborder=\"0\" allow=\"autoplay; fullscreen; picture-in-picture; clipboard-write; encrypted-media; web-share\" referrerpolicy=\"strict-origin-when-cross-origin\"><\/iframe>\n<\/div><\/figure>\n\n\n\n<p><\/p>\n\n\n\n<p class=\"p1\"><span class=\"s1\"><b>Lors du dernier festival de l\u2019AFCA, tu as pr\u00e9sent\u00e9 avec trois musiciens complices un cin\u00e9-concert li\u00e9 aux trois premi\u00e8res saisons d\u2019\u00ab&nbsp;En sortant de l\u2019\u00e9cole&nbsp;\u00bb \u2026 Peux-tu nous dire comment ce projet a vu le jour ?<\/b><\/span><\/p>\n\n\n\n<p class=\"p1\"><span class=\"s1\">Plusieurs \u00e9l\u00e9ments ont \u00e9t\u00e9 d\u00e9clencheurs, tout d\u2019abord mon envie de refaire du live. A 47 ans je suis \u00e0 nouveau \u00e0 l\u2019\u00e9cole, je prends des cours de piano, de percussion et de chant dans une \u00e9cole de jazz. \u00c7a m\u2019a redonn\u00e9 l\u2019envie de jouer sur sc\u00e8ne.&nbsp;<\/span>Mais surtout j\u2019ai eu un jour un appel de Mohamed Beyoud, le directeur artistique du <a href=\"http:\/\/www.ficam.ma\/index.php\/fr\/\" target=\"_blank\" rel=\"noopener\">FICAM<\/a>&nbsp;de Mekn\u00e8s. Il se demandait si j\u2019avais un cin\u00e9-concert \u00e0 lui recommander pour son festival. Avant de raccrocher, il m\u2019a dit que si un jour je faisais un cin\u00e9-concert, il serait int\u00e9ress\u00e9\u2026J\u2019avais travaill\u00e9 avec trois autres compositeurs \u00e0 deux saisons d\u2019\u00ab&nbsp;En sortant de l\u2019\u00e9cole&nbsp;\u00bb, pour lesquelles nous avions fait une r\u00e9sidence commune pour l\u2019enregistrement des musiques. A nous quatre, nous formions un vrai petit orchestre. Il y avait une tr\u00e8s bonne entente entre nous.<span class=\"Apple-converted-space\">&nbsp; <\/span>Alors je leur ai propos\u00e9 de nous lancer dans ce projet de cin\u00e9-concert. Finalement, la premi\u00e8re ne s\u2019est pas faite \u00e0 Mekn\u00e8s au Maroc, mais \u00e0 Bruz en France avec l\u2019<a href=\"https:\/\/www.afca.asso.fr\/\">AFCA<\/a>.<\/p>\n\n\n\n<p class=\"p1\"><span class=\"s1\"><b>Pour terminer, r\u00eaves-tu de t\u2019\u00e9vader des travaux de commande ?<\/b><\/span><\/p>\n\n\n\n<p class=\"p1\"><span class=\"s1\">Il n\u2019y a pas de cr\u00e9ation sans contrainte et c\u2019est pour moi un immense confort et une immense joie de travailler avec les contraintes de l\u2019image. Donc a priori je n\u2019\u00e9prouve pas ce besoin. \u00a0 \u00a0 \u00a0 \u00a0 \u00a0 \u00a0 <\/span><br>Mais il y a des occasions : avec le compositeur Pablo Pico nous travaillons sur la s\u00e9rie \u00ab\u00a0La Cabane \u00e0 Histoires\u00a0\u00bb de C\u00e9lia Rivi\u00e8re qui nous donne beaucoup d\u2019autonomie.<span class=\"Apple-converted-space\">\u00a0<\/span><i><span class=\"Apple-converted-space\">\u00a0 \u00a0<\/span><\/i><\/p>\n\n\n<div class=\"wp-block-image\">\n<figure class=\"aligncenter\"><a href=\"https:\/\/lafilledecorinthe.com\/wordpress\/wp-content\/uploads\/2017\/06\/la-cabane-a\u0300-histoires-.jpg\"><img loading=\"lazy\" decoding=\"async\" width=\"680\" height=\"303\" src=\"https:\/\/lafilledecorinthe.com\/wordpress\/wp-content\/uploads\/2017\/06\/la-cabane-a\u0300-histoires--680x303.jpg\" alt=\"\u00ab\u00a0La Cabane \u00e0 Histoires\u00a0\u00bb de C\u00e9lia Rivi\u00e8re, 2016 \" class=\"wp-image-8218\" srcset=\"https:\/\/lafilledecorinthe.com\/wordpress\/wp-content\/uploads\/2017\/06\/la-cabane-a\u0300-histoires--680x303.jpg 680w, https:\/\/lafilledecorinthe.com\/wordpress\/wp-content\/uploads\/2017\/06\/la-cabane-a\u0300-histoires--500x223.jpg 500w, https:\/\/lafilledecorinthe.com\/wordpress\/wp-content\/uploads\/2017\/06\/la-cabane-a\u0300-histoires-.jpg 990w\" sizes=\"auto, (max-width: 680px) 100vw, 680px\" \/><\/a><figcaption class=\"wp-element-caption\">\u00ab\u00a0La Cabane \u00e0 Histoires\u00a0\u00bb de C\u00e9lia Rivi\u00e8re, 2016<\/figcaption><\/figure>\n<\/div>\n\n\n<p class=\"p1\"><span class=\"s1\">Nous partons des albums jeunesse pour faire une proposition musicale \u00e0 C\u00e9lia. La musique n\u2019est pas li\u00e9e au timing de la future image. La r\u00e9alisatrice s\u2019appuie sur elle pour<span class=\"Apple-converted-space\">&nbsp; <\/span>monter les \u00e9pisodes. C\u2019est<span class=\"Apple-converted-space\">&nbsp; <\/span>finalement assez proche de la d\u00e9marche qu\u2019avait d\u00e9velopp\u00e9e Disney : la musique \u00e9tait cr\u00e9\u00e9e en premier, les images anim\u00e9es dessus<i>.&nbsp;<\/i><\/span>J\u2019ai aussi eu l\u2019occasion d\u2019\u00e9crire un album instrumental ,\u00ab&nbsp;Miniatures&nbsp;\u00bb, qui propose aussi des musiques pr\u00e9existantes aux images, et qui sert pour des productions audiovisuelles.&nbsp;Et puis j\u2019ai d\u00e9j\u00e0 eu l\u2019occasion de composer pour la chanson, dans le droit fil de mes petites ritournelles, et j\u2019esp\u00e8re bien avoir l\u2019occasion de creuser un peu plus de ce c\u00f4t\u00e9 l\u00e0 !<\/p>\n","protected":false},"excerpt":{"rendered":"<p>Son nom appara\u00eet au g\u00e9n\u00e9rique de trois courts m\u00e9trages du programme \u00a0\u00bb Grand-Petit et petits-grands\u00a0\u00bb cr\u00e9\u00e9 pour le festival \u00ab\u00a0Image par Image\u00a0\u00bb du Val d&rsquo;Oise. Il ne m&rsquo;en fallait pas plus pour avoir envie de rencontrer cet homme-orchestre qui commence \u00e0 avoir une sacr\u00e9e r\u00e9putation dans le monde de l&rsquo;animation. Rendez-vous fut pris dans son&#8230;<\/p>\n","protected":false},"author":2,"featured_media":8223,"comment_status":"open","ping_status":"open","sticky":false,"template":"","format":"standard","meta":{"_kad_post_transparent":"","_kad_post_title":"","_kad_post_layout":"","_kad_post_sidebar_id":"","_kad_post_content_style":"","_kad_post_vertical_padding":"","_kad_post_feature":"","_kad_post_feature_position":"","_kad_post_header":false,"_kad_post_footer":false,"_kad_post_classname":"","footnotes":""},"categories":[259],"tags":[1435,307,1495,1509,1505,1510,1508,1500,1497,1512,1498,1494,1503,1501,1499,1507,1502,1511,1506,1504,1513,1496,1493],"class_list":["post-8212","post","type-post","status-publish","format-standard","has-post-thumbnail","hentry","category-rencontres","tag-grand-petit-et-petits-grands","tag-afca","tag-bandits-bandits","tag-cine-concert","tag-deux-amis","tag-en-sortant-de-lecole","tag-juan-pablo-zaramella","tag-julien-bisaro","tag-koln-concert","tag-la-cabane-a-histoires","tag-la-jalousie-du-musicien","tag-le-carnaval-des-animaux","tag-le-velo-de-lelephant","tag-les-talons-rouges","tag-lecole-de-la-poudriere","tag-lhomme-le-plus-petit-du-monde","tag-mal-de-terre","tag-mohamed-beyoud","tag-natalia-chernysheva","tag-olesya-shchukina","tag-pablo-pico","tag-titi-et-sylvestre-a-la-neige","tag-yan-volsy"],"_links":{"self":[{"href":"https:\/\/lafilledecorinthe.com\/wordpress\/wp-json\/wp\/v2\/posts\/8212","targetHints":{"allow":["GET"]}}],"collection":[{"href":"https:\/\/lafilledecorinthe.com\/wordpress\/wp-json\/wp\/v2\/posts"}],"about":[{"href":"https:\/\/lafilledecorinthe.com\/wordpress\/wp-json\/wp\/v2\/types\/post"}],"author":[{"embeddable":true,"href":"https:\/\/lafilledecorinthe.com\/wordpress\/wp-json\/wp\/v2\/users\/2"}],"replies":[{"embeddable":true,"href":"https:\/\/lafilledecorinthe.com\/wordpress\/wp-json\/wp\/v2\/comments?post=8212"}],"version-history":[{"count":12,"href":"https:\/\/lafilledecorinthe.com\/wordpress\/wp-json\/wp\/v2\/posts\/8212\/revisions"}],"predecessor-version":[{"id":15186,"href":"https:\/\/lafilledecorinthe.com\/wordpress\/wp-json\/wp\/v2\/posts\/8212\/revisions\/15186"}],"wp:featuredmedia":[{"embeddable":true,"href":"https:\/\/lafilledecorinthe.com\/wordpress\/wp-json\/wp\/v2\/media\/8223"}],"wp:attachment":[{"href":"https:\/\/lafilledecorinthe.com\/wordpress\/wp-json\/wp\/v2\/media?parent=8212"}],"wp:term":[{"taxonomy":"category","embeddable":true,"href":"https:\/\/lafilledecorinthe.com\/wordpress\/wp-json\/wp\/v2\/categories?post=8212"},{"taxonomy":"post_tag","embeddable":true,"href":"https:\/\/lafilledecorinthe.com\/wordpress\/wp-json\/wp\/v2\/tags?post=8212"}],"curies":[{"name":"wp","href":"https:\/\/api.w.org\/{rel}","templated":true}]}}