{"id":8196,"date":"2017-06-13T14:41:50","date_gmt":"2017-06-13T13:41:50","guid":{"rendered":"http:\/\/lafilledecorinthe.com\/wordpress\/?p=8196"},"modified":"2025-12-07T22:10:08","modified_gmt":"2025-12-07T21:10:08","slug":"atelier-enfances-au-cinema-initiation-a-la-critique-de-cinema-2","status":"publish","type":"post","link":"https:\/\/lafilledecorinthe.com\/wordpress\/2017\/06\/atelier-enfances-au-cinema-initiation-a-la-critique-de-cinema-2\/","title":{"rendered":"Atelier \u00ab\u00a0Enfances au cin\u00e9ma\u00a0\u00bb : initiation \u00e0 la critique de cin\u00e9ma (2)"},"content":{"rendered":"\n<p>Pour la deuxi\u00e8me ann\u00e9e cons\u00e9cutive, j&rsquo;ai eu la chance d&rsquo;animer avec des classes de cycle 3 une initiation \u00e0&nbsp;la critique de cin\u00e9ma dans le cadre des ateliers propos\u00e9s par&nbsp;<a href=\"http:\/\/www.enfancesaucinema.net\/\" target=\"_blank\" rel=\"noopener\"><em>Enfances au cin\u00e9ma<\/em><\/a>. J&rsquo;aime particuli\u00e8rement ces ateliers qui permettent de recueillir la parole des enfants sur leur pratique de cin\u00e9ma et sur les films qu&rsquo;ils aiment.<\/p>\n\n\n<div class=\"wp-block-image\">\n<figure class=\"aligncenter\"><a href=\"https:\/\/lafilledecorinthe.com\/wordpress\/wp-content\/uploads\/2017\/05\/Caroline.jpg\"><img loading=\"lazy\" decoding=\"async\" width=\"680\" height=\"511\" src=\"https:\/\/lafilledecorinthe.com\/wordpress\/wp-content\/uploads\/2017\/05\/Caroline-680x511.jpg\" alt=\"Classe de CM2 Paris 17\" class=\"wp-image-8199\" srcset=\"https:\/\/lafilledecorinthe.com\/wordpress\/wp-content\/uploads\/2017\/05\/Caroline-680x511.jpg 680w, https:\/\/lafilledecorinthe.com\/wordpress\/wp-content\/uploads\/2017\/05\/Caroline-1280x962.jpg 1280w, https:\/\/lafilledecorinthe.com\/wordpress\/wp-content\/uploads\/2017\/05\/Caroline-399x300.jpg 399w, https:\/\/lafilledecorinthe.com\/wordpress\/wp-content\/uploads\/2017\/05\/Caroline.jpg 1538w\" sizes=\"auto, (max-width: 680px) 100vw, 680px\" \/><\/a><figcaption class=\"wp-element-caption\">Les films qui ont le plus marqu\u00e9 les \u00e9l\u00e8ves\u00a0de la classe de CM2 de Caroline (Paris 17) Certains films ont \u00e9t\u00e9 choisis par plusieurs \u00e9l\u00e8ves.<\/figcaption><\/figure>\n<\/div>\n\n<div class=\"wp-block-image\">\n<figure class=\"aligncenter\"><a href=\"https:\/\/lafilledecorinthe.com\/wordpress\/wp-content\/uploads\/2017\/05\/Sophie.jpg\"><img loading=\"lazy\" decoding=\"async\" width=\"680\" height=\"510\" src=\"https:\/\/lafilledecorinthe.com\/wordpress\/wp-content\/uploads\/2017\/05\/Sophie-680x510.jpg\" alt=\"Les films qui ont le plus marqu\u00e9 les \u00e9l\u00e8ves de la classe de CM1\/CM2 de Sophie, Paris 9\" class=\"wp-image-8200\" srcset=\"https:\/\/lafilledecorinthe.com\/wordpress\/wp-content\/uploads\/2017\/05\/Sophie-680x510.jpg 680w, https:\/\/lafilledecorinthe.com\/wordpress\/wp-content\/uploads\/2017\/05\/Sophie-1280x961.jpg 1280w, https:\/\/lafilledecorinthe.com\/wordpress\/wp-content\/uploads\/2017\/05\/Sophie-400x300.jpg 400w, https:\/\/lafilledecorinthe.com\/wordpress\/wp-content\/uploads\/2017\/05\/Sophie.jpg 1532w\" sizes=\"auto, (max-width: 680px) 100vw, 680px\" \/><\/a><figcaption class=\"wp-element-caption\">Les films qui ont le plus marqu\u00e9 les \u00e9l\u00e8ves de la classe de CM1\/CM2 de Sophie, Paris 9 \u00a0Certains films ont \u00e9t\u00e9 choisis par plusieurs \u00e9l\u00e8ves.<\/figcaption><\/figure>\n<\/div>\n\n\n<p>Apr\u00e8s un&nbsp;premier \u00e9change, les enfants ont d\u00e9couvert dans le cadre du dispositif <em>Ecole et cin\u00e9ma <\/em>le film<a href=\"http:\/\/nanouk-ec.com\/enseignants\/les-films\/le-tableau\" target=\"_blank\" rel=\"noopener\"><em>&nbsp;Le tableau <\/em><\/a>de Jean-Fran\u00e7ois Laguionie. Je les ai retrouv\u00e9s apr\u00e8s la projection en salle pour \u00e9changer sur les sc\u00e8nes qui leur semblaient myst\u00e9rieuses. La pr\u00e9sence de la mort et la fin ouverte ont&nbsp;\u00e9t\u00e9 notamment l&rsquo;objet d&rsquo;interrogations de leur part.<\/p>\n\n\n<div class=\"wp-block-image\">\n<figure class=\"aligncenter\"><a href=\"https:\/\/lafilledecorinthe.com\/wordpress\/wp-content\/uploads\/2017\/06\/Lola.jpg\"><img loading=\"lazy\" decoding=\"async\" width=\"1280\" height=\"883\" src=\"https:\/\/lafilledecorinthe.com\/wordpress\/wp-content\/uploads\/2017\/06\/Lola-1280x883.jpg\" alt=\"Lola\" class=\"wp-image-8239\" srcset=\"https:\/\/lafilledecorinthe.com\/wordpress\/wp-content\/uploads\/2017\/06\/Lola-1280x883.jpg 1280w, https:\/\/lafilledecorinthe.com\/wordpress\/wp-content\/uploads\/2017\/06\/Lola-680x469.jpg 680w, https:\/\/lafilledecorinthe.com\/wordpress\/wp-content\/uploads\/2017\/06\/Lola-435x300.jpg 435w, https:\/\/lafilledecorinthe.com\/wordpress\/wp-content\/uploads\/2017\/06\/Lola.jpg 2005w\" sizes=\"auto, (max-width: 1280px) 100vw, 1280px\" \/><\/a><\/figure>\n<\/div>\n\n\n<p><\/p>\n\n\n\n<p>Nous avons vu aussi l&rsquo;extrait dans lequel le peintre de Venise enl\u00e8ve son masque pour r\u00e9v\u00e9ler un visage identique. Comment les enfants l&rsquo;interpr\u00e8tent-ils ? Cette sc\u00e8ne d\u00e9voile pour certains enfants le narcissisme du peintre. A l&rsquo;aide d&rsquo;un miroir, il a peint son propre visage sur un masque parce qu&rsquo;il se trouve beau. Pour d&rsquo;autres, cette sc\u00e8ne nous montre l&rsquo;humour du peintre, il veut jouer&nbsp;un bon tour \u00e0 ceux qui vont lui demander d&rsquo;enlever son masque. Pour d&rsquo;autres enfin, cette sc\u00e8ne montre l&rsquo;opposition du peintre aux r\u00e8gles du carnaval. Il d\u00e9tourne ainsi l&rsquo;obligation de porter un masque. Pour un enfant, c&rsquo;est une technique pour&nbsp;sid\u00e9rer son mod\u00e8le et pouvoir le peindre sans qu&rsquo;il bouge !<\/p>\n\n\n\n<p><strong><em>\u00ab\u00a0Une critique est un texte qui donne un jugement sur une oeuvre (livre, film, pi\u00e8ce de th\u00e9\u00e2tre), elle vise \u00e0 persuader ou \u00e0 dissuader le destinataire de s&rsquo;engager \u00e0 son tour dans la d\u00e9couverte de cette oeuvre.\u00a0\u00bb&nbsp;<\/em><\/strong><\/p>\n\n\n\n<p>Lesquelles allez-vous suivre ?<\/p>\n\n\n\n<p><em>Si vous adorez l&rsquo;action, l&rsquo;aventure et les tableaux, allez voir ce film. Vivez de tr\u00e8s pr\u00e8s le voyage de Ramo, Lola, Plume et Magenta \u00e0 travers plusieurs oeuvres. Une histoire g\u00e9niale qui raconte le rejet des Toupins envers les Pafinis et les Reufs. J&rsquo;ai ador\u00e9 ce film, allez le voir ! &nbsp; &nbsp; &nbsp; &nbsp; &nbsp; &nbsp; &nbsp; &nbsp; &nbsp; &nbsp; &nbsp; &nbsp; &nbsp; &nbsp; &nbsp; &nbsp; &nbsp; &nbsp; &nbsp; &nbsp; &nbsp; &nbsp; &nbsp; &nbsp; &nbsp; &nbsp; &nbsp; &nbsp; &nbsp; &nbsp; &nbsp; &nbsp; &nbsp; &nbsp; &nbsp; &nbsp; &nbsp; &nbsp; &nbsp; &nbsp; &nbsp; &nbsp;<\/em>&nbsp;Armand, 10 ans &nbsp; &nbsp; &nbsp; &nbsp; &nbsp; &nbsp; &nbsp; &nbsp; &nbsp; &nbsp; &nbsp; &nbsp; &nbsp; &nbsp; &nbsp; &nbsp; &nbsp; &nbsp; &nbsp; &nbsp; &nbsp; &nbsp; &nbsp; &nbsp; &nbsp; &nbsp; &nbsp; &nbsp; &nbsp; &nbsp; &nbsp; &nbsp; &nbsp; &nbsp; &nbsp; &nbsp; &nbsp; &nbsp; &nbsp; &nbsp; &nbsp; &nbsp; &nbsp; &nbsp; &nbsp; &nbsp; &nbsp; &nbsp; &nbsp; &nbsp; &nbsp; &nbsp; &nbsp; &nbsp; &nbsp; &nbsp; &nbsp; &nbsp; &nbsp; &nbsp; &nbsp; &nbsp; &nbsp; &nbsp; &nbsp; &nbsp; &nbsp; &nbsp; &nbsp; &nbsp; &nbsp; &nbsp; &nbsp; &nbsp; &nbsp; &nbsp; &nbsp; &nbsp; &nbsp;&nbsp;<em>Ce film m&rsquo;a beaucoup plu car l&rsquo;histoire tr\u00e8s profonde fait passer beaucoup de messages. Il se passe dans un tableau o\u00f9 il y a des diff\u00e9rences sociales entres les personnages : les Toupins (les personnages finis), les Pafinis (ceux pas enti\u00e8rement peints) et les Reufs (les croquis). Les Toupins se croient au-dessus des autres et cela cr\u00e9\u00e9 des tensions. Je trouve que ce fait ou encore &nbsp;que l&rsquo;on condamne les personnes en les peignant tout en noir, ce qui fait que l&rsquo;on perd toutes caract\u00e9ristiques, toutes identit\u00e9s, est une bonne fa\u00e7on d&rsquo;exprimer ce qui se passe aujourd&rsquo;hui. Le fait qu&rsquo;un&nbsp;Toupin, une&nbsp;Pafini et un Reuf s&rsquo;unissent pour abolir leurs diff\u00e9rences prouve que pas tout le monde reste indiff\u00e9rent (m\u00eame les plus hauts plac\u00e9s). Ce petit groupe partira \u00e0 la recherche du peintre pour qu&rsquo;il les finisse. Au cours de ce voyage, ils feront beaucoup de rencontres. J&rsquo;ai beaucoup aim\u00e9 cette fin \u00e9nigmatique o\u00f9 la Pafini part d\u00e9couvrir le monde, elle laisse libre court \u00e0 notre imagination. Je trouve que ce film est tr\u00e8s riche en \u00e9motion et cr\u00e9e une tr\u00e8s belle amiti\u00e9 entre le Toupin, la Pafini et le Reuf. &nbsp; &nbsp; &nbsp; &nbsp; &nbsp; &nbsp; &nbsp; &nbsp; &nbsp; &nbsp; &nbsp; &nbsp; &nbsp; &nbsp; &nbsp; &nbsp; &nbsp; &nbsp; &nbsp; &nbsp; &nbsp; &nbsp; &nbsp; &nbsp; &nbsp; &nbsp;<\/em> Rebecca, 11 ans<\/p>\n\n\n\n<p><em>Ce film est un film d&rsquo;animation. Il y a trois cat\u00e9gories de personnages&nbsp;(les&nbsp;Toupins, les Pafinis et les Reufs). J&rsquo;aime bien l&rsquo;id\u00e9e que les personnages peuvent se promener de tableau en tableau. L&rsquo;histoire parle des Finis qui pensent \u00eatre sup\u00e9rieurs aux autres. Dans les Finis, il y a un &nbsp;gar\u00e7on, Ramo, qui est amoureux d&rsquo;une Pafini. Comme les Finis chassent les Pafinis, ils ne peuvent d\u00e9voiler leur amour. Alors ils vont chercher le peintre&#8230;<\/em>&nbsp; &nbsp; &nbsp; &nbsp; &nbsp; &nbsp; &nbsp; &nbsp; &nbsp; &nbsp; &nbsp; &nbsp; &nbsp; &nbsp; &nbsp; &nbsp; &nbsp; &nbsp; &nbsp; &nbsp; &nbsp; &nbsp; &nbsp; &nbsp; &nbsp; &nbsp; &nbsp; &nbsp; &nbsp; &nbsp; &nbsp; &nbsp; &nbsp; &nbsp; &nbsp; &nbsp; &nbsp; &nbsp; &nbsp; &nbsp; &nbsp; &nbsp; &nbsp; &nbsp; &nbsp; &nbsp; &nbsp; &nbsp; &nbsp; &nbsp; &nbsp; &nbsp; &nbsp; &nbsp; &nbsp; &nbsp; &nbsp; Victor, 10 ans<\/p>\n\n\n\n<p><em>J&rsquo;ai ador\u00e9 ce film car il y avait de l&rsquo;aventure et du suspens. J&rsquo;ai aim\u00e9 les personnages surtout Plume et Gomme car leur apparence \u00e9tait dr\u00f4le. J&rsquo;ai aussi aim\u00e9 Magenta car il n&rsquo;aime pas la guerre comme moi&#8230; J&rsquo;ai trouv\u00e9 \u00e9trange que les plantes carnivores ne les mangent pas quand ils p\u00e9n\u00e8trent dans la grande for\u00eat&#8230; &nbsp; &nbsp; &nbsp;<\/em> &nbsp; &nbsp; &nbsp; &nbsp; &nbsp; &nbsp; &nbsp; &nbsp; Louka, 10 ans<\/p>\n\n\n<div class=\"wp-block-image\">\n<figure class=\"aligncenter\"><a href=\"https:\/\/lafilledecorinthe.com\/wordpress\/wp-content\/uploads\/2017\/06\/7_fleurs.jpg\"><img loading=\"lazy\" decoding=\"async\" width=\"1023\" height=\"575\" src=\"https:\/\/lafilledecorinthe.com\/wordpress\/wp-content\/uploads\/2017\/06\/7_fleurs.jpg\" alt=\"7_fleurs\" class=\"wp-image-8240\" srcset=\"https:\/\/lafilledecorinthe.com\/wordpress\/wp-content\/uploads\/2017\/06\/7_fleurs.jpg 1023w, https:\/\/lafilledecorinthe.com\/wordpress\/wp-content\/uploads\/2017\/06\/7_fleurs-680x382.jpg 680w, https:\/\/lafilledecorinthe.com\/wordpress\/wp-content\/uploads\/2017\/06\/7_fleurs-500x281.jpg 500w\" sizes=\"auto, (max-width: 1023px) 100vw, 1023px\" \/><\/a><\/figure>\n<\/div>\n\n\n<p><\/p>\n\n\n\n<p><em>J&rsquo;ai moyennement aim\u00e9 ce film. Il y avait de l&rsquo;aventure, de la joie et de l&rsquo;action. Les personnages \u00e9taient plut\u00f4t attachants, ils \u00e9taient chaleureux. Le dictateur et les Toupins (sauf Ramo) \u00e9taient \u00e9go\u00efstes. Les dessins \u00e9taient assez beaux (sauf les Reufs). Il n&rsquo;y avait pas beaucoup de musique. &nbsp;<\/em>&nbsp; &nbsp; &nbsp; &nbsp; &nbsp; &nbsp; &nbsp; &nbsp; &nbsp; &nbsp; &nbsp; &nbsp; &nbsp; &nbsp; &nbsp; &nbsp; &nbsp; &nbsp; &nbsp; &nbsp; &nbsp; &nbsp; &nbsp; &nbsp; &nbsp; &nbsp; &nbsp; &nbsp; &nbsp; &nbsp; &nbsp; &nbsp; &nbsp; Julia, 10 ans<\/p>\n\n\n\n<p><em>Le Tableau parle des diff\u00e9rences entre trois sortes de personnages : les Toupins, les Pafinis et les Reufs. Quelques-uns des&nbsp;personnages de ce film vont de tableau en tableau pour trouver le peintre qui les a faits. Ces habitants esp\u00e8rent que le peintre va terminer les personnages et mettre fin \u00e0 leur diff\u00e9rence. La fin est tr\u00e8s ouverte, le spectateur peut imaginer la suite de l&rsquo;aventure de Lola. Je n&rsquo;aime pas trop les films qui se terminent comme \u00e7a mais l&rsquo;histoire est bien. Ce que j&rsquo;ai le plus aim\u00e9 c&rsquo;est l&rsquo;h\u00e9ro\u00efne de l&rsquo;histoire, Lola, qui va dans un tableau de guerre et ram\u00e8ne un gar\u00e7on qui en a assez de cette guerre. Je vous conseille ce film. &nbsp;<\/em> &nbsp; &nbsp; &nbsp; &nbsp; &nbsp; &nbsp; &nbsp; &nbsp; &nbsp; &nbsp; &nbsp; &nbsp; &nbsp; &nbsp; &nbsp; &nbsp; &nbsp; &nbsp; &nbsp; &nbsp; &nbsp; &nbsp; &nbsp; &nbsp; &nbsp; &nbsp; &nbsp; &nbsp; &nbsp; &nbsp; &nbsp; &nbsp; &nbsp; &nbsp; &nbsp; &nbsp; &nbsp;Camille 10 ans<\/p>\n\n\n<div class=\"wp-block-image\">\n<figure class=\"aligncenter\"><a href=\"https:\/\/lafilledecorinthe.com\/wordpress\/wp-content\/uploads\/2017\/06\/15_Magentas.jpg\"><img loading=\"lazy\" decoding=\"async\" width=\"971\" height=\"546\" src=\"https:\/\/lafilledecorinthe.com\/wordpress\/wp-content\/uploads\/2017\/06\/15_Magentas.jpg\" alt=\"15_Magentas\" class=\"wp-image-8241\" srcset=\"https:\/\/lafilledecorinthe.com\/wordpress\/wp-content\/uploads\/2017\/06\/15_Magentas.jpg 971w, https:\/\/lafilledecorinthe.com\/wordpress\/wp-content\/uploads\/2017\/06\/15_Magentas-680x382.jpg 680w, https:\/\/lafilledecorinthe.com\/wordpress\/wp-content\/uploads\/2017\/06\/15_Magentas-500x281.jpg 500w\" sizes=\"auto, (max-width: 971px) 100vw, 971px\" \/><\/a><\/figure>\n<\/div>\n\n\n<p><\/p>\n\n\n\n<p><em>J&rsquo;ai moyennement aim\u00e9 le film.&nbsp;Les dessins sont beaux mais je n&rsquo;aime pas le th\u00e8me de la peinture. L&rsquo;histoire est int\u00e9ressante et de voir diff\u00e9rents tableaux, c&rsquo;est culturel. J&rsquo;ai aim\u00e9 la musique qui est douce et m\u00e9lancolique. Par contre, je n&rsquo;aime pas beaucoup les films d&rsquo;animation, je pr\u00e9f\u00e8re voir de vrais acteurs. &nbsp;<\/em> &nbsp; &nbsp; &nbsp; &nbsp; &nbsp; &nbsp; &nbsp; &nbsp; &nbsp; &nbsp; &nbsp; &nbsp; &nbsp; &nbsp; &nbsp; &nbsp; &nbsp; &nbsp; &nbsp; Jenaye, 11 ans<\/p>\n\n\n\n<p><em>J&rsquo;ai bien aim\u00e9 ce film, le th\u00e8me est bien trouv\u00e9. Gomme est un personnage attachant car il tient vraiment \u00e0 Plume. J&rsquo;aime aussi beaucoup Lola car elle essaie toujours de trouver une solution aux probl\u00e8mes. Je trouve que c&rsquo;est injuste que les Reufs et les Pafinis ne soient pas accept\u00e9s par les Toupins. J&rsquo;ai bien aim\u00e9 ce film plein de couleurs.<\/em> &nbsp; &nbsp; &nbsp; &nbsp; &nbsp; Ana\u00eb, 10 ans<\/p>\n\n\n<div class=\"wp-block-image\">\n<figure class=\"aligncenter\"><a href=\"https:\/\/lafilledecorinthe.com\/wordpress\/wp-content\/uploads\/2017\/06\/26_Plume_et_Gomme.jpg\"><img loading=\"lazy\" decoding=\"async\" width=\"1023\" height=\"577\" src=\"https:\/\/lafilledecorinthe.com\/wordpress\/wp-content\/uploads\/2017\/06\/26_Plume_et_Gomme.jpg\" alt=\"26_Plume_et_Gomme\" class=\"wp-image-8242\" srcset=\"https:\/\/lafilledecorinthe.com\/wordpress\/wp-content\/uploads\/2017\/06\/26_Plume_et_Gomme.jpg 1023w, https:\/\/lafilledecorinthe.com\/wordpress\/wp-content\/uploads\/2017\/06\/26_Plume_et_Gomme-680x384.jpg 680w, https:\/\/lafilledecorinthe.com\/wordpress\/wp-content\/uploads\/2017\/06\/26_Plume_et_Gomme-500x282.jpg 500w\" sizes=\"auto, (max-width: 1023px) 100vw, 1023px\" \/><\/a><\/figure>\n<\/div>\n\n\n<p><\/p>\n\n\n\n<p><em>J&rsquo;ai aim\u00e9 ce film car il y a de l&rsquo;aventure et du suspens. Les personnages sont bien jou\u00e9s. J&rsquo;ai surtout aim\u00e9 Gomme et Plume, ils sont amusants et ont des id\u00e9es bizarres derri\u00e8re la t\u00eate, pr exemple&nbsp;quand ils trouvent de la peinture, ils se mettent toutes les couleurs. La musique est bien adapt\u00e9e aux images. J&rsquo;ai trouv\u00e9 que \u00e7a n&rsquo;\u00e9tait pas juste que les Reufs et les Pafinis n&rsquo;aient pas le droit d&rsquo;aller au ch\u00e2teau. \u00c7a ne se fait pas non plus que les Toupins aient le droit d&rsquo;\u00e9craser les Reufs. J&rsquo;ai ador\u00e9 la mort avec sa faux et son animal dragon. J&rsquo;ai \u00e9t\u00e9 surpris que les plantes carnivores ne les mangent pas. Magenta parle bizarrement, c&rsquo;est dr\u00f4le. &nbsp;<\/em> &nbsp; &nbsp; &nbsp; &nbsp; &nbsp; &nbsp; &nbsp; &nbsp; &nbsp; &nbsp; &nbsp; &nbsp; &nbsp; &nbsp; &nbsp; &nbsp; &nbsp; &nbsp; &nbsp; &nbsp; &nbsp; &nbsp; &nbsp; &nbsp; &nbsp; &nbsp; &nbsp; &nbsp; &nbsp; &nbsp; &nbsp; &nbsp; &nbsp; &nbsp; &nbsp; &nbsp; Camille, 11 ans<\/p>\n\n\n\n<p><em>J&rsquo;ai aim\u00e9 ce film car il y a beaucoup de couleurs, beaucoup de musique et les \u00e9motions sautent dans tous les sens. Parfois c&rsquo;est triste, parfois c&rsquo;est joyeux et le film peut faire peur aussi. Mais ce que j&rsquo;ai aim\u00e9 par dessus tout, c&rsquo;est le fait que les personnages passent de tableau en tableau. Ils nous font d\u00e9couvrir de nouveaux horizons.<\/em> &nbsp; &nbsp; &nbsp; &nbsp; &nbsp; &nbsp;Marcos, 10 ans<\/p>\n\n\n\n<p><em>Je n&rsquo;ai pas aim\u00e9 ce film car des personnes qui sortent d&rsquo;un tableau, ce n&rsquo;est pas tr\u00e8s captivant. Je trouve cela trop imaginaire.<\/em> &nbsp; &nbsp; &nbsp; &nbsp; &nbsp; &nbsp; &nbsp; &nbsp; &nbsp; &nbsp; &nbsp; &nbsp; &nbsp; &nbsp; &nbsp; &nbsp; &nbsp; &nbsp; &nbsp; &nbsp; &nbsp;Gabriel, 10 ans<\/p>\n\n\n\n<p><em>Ce film est g\u00e9nial. Il y a des personnages en couleur qui ressemblent \u00e0 des marionnettes&#8230; A un moment j&rsquo;ai eu peur, quand ils ont travers\u00e9 la for\u00eat interdite compos\u00e9e d&rsquo;algues et d&rsquo;\u00e9normes plantes carnivores. A ce moment-l\u00e0, j&rsquo;ai ferm\u00e9 mes yeux, je me suis plong\u00e9 au fond du fauteuil et je me disais \u00ab\u00a0ils vont la passer ou pas ?\u00a0\u00bb. J&rsquo;ai rigol\u00e9 par contre quand le peintre enl\u00e8ve son masque et que son visage est le m\u00eame. C&rsquo;est un film d&rsquo;aventure avec du fantastique. &nbsp;<\/em> &nbsp; &nbsp; &nbsp; &nbsp; &nbsp; &nbsp; &nbsp; &nbsp; &nbsp; &nbsp; &nbsp; &nbsp; &nbsp; &nbsp; &nbsp; &nbsp; &nbsp; &nbsp; &nbsp; &nbsp; &nbsp; &nbsp; &nbsp; &nbsp; &nbsp; &nbsp; &nbsp; &nbsp; &nbsp; &nbsp; &nbsp; &nbsp; &nbsp; &nbsp; &nbsp; &nbsp; &nbsp; &nbsp; Michal, 10 ans<\/p>\n\n\n<div class=\"wp-block-image\">\n<figure class=\"aligncenter\"><a href=\"https:\/\/lafilledecorinthe.com\/wordpress\/wp-content\/uploads\/2017\/05\/Alors_enlevez-le_votre_masque.jpg\"><img loading=\"lazy\" decoding=\"async\" width=\"1022\" height=\"578\" src=\"https:\/\/lafilledecorinthe.com\/wordpress\/wp-content\/uploads\/2017\/05\/Alors_enlevez-le_votre_masque.jpg\" alt=\"Pourquoi le masque du peintre est-il identique \u00e0 son visage ?\" class=\"wp-image-8204\" srcset=\"https:\/\/lafilledecorinthe.com\/wordpress\/wp-content\/uploads\/2017\/05\/Alors_enlevez-le_votre_masque.jpg 1022w, https:\/\/lafilledecorinthe.com\/wordpress\/wp-content\/uploads\/2017\/05\/Alors_enlevez-le_votre_masque-680x385.jpg 680w, https:\/\/lafilledecorinthe.com\/wordpress\/wp-content\/uploads\/2017\/05\/Alors_enlevez-le_votre_masque-500x283.jpg 500w\" sizes=\"auto, (max-width: 1022px) 100vw, 1022px\" \/><\/a><figcaption class=\"wp-element-caption\">Pourquoi le masque du peintre est-il identique \u00e0 son visage ?<\/figcaption><\/figure>\n<\/div>\n\n\n<p><em>Imaginez que vous \u00eates une personne qui vit dans un tableau et que vous partez \u00e0 la recherche du peintre pour qu&rsquo;il vous finisse. J&rsquo;ai ador\u00e9 ce film parce que vous vivez des aventures en tant que spectateurs. Il est g\u00e9nial parce que les personnages se battent contre le racisme. Dans la vraie vie et m\u00eame dans les films tout le monde doit \u00eatre libre d&rsquo;\u00eatre&nbsp;ce qu&rsquo;il est. Allez voir ce film !<\/em>&nbsp; &nbsp; &nbsp; &nbsp; &nbsp; &nbsp; &nbsp; &nbsp; &nbsp; &nbsp; &nbsp; &nbsp; &nbsp; &nbsp; &nbsp; &nbsp; &nbsp; &nbsp; &nbsp; &nbsp; &nbsp; &nbsp; &nbsp; &nbsp; &nbsp; &nbsp; &nbsp; &nbsp; &nbsp; Rapha\u00ebl, 10 ans<\/p>\n\n\n\n<p><em>Pour ceux qui aiment les films d&rsquo;action je ne recommande pas ce film. Mais pour ceux qui aiment bien les dessins, il peut leur plaire. Il est fait avec de la peinture. C&rsquo;est un film \u00e0 voir en famille. Il n&rsquo;est pas non plus \u00e0 recommander pour les gens choqu\u00e9s par des femmes nues&#8230; &nbsp;<\/em> &nbsp; &nbsp; &nbsp; &nbsp; &nbsp; &nbsp; &nbsp; &nbsp; &nbsp; &nbsp; &nbsp; &nbsp; &nbsp; &nbsp; &nbsp; &nbsp; &nbsp; &nbsp; &nbsp; &nbsp; &nbsp; &nbsp; &nbsp; &nbsp; &nbsp; &nbsp; &nbsp; &nbsp; &nbsp; &nbsp; &nbsp; &nbsp; &nbsp; &nbsp; &nbsp; &nbsp; &nbsp; &nbsp; &nbsp; &nbsp; &nbsp; &nbsp; &nbsp; &nbsp; &nbsp; &nbsp; &nbsp; &nbsp;Rapha\u00ebl, 10 ans<\/p>\n\n\n<div class=\"wp-block-image\">\n<figure class=\"aligncenter\"><a href=\"https:\/\/lafilledecorinthe.com\/wordpress\/wp-content\/uploads\/2017\/06\/55_discussion_Garance_Lola.jpg\"><img loading=\"lazy\" decoding=\"async\" width=\"1023\" height=\"577\" src=\"https:\/\/lafilledecorinthe.com\/wordpress\/wp-content\/uploads\/2017\/06\/55_discussion_Garance_Lola.jpg\" alt=\"55_discussion_Garance_Lola\" class=\"wp-image-8243\" srcset=\"https:\/\/lafilledecorinthe.com\/wordpress\/wp-content\/uploads\/2017\/06\/55_discussion_Garance_Lola.jpg 1023w, https:\/\/lafilledecorinthe.com\/wordpress\/wp-content\/uploads\/2017\/06\/55_discussion_Garance_Lola-680x384.jpg 680w, https:\/\/lafilledecorinthe.com\/wordpress\/wp-content\/uploads\/2017\/06\/55_discussion_Garance_Lola-500x282.jpg 500w\" sizes=\"auto, (max-width: 1023px) 100vw, 1023px\" \/><\/a><\/figure>\n<\/div>\n\n\n<p><\/p>\n\n\n\n<p><em>Ce qui m&rsquo;a int\u00e9ress\u00e9 dans ce film c&rsquo;est l&rsquo;amiti\u00e9 et l&rsquo;amour entre certains personnages du tableau. Particuli\u00e8rement l&rsquo;histoire d&rsquo;amour entre une Pafini et un Fini qui est plus forte que tous les soucis qu&rsquo;ils traversent. J&rsquo;ai bien aim\u00e9 aussi la musique car je trouve qu&rsquo;elle va bien avec l&rsquo;instant pr\u00e9sent du film. Ce qui m&rsquo;a plu aussi est que Lola, l&rsquo;h\u00e9ro\u00efne du film va tout faire pour rencontrer le peintre qui doit finir les personnages afin que les moqueries s&rsquo;arr\u00eatent.&nbsp; &nbsp; &nbsp; &nbsp; &nbsp; &nbsp; &nbsp; &nbsp; &nbsp; &nbsp; &nbsp; &nbsp; &nbsp; &nbsp; &nbsp; &nbsp; &nbsp; &nbsp; &nbsp; &nbsp; &nbsp; &nbsp; &nbsp; &nbsp; &nbsp; &nbsp; &nbsp; &nbsp; &nbsp; &nbsp; &nbsp; &nbsp; &nbsp; &nbsp; &nbsp; &nbsp; &nbsp; &nbsp; &nbsp; &nbsp; &nbsp; &nbsp; &nbsp; &nbsp;&nbsp;Anastazia, 10 ans<\/em><\/p>\n\n\n\n<p><em>&#8230; Mon moment pr\u00e9f\u00e9r\u00e9 est quand \u00ab\u00a0la peinture du peintre\u00a0\u00bb (l&rsquo;autoportrait) a donn\u00e9 des couleurs \u00e0 Ramo, Lola, Gomme et Plume. Mon moment \u00ab\u00a0d\u00e9test\u00e9\u00a0\u00bb c&rsquo;est quand le diable voulait prendre le sac de Plume. Je n&rsquo;aime pas beaucoup les films d&rsquo;animation et je n&rsquo;aime pas peindre. Donc je n&rsquo;ai pas trop aim\u00e9 ce film. (Et je n&rsquo;aime pas l&rsquo;injustice, quand les Toupins maltraitent les Pafinis et les Reufs.) &nbsp; &nbsp; &nbsp; &nbsp; &nbsp; &nbsp; &nbsp; &nbsp; &nbsp; &nbsp; &nbsp; &nbsp; &nbsp; &nbsp; &nbsp; &nbsp; &nbsp; &nbsp; &nbsp;<\/em>Louise, 9 ans<\/p>\n\n\n\n<p><em>J&rsquo;ai beaucoup aim\u00e9 ce film qui est triste et percutant. Il contient beaucoup de messages. J&rsquo;ai ador\u00e9 les cat\u00e9gories diff\u00e9rentes de personnages : les Toupins (les dessins achev\u00e9s), les Pafinis (les dessins inachev\u00e9s) et les Reufs (les croquis). Ils me rappellent le Moyen-\u00c2ge avec les nobles, les paysans et les vagabonds. J&rsquo;ai moins aim\u00e9 le th\u00e8me de la mort. L&rsquo;atelier du peintre ne m&rsquo;a pas plu non plus, il \u00e9tait ignoble mais \u00e0 part ces petits d\u00e9tails j&rsquo;ai ador\u00e9 ce film et si jamais vous avez la chance de le voir, regardez-le !<\/em> &nbsp; &nbsp; &nbsp; Axel 10 ans<\/p>\n\n\n<div class=\"wp-block-image\">\n<figure class=\"aligncenter\"><a href=\"https:\/\/lafilledecorinthe.com\/wordpress\/wp-content\/uploads\/2017\/06\/40_la_mort.jpg\"><img loading=\"lazy\" decoding=\"async\" width=\"1024\" height=\"575\" src=\"https:\/\/lafilledecorinthe.com\/wordpress\/wp-content\/uploads\/2017\/06\/40_la_mort.jpg\" alt=\"40_la_mort\" class=\"wp-image-8247\" srcset=\"https:\/\/lafilledecorinthe.com\/wordpress\/wp-content\/uploads\/2017\/06\/40_la_mort.jpg 1024w, https:\/\/lafilledecorinthe.com\/wordpress\/wp-content\/uploads\/2017\/06\/40_la_mort-680x382.jpg 680w, https:\/\/lafilledecorinthe.com\/wordpress\/wp-content\/uploads\/2017\/06\/40_la_mort-500x281.jpg 500w\" sizes=\"auto, (max-width: 1024px) 100vw, 1024px\" \/><\/a><\/figure>\n<\/div>\n\n\n<p><\/p>\n\n\n\n<p><em>J&rsquo;ai bien aim\u00e9 ce film. J&rsquo;aime le cot\u00e9 enqu\u00eate quand les personnages vont \u00e0 la recherche du peintre. Ce film est tr\u00e8s int\u00e9ressant , on passe d&rsquo;un mode \u00e0 l&rsquo;autre. Je trouve injuste que les Toupins aient plus de pouvoir que les Reufs et les Pafinis. Aussi, c&rsquo;est injuste que Claire et Ramo ne puissent pas \u00eatre ensemble.<\/em> &nbsp; &nbsp; &nbsp; &nbsp; &nbsp; &nbsp; &nbsp; &nbsp; &nbsp; &nbsp; &nbsp; &nbsp; &nbsp; &nbsp; &nbsp; &nbsp; &nbsp; &nbsp; Isis, 10 ans<\/p>\n\n\n\n<p><em>&nbsp;J&rsquo;ai beaucoup aim\u00e9 ce film car on ressent les \u00e9motions des personnages : la joie de pouvoir se peindre, la tristesse du Reuf tout \u00e9crabouill\u00e9 ou la peur du faucheur (la mort). Quand les trois h\u00e9ros&nbsp;partent explorer la for\u00eat maudite, ils pensent qu&rsquo;ils vont se faire d\u00e9vorer alors on a peur pour eux mais en fait on d\u00e9couvre un joli paysage et cela m&rsquo;a soulag\u00e9. Ils font face aux pires dangers et on oublie qu&rsquo;ils sont diff\u00e9rents : Toupins, Pafinis ou Reufs. &nbsp;<\/em> &nbsp; &nbsp; &nbsp; &nbsp; &nbsp; &nbsp; &nbsp; &nbsp; &nbsp; &nbsp; &nbsp; &nbsp; &nbsp; &nbsp; &nbsp; &nbsp; &nbsp; &nbsp; &nbsp; &nbsp; &nbsp; &nbsp; &nbsp; &nbsp; &nbsp; &nbsp; &nbsp; &nbsp; &nbsp; &nbsp; &nbsp; &nbsp; &nbsp; &nbsp; &nbsp; &nbsp; &nbsp; &nbsp; &nbsp; &nbsp; &nbsp; &nbsp; &nbsp; Louise, 11 ans<\/p>\n\n\n\n<p><em>Ce film est un voyage \u00e0 travers l&rsquo;art, les couleurs et les diff\u00e9rentes fa\u00e7ons de peindre. De la guerre au carnaval de Venise, vous allez \u00eatre surpris ! Ce qui m&rsquo;a beaucoup plu c&rsquo;est le voyage de Ramo, Lola et Gomme \u00e0 travers les tableaux, \u00e0 la recherche du peintre.<\/em> &nbsp; &nbsp; &nbsp; &nbsp; &nbsp; &nbsp; &nbsp; &nbsp; &nbsp; &nbsp; &nbsp; &nbsp; &nbsp; &nbsp; &nbsp; &nbsp; &nbsp; &nbsp; &nbsp; &nbsp; &nbsp; &nbsp; &nbsp; &nbsp; &nbsp; &nbsp; &nbsp; &nbsp; &nbsp; &nbsp; &nbsp; &nbsp; &nbsp; &nbsp; &nbsp; &nbsp; &nbsp; &nbsp; &nbsp; &nbsp; &nbsp; &nbsp; &nbsp; &nbsp; &nbsp; &nbsp; &nbsp; &nbsp; &nbsp; &nbsp; &nbsp; &nbsp; &nbsp; &nbsp; &nbsp; &nbsp; &nbsp; &nbsp; &nbsp; &nbsp; &nbsp; &nbsp; Marius, 10 ans<\/p>\n\n\n\n<p><em>J&rsquo;ai bien aim\u00e9 ce film car il y a de l&rsquo;aventure. Il est tr\u00e8s bien dessin\u00e9. L&rsquo;histoire est originale et claire. Ramo est un peu celui qui commande, Lola est la courageuse qui n&rsquo;ob\u00e9it pas aux r\u00e8gles. Au d\u00e9but, je pensais qu&rsquo;une humaine \u00e9tait projet\u00e9e dans un tableau. Les Reufs sont les clandestins, les Pafinis sont les rejet\u00e9s et les Toupins sont les ma\u00eetres, les plus puissants. Lorsqu&rsquo;\u00e0 la fin les Pafinis se peignent, j&rsquo;ai pens\u00e9 \u00e0 l&rsquo;art de Pablo Picasso. &nbsp;<\/em> &nbsp; &nbsp; &nbsp; &nbsp; &nbsp; &nbsp; &nbsp; &nbsp; &nbsp; &nbsp; &nbsp; &nbsp; &nbsp; &nbsp; &nbsp; &nbsp; &nbsp; &nbsp; &nbsp; &nbsp; &nbsp; &nbsp; &nbsp; &nbsp; &nbsp; &nbsp; &nbsp; &nbsp; &nbsp; &nbsp; &nbsp; &nbsp; &nbsp; &nbsp; &nbsp; &nbsp; &nbsp; &nbsp; &nbsp; &nbsp; &nbsp; &nbsp; &nbsp; &nbsp; &nbsp; &nbsp; &nbsp; &nbsp; &nbsp; &nbsp; &nbsp; &nbsp; &nbsp; &nbsp; &nbsp; &nbsp; &nbsp; &nbsp; &nbsp; &nbsp; &nbsp; &nbsp;Gabriel 10 ans<\/p>\n\n\n\n<p><em>&nbsp;Dans ce film, on explique les diff\u00e9rences entre les personnages d&rsquo;un tableau. Ils partent \u00e0 la recherche de leur peintre. Le personnage de Lola est tr\u00e8s important dans cette histoire. Elle saute de tableau en tableau. C&rsquo;est un film d&rsquo;amiti\u00e9 et d&rsquo;amour. Les personnages ont de nombreux soucis li\u00e9s \u00e0 leurs diff\u00e9rences. Personnellement j&rsquo;ai beaucoup aim\u00e9 ce film qui a beaucoup d&rsquo;\u00e9motions.<\/em> &nbsp; &nbsp; &nbsp; &nbsp; &nbsp; &nbsp; &nbsp; &nbsp; &nbsp; &nbsp; &nbsp; &nbsp; &nbsp; &nbsp; &nbsp; &nbsp; &nbsp; &nbsp; &nbsp; &nbsp; &nbsp; &nbsp; &nbsp; &nbsp; &nbsp; &nbsp; &nbsp; &nbsp; &nbsp; &nbsp; &nbsp; &nbsp;Lou-Ann, 10 ans<\/p>\n\n\n\n<p><em>Ce film est tr\u00e8s bien. Au d\u00e9but on montre l&rsquo;injustice des Toupins envers les Reufs et les Pafinis. C&rsquo;est dur&nbsp;! Pour moi, tout le monde est \u00e9gaux. Les personnages sont tr\u00e8s bien dessin\u00e9s, le dessinateur a d\u00fb travailler tr\u00e8s longtemps.<\/em> &nbsp; &nbsp; &nbsp; &nbsp; &nbsp; &nbsp; &nbsp; &nbsp; &nbsp; &nbsp; &nbsp; &nbsp; &nbsp; &nbsp; Lilou, 10 ans<\/p>\n\n\n\n<p><em>J&rsquo;ai aim\u00e9 car c&rsquo;est une histoire d&rsquo;amiti\u00e9, d&rsquo;aventure et d&rsquo;amour. Le style de dessin est bien. Les tableaux sont vivants. On peut se raconter la suite. J&rsquo;ai ador\u00e9 les personnages de cat\u00e9gories diff\u00e9rentes :&nbsp;Toupins, Pafinis et&nbsp;Reufs. J&rsquo;ai bien aim\u00e9 le th\u00e8me de la mort. La musique qui accompagne est douce et lente, elle me pla\u00eet. &nbsp;<\/em>&nbsp; &nbsp; &nbsp; &nbsp; &nbsp; &nbsp; &nbsp; &nbsp; Maxence, 10 ans<\/p>\n\n\n\n<p><em>Ce film de Jean-Fran\u00e7ois Laguionie ne m&rsquo;a pas vraiment plu. Je n&rsquo;ai pas aim\u00e9 le m\u00e9pris que portaient les Toupins pour les Reufs et les Pafinis. Ces derniers se cachaient des Toupins. Je trouve qu&rsquo;ils n&rsquo;ont pas \u00e0 avoir honte de leurs diff\u00e9rences. A la fin de ce film, les&nbsp;<em>Pafinis et les Reufs se sentent oblig\u00e9s de ressembler aux Toupins pour \u00eatre accept\u00e9s dans leur soci\u00e9t\u00e9. Ils auraient pu rester comme ils \u00e9taient sans se cacher derri\u00e8re une couche de peinture pour \u00eatre int\u00e9gr\u00e9s chez les Toupins. &nbsp; &nbsp; &nbsp; &nbsp; &nbsp; &nbsp; &nbsp; &nbsp; <\/em><\/em>&nbsp; &nbsp;Alexandra, 11 ans<\/p>\n\n\n<div class=\"wp-block-image\">\n<figure class=\"aligncenter\"><a href=\"https:\/\/lafilledecorinthe.com\/wordpress\/wp-content\/uploads\/2017\/06\/55_Couleurs.jpg\"><img loading=\"lazy\" decoding=\"async\" width=\"1025\" height=\"577\" src=\"https:\/\/lafilledecorinthe.com\/wordpress\/wp-content\/uploads\/2017\/06\/55_Couleurs.jpg\" alt=\"55_Couleurs\" class=\"wp-image-8250\" srcset=\"https:\/\/lafilledecorinthe.com\/wordpress\/wp-content\/uploads\/2017\/06\/55_Couleurs.jpg 1025w, https:\/\/lafilledecorinthe.com\/wordpress\/wp-content\/uploads\/2017\/06\/55_Couleurs-680x383.jpg 680w, https:\/\/lafilledecorinthe.com\/wordpress\/wp-content\/uploads\/2017\/06\/55_Couleurs-500x281.jpg 500w\" sizes=\"auto, (max-width: 1025px) 100vw, 1025px\" \/><\/a><\/figure>\n<\/div>\n\n\n<p><\/p>\n\n\n\n<p><em>J&rsquo;ai plut\u00f4t bien aim\u00e9 ce film. D\u00e9couvrir cette histoire m&rsquo;a plu, surtout l&rsquo;id\u00e9e que les personnages voyagent&nbsp;dans des tableaux. Ce film m&rsquo;a transport\u00e9 \u00e0 travers les personnages. Les in\u00e9galit\u00e9s entre les personnages rend le film plus \u00e9mouvant et l&rsquo;amour entre un Toupin et une Pafini rend le film meilleur. La bonne humeur du film et toutes les couleurs me rendent joyeux. Par contre pour moi, le passage de la mort est vraiment inutile.<\/em> &nbsp; &nbsp; &nbsp; &nbsp; &nbsp; &nbsp; &nbsp; &nbsp; &nbsp; &nbsp; &nbsp; &nbsp; &nbsp; &nbsp; &nbsp; &nbsp; &nbsp; &nbsp; &nbsp; &nbsp; &nbsp; &nbsp; &nbsp; &nbsp; &nbsp; &nbsp; &nbsp; &nbsp; &nbsp; &nbsp; &nbsp; &nbsp; &nbsp; &nbsp; &nbsp; &nbsp; &nbsp; &nbsp; &nbsp; &nbsp; &nbsp; &nbsp; &nbsp; &nbsp; &nbsp; &nbsp; &nbsp; Victor, 10 ans<\/p>\n\n\n\n<p><em>Ce film d&rsquo;animation a pour h\u00e9ro\u00efne une petite fille curieuse qui part \u00e0 la d\u00e9couverte du cr\u00e9ateur qui l&rsquo;a peint. Franchement, \u00e7a ressemble \u00e0 la sup\u00e9riorit\u00e9 dans la vie de tous les jours, les moqueries sur la diff\u00e9rence. Les Reufs ont \u00e9t\u00e9 tellement bl\u00e2m\u00e9s qu&rsquo;ils n&rsquo;ont plus confiance en eux. Les Finis sont arrogants, m\u00e9prisants et vantards. Ils se cr\u00e9ent un palace d\u00e9di\u00e9 \u00e0 leur personne, c&rsquo;est absurde. Le Reuf, Lola et Ramo partent dans la for\u00eat interdite et comme par hasard ils subsistent. Je regrette seulement que Jean-Fran\u00e7ois Laguionie n&rsquo;ait pas indiqu\u00e9 l&rsquo;\u00e9poque de son histoire.<\/em> &nbsp; &nbsp; &nbsp; &nbsp; &nbsp; &nbsp; &nbsp; &nbsp; &nbsp; &nbsp; &nbsp; &nbsp; &nbsp; &nbsp; &nbsp; &nbsp; &nbsp; &nbsp; &nbsp; &nbsp; &nbsp; &nbsp; &nbsp; Charles, 11 ans<\/p>\n\n\n\n<p><em>Le tableau est un film d&rsquo;animation avec trois h\u00e9ros d&rsquo;un tableau et un autre du tableau d&rsquo;en dessous. Dans le tableau des trois h\u00e9ros, il y a trois sortes de dessins pour repr\u00e9senter les personnages (les&nbsp;Toupins, les Pafinis et les Reufs). J&rsquo;ai beaucoup aim\u00e9 car c&rsquo;est une grande histoire d&rsquo;amiti\u00e9 entre les quatre h\u00e9ros \u00e0 la recherche de leur cr\u00e9ateur. Je vous le recommande car il y a un peu d&rsquo;amour et de la complicit\u00e9 entre les personnages. <\/em>Rapha\u00ebl, 11 ans<\/p>\n\n\n\n<p><em>Je n&rsquo;ai pas trop aim\u00e9 ce film car l&rsquo;histoire n&rsquo;est pas assez originale \u00e0 mon go\u00fbt. J&rsquo;ai bien aim\u00e9 les moments o\u00f9 les personnages passent dans les tableaux notamment le tableau de la guerre. Je n&rsquo;ai pas aim\u00e9 Ramo car il est toujours press\u00e9 mais j&rsquo;ai bien aim\u00e9 Lola . Le moment pendant le carnaval \u00e9tait dr\u00f4le, les couleurs \u00e9taient vives. J&rsquo;ai trouv\u00e9 cela dr\u00f4le qu&rsquo;\u00e0 la fin on puisse se peindre comme on veut. Je pense que le r\u00e9alisateur n&rsquo;aurait pas d\u00fb tourner dans la vie r\u00e9elle, \u00e7a g\u00e2che la fin du film.<\/em>&nbsp; &nbsp; &nbsp; &nbsp; &nbsp; &nbsp; &nbsp; &nbsp; &nbsp; &nbsp; &nbsp; &nbsp; &nbsp; &nbsp; &nbsp; &nbsp; &nbsp; Paul, 10 ans<\/p>\n\n\n\n<p><em>J&rsquo;ai bien aim\u00e9 ce film, car il y a de l&rsquo;action, de l&rsquo;aventure et du romantisme. Dans ce film, ce ne sont pas de vrais acteurs mais des personnages anim\u00e9s. Les Toupins sont plut\u00f4t \u00e9gocentriques, ils pensent que les Reufs et les Pafinis sont diff\u00e9rents en n\u00e9gatif. Je me suis perdue \u00e0 un moment (quand il y avait des centaines de peintres qui regardaient le coucher de soleil) mais sinon c&rsquo;est un film assez bien&#8230;<\/em> &nbsp; &nbsp; &nbsp; &nbsp; &nbsp; &nbsp; &nbsp; &nbsp; &nbsp; &nbsp; &nbsp; &nbsp; &nbsp; &nbsp;Milla, 10 ans<\/p>\n\n\n\n<p><em>Le film est pas mal mais il manque d&rsquo;action. Par exemple, j&rsquo;aurais aim\u00e9 que Plume se fasse prendre son sac. J&rsquo;aurais bien aim\u00e9 aussi que le peintre soit pr\u00e9sent au d\u00e9but du film et rejette les personnages pas finis. C&rsquo;est la sup\u00e9riorit\u00e9 des Finis qui commence l&rsquo;histoire. Les deux amoureux augmentent la tension du film. &nbsp;<\/em> &nbsp; &nbsp; &nbsp; &nbsp; &nbsp; &nbsp; &nbsp; &nbsp; &nbsp; &nbsp; &nbsp;Alexy, 11 ans<\/p>\n\n\n\n<p><em>Je vous conseille fortement de regarder ce film car le th\u00e8me, l&rsquo;histoire, les personnages, les moments dr\u00f4les et joyeux, l&rsquo;affiche du film, la bande-annonce et les moments de justice sont tr\u00e8s int\u00e9ressants. Ramo, Lola, Plume, Gomme, Magenta et Claire sont les personnages principaux, ils sont tr\u00e8s attachants. Leurs caract\u00e8res me plaisent \u00e9norm\u00e9ment. Je d\u00e9teste par contre les moments d&rsquo;injustice.<\/em> &nbsp; &nbsp; &nbsp; &nbsp; &nbsp; &nbsp; &nbsp; &nbsp; &nbsp; &nbsp; Jasper, 10 ans<\/p>\n\n\n\n<p><em>J&rsquo;ai bien aim\u00e9 ce film. Ce que j&rsquo;aime c&rsquo;est l&rsquo;id\u00e9e de rentrer et de sortir des tableaux. Je n&rsquo;ai pas aim\u00e9 en tant que spectateur &nbsp;les in\u00e9galit\u00e9s entre les&nbsp;Toupins et les&nbsp;Pafinis. J&rsquo;ai bien aim\u00e9 les d\u00e9cors des tableaux. &nbsp; &nbsp; &nbsp; &nbsp; &nbsp; &nbsp; &nbsp; &nbsp; &nbsp; &nbsp; &nbsp; &nbsp; &nbsp; &nbsp; &nbsp; &nbsp; &nbsp; &nbsp; &nbsp; &nbsp; &nbsp; &nbsp; &nbsp; &nbsp; &nbsp; &nbsp; &nbsp; &nbsp; &nbsp; &nbsp; &nbsp; &nbsp; &nbsp;<\/em>Edgar, 11 ans<\/p>\n\n\n<div class=\"wp-block-image\">\n<figure class=\"aligncenter\"><a href=\"https:\/\/lafilledecorinthe.com\/wordpress\/wp-content\/uploads\/2017\/06\/19_fuite.jpg\"><img loading=\"lazy\" decoding=\"async\" width=\"971\" height=\"546\" src=\"https:\/\/lafilledecorinthe.com\/wordpress\/wp-content\/uploads\/2017\/06\/19_fuite.jpg\" alt=\"19_fuite\" class=\"wp-image-8251\" srcset=\"https:\/\/lafilledecorinthe.com\/wordpress\/wp-content\/uploads\/2017\/06\/19_fuite.jpg 971w, https:\/\/lafilledecorinthe.com\/wordpress\/wp-content\/uploads\/2017\/06\/19_fuite-680x382.jpg 680w, https:\/\/lafilledecorinthe.com\/wordpress\/wp-content\/uploads\/2017\/06\/19_fuite-500x281.jpg 500w\" sizes=\"auto, (max-width: 971px) 100vw, 971px\" \/><\/a><\/figure>\n<\/div>\n\n\n<p><\/p>\n\n\n\n<p><em>J&rsquo;ai moyennement aim\u00e9 ce film. J&rsquo;ai aim\u00e9 les dessins et la couleur. Ils \u00e9taient jolis sans \u00eatre trop dans l&rsquo;esbroufe. Au d\u00e9but, le film \u00e9voquait des valeurs importantes telles que la justice et l&rsquo;\u00e9galit\u00e9. Par contre, je n&rsquo;ai pas aim\u00e9 la fin car ce n&rsquo;est pas aux Pafinis et aux Reufs de changer mais aux Toupins de s&rsquo;ouvrir \u00e0 la diversit\u00e9. L&rsquo;intrigue \u00e9tait lente et je me suis ennuy\u00e9e peu \u00e0 peu.<\/em> &nbsp; &nbsp; &nbsp; &nbsp; &nbsp; &nbsp; &nbsp; &nbsp; &nbsp; &nbsp; &nbsp; &nbsp; &nbsp; &nbsp; &nbsp; &nbsp; &nbsp; &nbsp; &nbsp; &nbsp; &nbsp; &nbsp; &nbsp; &nbsp; &nbsp; &nbsp; &nbsp; &nbsp; &nbsp; &nbsp; &nbsp; &nbsp; &nbsp; &nbsp; &nbsp; &nbsp; &nbsp; &nbsp; &nbsp; &nbsp; &nbsp; &nbsp; Camille, 10 ans<\/p>\n\n\n\n<p><em>Je n&rsquo;ai pas aim\u00e9 ce film car je n&rsquo;aime pas la peinture et je n&rsquo;aime pas voir des gens tout nu comme Garance. Par contre, j&rsquo;aime bien le nom des trois tribus&#8230; &nbsp;<\/em> &nbsp; Virgil, 9 ans<\/p>\n\n\n\n<p><em>C&rsquo;est un film tr\u00e8s original mais je trouve qu&rsquo;il y a des moments qui sont en trop. J&rsquo;ai bien aim\u00e9 qu&rsquo;il y ait trois cat\u00e9gories : les Toupins, les Reufs et les Pafinis. Les toupins se vantent car ils sont d\u00e9j\u00e0 finis. Les Reufs sont agressifs car ils ont beaucoup de d\u00e9fauts comme Plume qui ne finit pas ses phrases. J&rsquo;aime bien les films avec de la peinture, il est dr\u00f4le, il y a beaucoup d&rsquo;action et d&rsquo;aventure. La musique est \u00e0 la fois douce, forte et rythm\u00e9e&#8230; J&rsquo;ai eu de la peine quand Gomme s&rsquo;est fait \u00e9cras\u00e9, il ne le m\u00e9ritait pas. J&rsquo;ai bien aim\u00e9 quand Ramo a peint le visage de Claire, avant elle ne savait pas \u00e0 quoi elle ressemblait et maintenant elle est tr\u00e8s belle.<\/em>&nbsp; &nbsp; &nbsp;&nbsp;&nbsp; &nbsp; &nbsp; &nbsp; &nbsp; &nbsp; &nbsp; &nbsp; &nbsp; &nbsp; &nbsp; &nbsp; &nbsp; &nbsp; &nbsp; &nbsp; &nbsp; &nbsp; &nbsp; &nbsp; &nbsp; &nbsp; &nbsp; &nbsp; &nbsp; &nbsp; &nbsp; &nbsp; &nbsp; &nbsp; &nbsp; &nbsp; &nbsp;Mona, 10 ans<\/p>\n\n\n<div class=\"wp-block-image\">\n<figure class=\"aligncenter\"><a href=\"https:\/\/lafilledecorinthe.com\/wordpress\/wp-content\/uploads\/2017\/06\/64_reflet.jpg\"><img loading=\"lazy\" decoding=\"async\" width=\"1023\" height=\"577\" src=\"https:\/\/lafilledecorinthe.com\/wordpress\/wp-content\/uploads\/2017\/06\/64_reflet.jpg\" alt=\"64_reflet\" class=\"wp-image-8244\" srcset=\"https:\/\/lafilledecorinthe.com\/wordpress\/wp-content\/uploads\/2017\/06\/64_reflet.jpg 1023w, https:\/\/lafilledecorinthe.com\/wordpress\/wp-content\/uploads\/2017\/06\/64_reflet-680x384.jpg 680w, https:\/\/lafilledecorinthe.com\/wordpress\/wp-content\/uploads\/2017\/06\/64_reflet-500x282.jpg 500w\" sizes=\"auto, (max-width: 1023px) 100vw, 1023px\" \/><\/a><\/figure>\n<\/div>\n\n\n<p><\/p>\n\n\n\n<p><em>&nbsp;J&rsquo;ai ador\u00e9 ce film car les images sont magnifiques, il y a plein de couleurs. L&rsquo;histoire des Toupins qui refusent les Pafinis &#8230;est une bonne id\u00e9e. Elle est touchante. J&rsquo;ai ador\u00e9 l&rsquo;id\u00e9e de passer de tableau en tableau, \u00e7a change de monde. Chaque tableau a son expression, la joie, la tristesse&#8230; Chaque personnage a son caract\u00e8re, \u00e7a change aussi. J&rsquo;ai moins aim\u00e9 l&rsquo;histoire d&rsquo;amour car je trouve \u00e7a un peu lent. &nbsp;<\/em> &nbsp; &nbsp; &nbsp; &nbsp; &nbsp; &nbsp; &nbsp; &nbsp; &nbsp; &nbsp; &nbsp; &nbsp; &nbsp; &nbsp; &nbsp; &nbsp;Ambre, 10 ans<\/p>\n","protected":false},"excerpt":{"rendered":"<p>Pour la deuxi\u00e8me ann\u00e9e cons\u00e9cutive, j&rsquo;ai eu la chance d&rsquo;animer avec des classes de cycle 3 une initiation \u00e0&nbsp;la critique de cin\u00e9ma dans le cadre des ateliers propos\u00e9s par&nbsp;Enfances au cin\u00e9ma. J&rsquo;aime particuli\u00e8rement ces ateliers qui permettent de recueillir la parole des enfants sur leur pratique de cin\u00e9ma et sur les films qu&rsquo;ils aiment. Apr\u00e8s&#8230;<\/p>\n","protected":false},"author":2,"featured_media":8237,"comment_status":"open","ping_status":"open","sticky":false,"template":"","format":"standard","meta":{"_kad_post_transparent":"","_kad_post_title":"","_kad_post_layout":"","_kad_post_sidebar_id":"","_kad_post_content_style":"","_kad_post_vertical_padding":"","_kad_post_feature":"","_kad_post_feature_position":"","_kad_post_header":false,"_kad_post_footer":false,"_kad_post_classname":"","footnotes":""},"categories":[7],"tags":[9,353,1253,1378,1377],"class_list":["post-8196","post","type-post","status-publish","format-standard","has-post-thumbnail","hentry","category-ateliers-enfants","tag-atelier","tag-enfances-au-cinema","tag-initiation-a-la-critique-de-cinema","tag-jean-francois-laguionie","tag-le-tableau"],"_links":{"self":[{"href":"https:\/\/lafilledecorinthe.com\/wordpress\/wp-json\/wp\/v2\/posts\/8196","targetHints":{"allow":["GET"]}}],"collection":[{"href":"https:\/\/lafilledecorinthe.com\/wordpress\/wp-json\/wp\/v2\/posts"}],"about":[{"href":"https:\/\/lafilledecorinthe.com\/wordpress\/wp-json\/wp\/v2\/types\/post"}],"author":[{"embeddable":true,"href":"https:\/\/lafilledecorinthe.com\/wordpress\/wp-json\/wp\/v2\/users\/2"}],"replies":[{"embeddable":true,"href":"https:\/\/lafilledecorinthe.com\/wordpress\/wp-json\/wp\/v2\/comments?post=8196"}],"version-history":[{"count":19,"href":"https:\/\/lafilledecorinthe.com\/wordpress\/wp-json\/wp\/v2\/posts\/8196\/revisions"}],"predecessor-version":[{"id":15072,"href":"https:\/\/lafilledecorinthe.com\/wordpress\/wp-json\/wp\/v2\/posts\/8196\/revisions\/15072"}],"wp:featuredmedia":[{"embeddable":true,"href":"https:\/\/lafilledecorinthe.com\/wordpress\/wp-json\/wp\/v2\/media\/8237"}],"wp:attachment":[{"href":"https:\/\/lafilledecorinthe.com\/wordpress\/wp-json\/wp\/v2\/media?parent=8196"}],"wp:term":[{"taxonomy":"category","embeddable":true,"href":"https:\/\/lafilledecorinthe.com\/wordpress\/wp-json\/wp\/v2\/categories?post=8196"},{"taxonomy":"post_tag","embeddable":true,"href":"https:\/\/lafilledecorinthe.com\/wordpress\/wp-json\/wp\/v2\/tags?post=8196"}],"curies":[{"name":"wp","href":"https:\/\/api.w.org\/{rel}","templated":true}]}}