{"id":8161,"date":"2017-05-20T16:23:45","date_gmt":"2017-05-20T15:23:45","guid":{"rendered":"http:\/\/lafilledecorinthe.com\/wordpress\/?p=8161"},"modified":"2025-12-08T21:39:48","modified_gmt":"2025-12-08T20:39:48","slug":"trop-patati-patata-au-trianon-de-romainville","status":"publish","type":"post","link":"https:\/\/lafilledecorinthe.com\/wordpress\/2017\/05\/trop-patati-patata-au-trianon-de-romainville\/","title":{"rendered":"\u00ab\u00a0Trop Patati Patata\u00a0\u00bb au Trianon de Romainville"},"content":{"rendered":"\n<p>L&rsquo;apprentissage de l&rsquo;\u00e9criture et de la lecture, c&rsquo;est du s\u00e9rieux dans la classe de CP de C\u00e9lia Rey qui aime&nbsp;rassembler ses \u00e9l\u00e8ves autour d&rsquo;un projet f\u00e9d\u00e9rateur. Cette ann\u00e9e, la classe a&nbsp;particip\u00e9 au&nbsp;concours d&rsquo;\u00e9criture&nbsp;<a href=\"http:\/\/www.dsden93.ac-creteil.fr\/spip\/spip.php?article4466\" target=\"_blank\" rel=\"noopener\">\u00ab\u00a0Lire Egaux\u00a0\u00bb<\/a> organis\u00e9 par la maison d&rsquo;\u00e9dition <em>Talents Hauts. <\/em>Cr\u00e9\u00e9e \u00e0 partir des pr\u00e9jug\u00e9s sur les filles et les gar\u00e7ons, l&rsquo;histoire s&rsquo;est transform\u00e9e en sc\u00e9nario sous l&rsquo;impulsion du dispositif <a href=\"http:\/\/www.cinematrianon.fr\/programme-jeune-public\/scolaires-et-periscolaires#classe-image\" target=\"_blank\" rel=\"noopener\"><em>Classe image <\/em><\/a>propos\u00e9 par le cin\u00e9ma de Romainville. Le choix de r\u00e9aliser un film d&rsquo;animation s&rsquo;est rapidement impos\u00e9 pour tordre le cou avec humour aux clich\u00e9s sexistes \u00e0 hauteur d&rsquo;enfant !<\/p>\n\n\n\n<p>La premi\u00e8re \u00e9tape a \u00e9t\u00e9 de comprendre la technique \u00ab\u00a0image par image\u00a0\u00bb et d&rsquo;explorer ses nombreuses possibilit\u00e9s&#8230;<\/p>\n\n\n\n<figure class=\"wp-block-embed is-type-video is-provider-vimeo wp-block-embed-vimeo wp-embed-aspect-16-9 wp-has-aspect-ratio\"><div class=\"wp-block-embed__wrapper\">\n<iframe loading=\"lazy\" title=\"La trousse de Fouad\" src=\"https:\/\/player.vimeo.com\/video\/218263177?dnt=1&amp;app_id=122963\" width=\"720\" height=\"405\" frameborder=\"0\" allow=\"autoplay; fullscreen; picture-in-picture; clipboard-write; encrypted-media; web-share\" referrerpolicy=\"strict-origin-when-cross-origin\"><\/iframe>\n<\/div><\/figure>\n\n\n\n<p>Patiemment, les enfants ont enregistr\u00e9 toutes les images n\u00e9cessaires&nbsp;aux s\u00e9quences anim\u00e9es de leur film&#8230;Ils sont devenus des champions&nbsp;pour donner l&rsquo;illusion d&rsquo;un mouvement&#8230; Une paire de ciseaux bouge toute seule, une Barbie fait de l&rsquo;halt\u00e9rophilie, des dessins dansent&#8230;<\/p>\n\n\n<div class=\"wp-block-image\">\n<figure class=\"aligncenter\"><a href=\"https:\/\/lafilledecorinthe.com\/wordpress\/wp-content\/uploads\/2017\/05\/2bis.jpg\"><img loading=\"lazy\" decoding=\"async\" width=\"2592\" height=\"1936\" src=\"https:\/\/lafilledecorinthe.com\/wordpress\/wp-content\/uploads\/2017\/05\/2bis.jpg\" alt=\"2bis\" class=\"wp-image-8165\" srcset=\"https:\/\/lafilledecorinthe.com\/wordpress\/wp-content\/uploads\/2017\/05\/2bis.jpg 2592w, https:\/\/lafilledecorinthe.com\/wordpress\/wp-content\/uploads\/2017\/05\/2bis-680x508.jpg 680w, https:\/\/lafilledecorinthe.com\/wordpress\/wp-content\/uploads\/2017\/05\/2bis-1280x956.jpg 1280w, https:\/\/lafilledecorinthe.com\/wordpress\/wp-content\/uploads\/2017\/05\/2bis-402x300.jpg 402w\" sizes=\"auto, (max-width: 2592px) 100vw, 2592px\" \/><\/a><\/figure>\n<\/div>\n\n\n<p>Quelques photographies et l&rsquo;enregistrement de la bande son compl\u00e8tent leur court m\u00e9trage.&nbsp;Tout est fin pr\u00eat pour la grande soir\u00e9e au cin\u00e9ma <em>Le Trianon<\/em> ! Les enfants sont tr\u00e8s fiers d&rsquo;accueillir leur famille et de pr\u00e9senter <em>Trop Patati, Patata !&nbsp;<\/em>pendant&nbsp;le festival <em><a href=\"http:\/\/www.cinematrianon.fr\/evenements-et-festivals\/festival-les-enfants-font-leur-cinema\" target=\"_blank\" rel=\"noopener\">Les enfants font leur cin\u00e9ma<\/a>&nbsp;<\/em>qui<em>&nbsp;<\/em>f\u00eate cette ann\u00e9e ses 20 ans.<\/p>\n\n\n<div class=\"wp-block-image\">\n<figure class=\"aligncenter\"><a href=\"https:\/\/lafilledecorinthe.com\/wordpress\/wp-content\/uploads\/2017\/05\/1.jpg\"><img loading=\"lazy\" decoding=\"async\" width=\"3456\" height=\"2304\" src=\"https:\/\/lafilledecorinthe.com\/wordpress\/wp-content\/uploads\/2017\/05\/1.jpg\" alt=\"1\" class=\"wp-image-8168\" srcset=\"https:\/\/lafilledecorinthe.com\/wordpress\/wp-content\/uploads\/2017\/05\/1.jpg 3456w, https:\/\/lafilledecorinthe.com\/wordpress\/wp-content\/uploads\/2017\/05\/1-680x453.jpg 680w, https:\/\/lafilledecorinthe.com\/wordpress\/wp-content\/uploads\/2017\/05\/1-1280x853.jpg 1280w, https:\/\/lafilledecorinthe.com\/wordpress\/wp-content\/uploads\/2017\/05\/1-450x300.jpg 450w\" sizes=\"auto, (max-width: 3456px) 100vw, 3456px\" \/><\/a><\/figure>\n<\/div>\n\n\n<p><\/p>\n\n\n\n<figure class=\"wp-block-embed is-type-video is-provider-vimeo wp-block-embed-vimeo wp-embed-aspect-16-9 wp-has-aspect-ratio\"><div class=\"wp-block-embed__wrapper\">\n<iframe loading=\"lazy\" title=\"Trop Patati Patata\" src=\"https:\/\/player.vimeo.com\/video\/218278525?dnt=1&amp;app_id=122963\" width=\"720\" height=\"405\" frameborder=\"0\" allow=\"autoplay; fullscreen; picture-in-picture; clipboard-write; encrypted-media; web-share\" referrerpolicy=\"strict-origin-when-cross-origin\"><\/iframe>\n<\/div><\/figure>\n\n\n\n<p><\/p>\n\n\n\n<p>Et maintenant le projet vu par l&rsquo;enseignante&#8230; Un tr\u00e8s beau texte de C\u00e9lia Rey. Merci \u00e0 elle pour ce t\u00e9moignage.<\/p>\n\n\n\n<p class=\"p1\"><span class=\"s1\"><b>Les coulisses de &nbsp;\u00ab&nbsp;<i>Trop Patati Patata&nbsp;\u00bb, &nbsp;<\/i><\/b><\/span><b><i>Les livres sont des graines de film &#8230;<\/i><\/b><\/p>\n\n\n\n<p class=\"p1\"><span class=\"s1\">Trop Patati Patata rend hommage tant par sa forme que son titre au tout premier album de r\u00e9f\u00e9rence \u00e9tudi\u00e9 en d\u00e9but d\u2019ann\u00e9e scolaire&nbsp;: \u00ab&nbsp;Trop Ceci Cela&nbsp;\u00bb de Caroline Palayer. Dans ce livre, il est question de respect mutuel&nbsp;: un principe essentiel, que les \u00e9l\u00e8ves doivent garder \u00e0 l\u2019esprit pour apprendre notamment \u00e0 bien coop\u00e9rer.<\/span><\/p>\n\n\n\n<p class=\"p1\"><span class=\"s1\">Puis, gr\u00e2ce \u00e0 notre participation \u00e0 la 9<\/span><span class=\"s2\"><sup>e<\/sup><\/span><span class=\"s1\"> \u00e9dition du concours Lire \u00c9gaux, dont l\u2019objectif est de sensibiliser les filles et les gar\u00e7ons d\u00e8s le plus jeune \u00e2ge \u00e0 l\u2019\u00e9galit\u00e9 entre les femmes et les hommes, nous avons re\u00e7u 8 albums alimentant des d\u00e9bats sur ce th\u00e8me. <\/span><\/p>\n\n\n\n<p class=\"p1\"><span class=\"s1\">Conform\u00e9ment aux instructions officielles\u00a0: le programme scolaire d\u2019Enseignement Moral et Civique,les \u00e9l\u00e8ves ont appris \u00e0\u00a0:<\/span><br><i>\u00ab\u00a0D\u00e9velopper des aptitudes \u00e0 la r\u00e9flexion critique en recherchant des crit\u00e8res de validit\u00e9 des jugements moraux\u00a0; en confrontant\u00a0 leurs jugements \u00e0 ceux d\u2019autrui dans une discussion ou un d\u00e9bat argument\u00e9.\u00a0\u00bb<\/i> BO sp\u00e9cial n\u00b06, 2015<\/p>\n\n\n\n<p class=\"p1\"><span class=\"s1\">Pour ce faire, \u00e0 partir des contes et des albums \u00e9tudi\u00e9s mais aussi<span class=\"Apple-converted-space\">&nbsp; <\/span>de situations v\u00e9cues par les enfants, nous avons list\u00e9 ensemble une dizaine de pr\u00e9jug\u00e9s et de st\u00e9r\u00e9otypes sur les filles et les gar\u00e7ons.<\/span><\/p>\n\n\n\n<p class=\"p1\"><span class=\"s1\"><b><i>\u00ab&nbsp;Des id\u00e9es au mouvement&nbsp;! \u00bb<\/i><\/b><\/span><\/p>\n\n\n\n<p class=\"p2\"><span class=\"s1\">L\u2019originalit\u00e9 de ce projet est finalement d\u2019avoir associ\u00e9 de mani\u00e8re logique deux partenaires culturels\u00a0: les Editions <em>Talents Hauts<\/em> qui proposent le concours <em>Lire \u00c9gaux<\/em> et le cin\u00e9ma le Trianon avec le dispositif des classes Image.\u00a0<\/span>Apr\u00e8s tout, puisque nous avions d\u00e9j\u00e0 r\u00e9alis\u00e9 un manuscrit pourquoi ne pas mettre celui-ci en valeur avec une illustration\u2026 ou plut\u00f4t une illustration en mouvement\u2026 autrement dit un film d\u2019animation\u00a0!\u00a0<span class=\"s1\" style=\"font-weight: 300;\">A ce stade de la cr\u00e9ation, nous avons donc convoqu\u00e9 des comp\u00e9tences relevant des Arts Plastiques\u00a0:<\/span><br><i>\u00ab\u00a0&#8211;\u00a0R\u00e9aliser des productions plastiques pour raconter, t\u00e9moigner.<\/i><br><i>&#8211; Articuler le texte et l&rsquo;image \u00e0 des fins d&rsquo;illustration, de cr\u00e9ation. \u00bb extrait du B.O 2015<\/i><\/p>\n\n\n<div class=\"wp-block-image\">\n<figure class=\"aligncenter\"><a href=\"https:\/\/lafilledecorinthe.com\/wordpress\/wp-content\/uploads\/2017\/05\/IMG_6206.jpg\"><img loading=\"lazy\" decoding=\"async\" width=\"3456\" height=\"2304\" src=\"https:\/\/lafilledecorinthe.com\/wordpress\/wp-content\/uploads\/2017\/05\/IMG_6206.jpg\" alt=\"IMG_6206\" class=\"wp-image-8186\" srcset=\"https:\/\/lafilledecorinthe.com\/wordpress\/wp-content\/uploads\/2017\/05\/IMG_6206.jpg 3456w, https:\/\/lafilledecorinthe.com\/wordpress\/wp-content\/uploads\/2017\/05\/IMG_6206-680x453.jpg 680w, https:\/\/lafilledecorinthe.com\/wordpress\/wp-content\/uploads\/2017\/05\/IMG_6206-1280x853.jpg 1280w, https:\/\/lafilledecorinthe.com\/wordpress\/wp-content\/uploads\/2017\/05\/IMG_6206-450x300.jpg 450w\" sizes=\"auto, (max-width: 3456px) 100vw, 3456px\" \/><\/a><\/figure>\n<\/div>\n\n\n<p class=\"p2\"><\/p>\n\n\n\n<p class=\"p1\"><span class=\"s1\">Avec la complicit\u00e9 de Marielle Bernaudeau, <em>La Fille de Corinthe<\/em>, nous avons appris \u00e0 cr\u00e9er du mouvement, \u00e0 d\u00e9couvrir<span class=\"Apple-converted-space\">&nbsp; <\/span>la technique de l\u2019animation <i>image par image<\/i>.&nbsp;<\/span>Nos \u00e9changes, apr\u00e8s la classe nous ont permis d\u2019ajuster, d\u2019am\u00e9liorer le projet en confrontant parfois l\u2019imagination sans limite des enfants aux contraintes de la r\u00e9alisation plastique et \u00e0 la n\u00e9cessit\u00e9 de faire des choix.<\/p>\n\n\n\n<p class=\"p1\"><span class=\"s1\">De par son exp\u00e9rience d\u2019enseignante et de conseill\u00e8re p\u00e9dagogique, Marielle est tr\u00e8s \u00e0 l\u2019\u00e9coute et propose une intervention de qualit\u00e9 car elle est pleinement consciente des&nbsp;<\/span>apprentissages scolaires en jeu. Son professionnalisme et sa bienveillance ont grandement motiv\u00e9 les \u00e9l\u00e8ves. Enfin je dois avouer que bien qu\u2019ayant confiance en la capacit\u00e9 d\u2019analyse et de cr\u00e9ation de mes \u00e9l\u00e8ves, ceux-ci m\u2019ont tout de m\u00eame \u00e9blouie tant ils ont rivalis\u00e9, malgr\u00e9 leur jeune \u00e2ge, d\u2019ing\u00e9niosit\u00e9, de concentration, de malice et d\u2019\u00e9patante intelligence&nbsp;! Je remercie vivement Marielle Bernaudeau et le cin\u00e9ma LE TRIANON pour ce premier et inoubliable partenariat culturel.<\/p>\n\n\n\n<p class=\"p1\"><span class=\"s1\">C\u00e9lia REY,<\/span><br>Professeur des \u00e9coles (CP2)<br>\u00e0 Marcel Cachin, Romainville.<\/p>\n\n\n<div class=\"wp-block-image\">\n<figure class=\"aligncenter\"><a href=\"https:\/\/lafilledecorinthe.com\/wordpress\/wp-content\/uploads\/2017\/05\/IMG_6052.jpg\"><img loading=\"lazy\" decoding=\"async\" width=\"3456\" height=\"2304\" src=\"https:\/\/lafilledecorinthe.com\/wordpress\/wp-content\/uploads\/2017\/05\/IMG_6052.jpg\" alt=\"IMG_6052\" class=\"wp-image-8177\" srcset=\"https:\/\/lafilledecorinthe.com\/wordpress\/wp-content\/uploads\/2017\/05\/IMG_6052.jpg 3456w, https:\/\/lafilledecorinthe.com\/wordpress\/wp-content\/uploads\/2017\/05\/IMG_6052-680x453.jpg 680w, https:\/\/lafilledecorinthe.com\/wordpress\/wp-content\/uploads\/2017\/05\/IMG_6052-1280x853.jpg 1280w, https:\/\/lafilledecorinthe.com\/wordpress\/wp-content\/uploads\/2017\/05\/IMG_6052-450x300.jpg 450w\" sizes=\"auto, (max-width: 3456px) 100vw, 3456px\" \/><\/a><\/figure>\n<\/div>\n\n\n<p class=\"p1\"><\/p>\n","protected":false},"excerpt":{"rendered":"<p>L&rsquo;apprentissage de l&rsquo;\u00e9criture et de la lecture, c&rsquo;est du s\u00e9rieux dans la classe de CP de C\u00e9lia Rey qui aime&nbsp;rassembler ses \u00e9l\u00e8ves autour d&rsquo;un projet f\u00e9d\u00e9rateur. Cette ann\u00e9e, la classe a&nbsp;particip\u00e9 au&nbsp;concours d&rsquo;\u00e9criture&nbsp;\u00ab\u00a0Lire Egaux\u00a0\u00bb organis\u00e9 par la maison d&rsquo;\u00e9dition Talents Hauts. Cr\u00e9\u00e9e \u00e0 partir des pr\u00e9jug\u00e9s sur les filles et les gar\u00e7ons, l&rsquo;histoire s&rsquo;est transform\u00e9e&#8230;<\/p>\n","protected":false},"author":2,"featured_media":15207,"comment_status":"open","ping_status":"open","sticky":false,"template":"","format":"standard","meta":{"_kad_post_transparent":"","_kad_post_title":"","_kad_post_layout":"","_kad_post_sidebar_id":"","_kad_post_content_style":"","_kad_post_vertical_padding":"","_kad_post_feature":"","_kad_post_feature_position":"","_kad_post_header":false,"_kad_post_footer":false,"_kad_post_classname":"","footnotes":""},"categories":[7],"tags":[1490,1489,1488,1492,1193,1491],"class_list":["post-8161","post","type-post","status-publish","format-standard","has-post-thumbnail","hentry","category-ateliers-enfants","tag-lire-egaux","tag-trop-patati-patata","tag-celia-rey","tag-classe-image","tag-romainville","tag-talents-hauts"],"_links":{"self":[{"href":"https:\/\/lafilledecorinthe.com\/wordpress\/wp-json\/wp\/v2\/posts\/8161","targetHints":{"allow":["GET"]}}],"collection":[{"href":"https:\/\/lafilledecorinthe.com\/wordpress\/wp-json\/wp\/v2\/posts"}],"about":[{"href":"https:\/\/lafilledecorinthe.com\/wordpress\/wp-json\/wp\/v2\/types\/post"}],"author":[{"embeddable":true,"href":"https:\/\/lafilledecorinthe.com\/wordpress\/wp-json\/wp\/v2\/users\/2"}],"replies":[{"embeddable":true,"href":"https:\/\/lafilledecorinthe.com\/wordpress\/wp-json\/wp\/v2\/comments?post=8161"}],"version-history":[{"count":23,"href":"https:\/\/lafilledecorinthe.com\/wordpress\/wp-json\/wp\/v2\/posts\/8161\/revisions"}],"predecessor-version":[{"id":15206,"href":"https:\/\/lafilledecorinthe.com\/wordpress\/wp-json\/wp\/v2\/posts\/8161\/revisions\/15206"}],"wp:featuredmedia":[{"embeddable":true,"href":"https:\/\/lafilledecorinthe.com\/wordpress\/wp-json\/wp\/v2\/media\/15207"}],"wp:attachment":[{"href":"https:\/\/lafilledecorinthe.com\/wordpress\/wp-json\/wp\/v2\/media?parent=8161"}],"wp:term":[{"taxonomy":"category","embeddable":true,"href":"https:\/\/lafilledecorinthe.com\/wordpress\/wp-json\/wp\/v2\/categories?post=8161"},{"taxonomy":"post_tag","embeddable":true,"href":"https:\/\/lafilledecorinthe.com\/wordpress\/wp-json\/wp\/v2\/tags?post=8161"}],"curies":[{"name":"wp","href":"https:\/\/api.w.org\/{rel}","templated":true}]}}