{"id":8143,"date":"2017-05-12T16:20:24","date_gmt":"2017-05-12T15:20:24","guid":{"rendered":"http:\/\/lafilledecorinthe.com\/wordpress\/?p=8143"},"modified":"2025-12-07T08:50:36","modified_gmt":"2025-12-07T07:50:36","slug":"la-petite-casserole-danatole-enfances-au-cinema","status":"publish","type":"post","link":"https:\/\/lafilledecorinthe.com\/wordpress\/2017\/05\/la-petite-casserole-danatole-enfances-au-cinema\/","title":{"rendered":"\u00ab\u00a0La Petite Casserole d&rsquo;Anatole\u00a0\u00bb,  Enfances au Cin\u00e9ma"},"content":{"rendered":"\n<p>Une tr\u00e8s belle ann\u00e9e pour le dispositif <a href=\"http:\/\/www.enfancesaucinema.net\/\"><em>Mon premier cin\u00e9ma<\/em><\/a>\u00a0qui propose aux classes de maternelles parisiennes <a title=\"\u00ab\u00a0Mon 1er cin\u00e9ma\u00a0\u00bb    2016-2017\" href=\"https:\/\/lafilledecorinthe.com\/wordpress\/2016\/11\/mon-1er-cinema-2016-2017\/\">trois rendez-vous<\/a> dans leur cin\u00e9ma de quartier.<br>En lien avec le dernier programme <a href=\"http:\/\/www.lesfilmsdupreau.com\/prog.php?code=pca\" target=\"_blank\" rel=\"noopener\">Petites Casseroles<\/a>, cinq classes ont particip\u00e9 \u00e0 l&rsquo;atelier <em>De l&rsquo;album au film&#8230;<\/em><\/p>\n\n\n<div class=\"wp-block-image\">\n<figure class=\"aligncenter\"><a href=\"https:\/\/lafilledecorinthe.com\/wordpress\/wp-content\/uploads\/2017\/05\/Yaelle1.jpg\"><img loading=\"lazy\" decoding=\"async\" width=\"2592\" height=\"1936\" src=\"https:\/\/lafilledecorinthe.com\/wordpress\/wp-content\/uploads\/2017\/05\/Yaelle1.jpg\" alt=\"De l'album d' Isabelle Carrier... La classe de GS de Ya\u00eblle Haziza\" class=\"wp-image-8146\" srcset=\"https:\/\/lafilledecorinthe.com\/wordpress\/wp-content\/uploads\/2017\/05\/Yaelle1.jpg 2592w, https:\/\/lafilledecorinthe.com\/wordpress\/wp-content\/uploads\/2017\/05\/Yaelle1-680x508.jpg 680w, https:\/\/lafilledecorinthe.com\/wordpress\/wp-content\/uploads\/2017\/05\/Yaelle1-1280x956.jpg 1280w, https:\/\/lafilledecorinthe.com\/wordpress\/wp-content\/uploads\/2017\/05\/Yaelle1-402x300.jpg 402w\" sizes=\"auto, (max-width: 2592px) 100vw, 2592px\" \/><\/a><figcaption class=\"wp-element-caption\">De l&rsquo;album d&rsquo; Isabelle Carrier&#8230; La classe de GS de Ya\u00eblle Haziza<\/figcaption><\/figure>\n<\/div>\n\n<div class=\"wp-block-image\">\n<figure class=\"aligncenter\"><a href=\"https:\/\/lafilledecorinthe.com\/wordpress\/wp-content\/uploads\/2017\/05\/Sophie-Sibilleau.jpg\"><img loading=\"lazy\" decoding=\"async\" width=\"1648\" height=\"1291\" src=\"https:\/\/lafilledecorinthe.com\/wordpress\/wp-content\/uploads\/2017\/05\/Sophie-Sibilleau.jpg\" alt=\"... Au film d'Eric Montchaud\" class=\"wp-image-8147\" srcset=\"https:\/\/lafilledecorinthe.com\/wordpress\/wp-content\/uploads\/2017\/05\/Sophie-Sibilleau.jpg 1648w, https:\/\/lafilledecorinthe.com\/wordpress\/wp-content\/uploads\/2017\/05\/Sophie-Sibilleau-680x533.jpg 680w, https:\/\/lafilledecorinthe.com\/wordpress\/wp-content\/uploads\/2017\/05\/Sophie-Sibilleau-1280x1003.jpg 1280w, https:\/\/lafilledecorinthe.com\/wordpress\/wp-content\/uploads\/2017\/05\/Sophie-Sibilleau-383x300.jpg 383w\" sizes=\"auto, (max-width: 1648px) 100vw, 1648px\" \/><\/a><figcaption class=\"wp-element-caption\">&#8230; Au film d&rsquo;Eric Montchaud &nbsp;La classe de MS\/GS de Sophie Sibilleau<\/figcaption><\/figure>\n<\/div>\n\n<div class=\"wp-block-image\">\n<figure class=\"aligncenter\"><a href=\"https:\/\/lafilledecorinthe.com\/wordpress\/wp-content\/uploads\/2017\/05\/Sophie-Faure.jpg\"><img loading=\"lazy\" decoding=\"async\" width=\"1440\" height=\"1051\" src=\"https:\/\/lafilledecorinthe.com\/wordpress\/wp-content\/uploads\/2017\/05\/Sophie-Faure.jpg\" alt=\"D\u00e9couvrir comment animer une marionnette &quot;image par image&quot;\" class=\"wp-image-8149\" srcset=\"https:\/\/lafilledecorinthe.com\/wordpress\/wp-content\/uploads\/2017\/05\/Sophie-Faure.jpg 1440w, https:\/\/lafilledecorinthe.com\/wordpress\/wp-content\/uploads\/2017\/05\/Sophie-Faure-680x496.jpg 680w, https:\/\/lafilledecorinthe.com\/wordpress\/wp-content\/uploads\/2017\/05\/Sophie-Faure-1280x934.jpg 1280w, https:\/\/lafilledecorinthe.com\/wordpress\/wp-content\/uploads\/2017\/05\/Sophie-Faure-411x300.jpg 411w\" sizes=\"auto, (max-width: 1440px) 100vw, 1440px\" \/><\/a><figcaption class=\"wp-element-caption\">Comment animer une marionnette \u00ab\u00a0image par image\u00a0\u00bb ? &nbsp; &nbsp; &nbsp; &nbsp; &nbsp; &nbsp; &nbsp; &nbsp; &nbsp; &nbsp; &nbsp; &nbsp; &nbsp; &nbsp; &nbsp; &nbsp; &nbsp; &nbsp; &nbsp; &nbsp;La classe de MS\/GS de Sophie Faure<\/figcaption><\/figure>\n<\/div>\n\n<div class=\"wp-block-image\">\n<figure class=\"aligncenter\"><a href=\"https:\/\/lafilledecorinthe.com\/wordpress\/wp-content\/uploads\/2017\/05\/Sophie-Leduc.jpg\"><img loading=\"lazy\" decoding=\"async\" width=\"1936\" height=\"2592\" src=\"https:\/\/lafilledecorinthe.com\/wordpress\/wp-content\/uploads\/2017\/05\/Sophie-Leduc.jpg\" alt=\"La classe de GS de Sophie Leduc\" class=\"wp-image-8150\" srcset=\"https:\/\/lafilledecorinthe.com\/wordpress\/wp-content\/uploads\/2017\/05\/Sophie-Leduc.jpg 1936w, https:\/\/lafilledecorinthe.com\/wordpress\/wp-content\/uploads\/2017\/05\/Sophie-Leduc-508x680.jpg 508w, https:\/\/lafilledecorinthe.com\/wordpress\/wp-content\/uploads\/2017\/05\/Sophie-Leduc-956x1280.jpg 956w, https:\/\/lafilledecorinthe.com\/wordpress\/wp-content\/uploads\/2017\/05\/Sophie-Leduc-224x300.jpg 224w\" sizes=\"auto, (max-width: 1936px) 100vw, 1936px\" \/><\/a><figcaption class=\"wp-element-caption\">La classe de GS de Sophie Leduc<\/figcaption><\/figure>\n<\/div>\n\n<div class=\"wp-block-image\">\n<figure class=\"aligncenter\"><a href=\"https:\/\/lafilledecorinthe.com\/wordpress\/wp-content\/uploads\/2017\/05\/Marie2.jpg\"><img loading=\"lazy\" decoding=\"async\" width=\"2354\" height=\"1711\" src=\"https:\/\/lafilledecorinthe.com\/wordpress\/wp-content\/uploads\/2017\/05\/Marie2.jpg\" alt=\"Marie2\" class=\"wp-image-8151\" srcset=\"https:\/\/lafilledecorinthe.com\/wordpress\/wp-content\/uploads\/2017\/05\/Marie2.jpg 2354w, https:\/\/lafilledecorinthe.com\/wordpress\/wp-content\/uploads\/2017\/05\/Marie2-680x494.jpg 680w, https:\/\/lafilledecorinthe.com\/wordpress\/wp-content\/uploads\/2017\/05\/Marie2-1280x930.jpg 1280w, https:\/\/lafilledecorinthe.com\/wordpress\/wp-content\/uploads\/2017\/05\/Marie2-413x300.jpg 413w\" sizes=\"auto, (max-width: 2354px) 100vw, 2354px\" \/><\/a><figcaption class=\"wp-element-caption\">La classe de MS de Marie Bouvaist<\/figcaption><\/figure>\n<\/div>\n\n\n<p>Et maintenant les s\u00e9quences anim\u00e9es !<\/p>\n\n\n\n<figure class=\"wp-block-embed is-type-video is-provider-vimeo wp-block-embed-vimeo wp-embed-aspect-16-9 wp-has-aspect-ratio\"><div class=\"wp-block-embed__wrapper\">\n<iframe loading=\"lazy\" title=\"De l&#039;album au film\" src=\"https:\/\/player.vimeo.com\/video\/217029148?dnt=1&amp;app_id=122963\" width=\"720\" height=\"405\" frameborder=\"0\" allow=\"autoplay; fullscreen; picture-in-picture; clipboard-write; encrypted-media; web-share\" referrerpolicy=\"strict-origin-when-cross-origin\"><\/iframe>\n<\/div><\/figure>\n","protected":false},"excerpt":{"rendered":"<p>Une tr\u00e8s belle ann\u00e9e pour le dispositif Mon premier cin\u00e9ma\u00a0qui propose aux classes de maternelles parisiennes trois rendez-vous dans leur cin\u00e9ma de quartier.En lien avec le dernier programme Petites Casseroles, cinq classes ont particip\u00e9 \u00e0 l&rsquo;atelier De l&rsquo;album au film&#8230; Et maintenant les s\u00e9quences anim\u00e9es !<\/p>\n","protected":false},"author":2,"featured_media":8144,"comment_status":"open","ping_status":"open","sticky":false,"template":"","format":"standard","meta":{"_kad_post_transparent":"","_kad_post_title":"","_kad_post_layout":"","_kad_post_sidebar_id":"","_kad_post_content_style":"","_kad_post_vertical_padding":"","_kad_post_feature":"","_kad_post_feature_position":"","_kad_post_header":false,"_kad_post_footer":false,"_kad_post_classname":"","footnotes":""},"categories":[7],"tags":[1487,353,1305,354,1327],"class_list":["post-8143","post","type-post","status-publish","format-standard","has-post-thumbnail","hentry","category-ateliers-enfants","tag-cinq-classes-ont-participe-a-latelier-de-lalbum-au-film","tag-enfances-au-cinema","tag-la-petite-casserole-danatole","tag-mon-premier-cinema","tag-petites-casseroles"],"_links":{"self":[{"href":"https:\/\/lafilledecorinthe.com\/wordpress\/wp-json\/wp\/v2\/posts\/8143","targetHints":{"allow":["GET"]}}],"collection":[{"href":"https:\/\/lafilledecorinthe.com\/wordpress\/wp-json\/wp\/v2\/posts"}],"about":[{"href":"https:\/\/lafilledecorinthe.com\/wordpress\/wp-json\/wp\/v2\/types\/post"}],"author":[{"embeddable":true,"href":"https:\/\/lafilledecorinthe.com\/wordpress\/wp-json\/wp\/v2\/users\/2"}],"replies":[{"embeddable":true,"href":"https:\/\/lafilledecorinthe.com\/wordpress\/wp-json\/wp\/v2\/comments?post=8143"}],"version-history":[{"count":9,"href":"https:\/\/lafilledecorinthe.com\/wordpress\/wp-json\/wp\/v2\/posts\/8143\/revisions"}],"predecessor-version":[{"id":14884,"href":"https:\/\/lafilledecorinthe.com\/wordpress\/wp-json\/wp\/v2\/posts\/8143\/revisions\/14884"}],"wp:featuredmedia":[{"embeddable":true,"href":"https:\/\/lafilledecorinthe.com\/wordpress\/wp-json\/wp\/v2\/media\/8144"}],"wp:attachment":[{"href":"https:\/\/lafilledecorinthe.com\/wordpress\/wp-json\/wp\/v2\/media?parent=8143"}],"wp:term":[{"taxonomy":"category","embeddable":true,"href":"https:\/\/lafilledecorinthe.com\/wordpress\/wp-json\/wp\/v2\/categories?post=8143"},{"taxonomy":"post_tag","embeddable":true,"href":"https:\/\/lafilledecorinthe.com\/wordpress\/wp-json\/wp\/v2\/tags?post=8143"}],"curies":[{"name":"wp","href":"https:\/\/api.w.org\/{rel}","templated":true}]}}