{"id":8118,"date":"2017-04-13T18:31:26","date_gmt":"2017-04-13T17:31:26","guid":{"rendered":"http:\/\/lafilledecorinthe.com\/wordpress\/?p=8118"},"modified":"2025-12-06T20:26:10","modified_gmt":"2025-12-06T19:26:10","slug":"entre-ombre-et-lumiere-a-la-creche-saint-leu","status":"publish","type":"post","link":"https:\/\/lafilledecorinthe.com\/wordpress\/2017\/04\/entre-ombre-et-lumiere-a-la-creche-saint-leu\/","title":{"rendered":"\u00ab\u00a0Entre ombre et lumi\u00e8re\u00a0\u00bb \u00e0 la cr\u00e8che Saint-Leu de Villetaneuse"},"content":{"rendered":"<div class=\"wp-block-image\">\n<figure class=\"aligncenter\"><a href=\"https:\/\/lafilledecorinthe.com\/wordpress\/wp-content\/uploads\/2017\/04\/couv.jpg\"><img loading=\"lazy\" decoding=\"async\" width=\"2592\" height=\"1936\" src=\"https:\/\/lafilledecorinthe.com\/wordpress\/wp-content\/uploads\/2017\/04\/couv.jpg\" alt=\"couv\" class=\"wp-image-8119\" srcset=\"https:\/\/lafilledecorinthe.com\/wordpress\/wp-content\/uploads\/2017\/04\/couv.jpg 2592w, https:\/\/lafilledecorinthe.com\/wordpress\/wp-content\/uploads\/2017\/04\/couv-680x508.jpg 680w, https:\/\/lafilledecorinthe.com\/wordpress\/wp-content\/uploads\/2017\/04\/couv-1280x956.jpg 1280w, https:\/\/lafilledecorinthe.com\/wordpress\/wp-content\/uploads\/2017\/04\/couv-402x300.jpg 402w\" sizes=\"auto, (max-width: 2592px) 100vw, 2592px\" \/><\/a><\/figure>\n<\/div>\n\n\n<p>L&rsquo;association <em>Cin\u00e9mas 93 <\/em>enrichit sa r\u00e9flexion sur l&rsquo;\u00e9veil culturel des tout-petits en proposant un parcours exp\u00e9rimental de cin\u00e9ma en cr\u00e8che. L&rsquo;\u00e9quipe de la cr\u00e8che d\u00e9partementale <em>Saint Leu<\/em> de Villetaneuse s&rsquo;est associ\u00e9e \u00e0&nbsp;ce projet, la cr\u00e8che&nbsp;ne b\u00e9n\u00e9ficiant&nbsp;pas d&rsquo;un cin\u00e9ma de proximit\u00e9. La formation est au centre du parcours. La&nbsp;premi\u00e8re s\u00e9ance \u00e9tait&nbsp;consacr\u00e9e \u00e0 l&rsquo;histoire des images qui bougent : des premi\u00e8res ombres corporelles \u00e0 la projection du premier dessin anim\u00e9 <a href=\"http:\/\/julienpappe.free.fr\/spip.php?article23\" target=\"_blank\" rel=\"noopener\"><em>Pauvre Pierrot<\/em><\/a>&nbsp;d&rsquo;Emile Reynaud le 28 octobre 1892 au mus\u00e9e Gr\u00e9vin.<\/p>\n\n\n<div class=\"wp-block-image\">\n<figure class=\"aligncenter\"><a href=\"https:\/\/lafilledecorinthe.com\/wordpress\/wp-content\/uploads\/2017\/04\/3.jpg\"><img loading=\"lazy\" decoding=\"async\" width=\"1814\" height=\"1415\" src=\"https:\/\/lafilledecorinthe.com\/wordpress\/wp-content\/uploads\/2017\/04\/3.jpg\" alt=\"3\" class=\"wp-image-8120\" srcset=\"https:\/\/lafilledecorinthe.com\/wordpress\/wp-content\/uploads\/2017\/04\/3.jpg 1814w, https:\/\/lafilledecorinthe.com\/wordpress\/wp-content\/uploads\/2017\/04\/3-680x530.jpg 680w, https:\/\/lafilledecorinthe.com\/wordpress\/wp-content\/uploads\/2017\/04\/3-1280x998.jpg 1280w, https:\/\/lafilledecorinthe.com\/wordpress\/wp-content\/uploads\/2017\/04\/3-385x300.jpg 385w\" sizes=\"auto, (max-width: 1814px) 100vw, 1814px\" \/><\/a><figcaption class=\"wp-element-caption\">Marionnettes en ombre chinoise, lanterne magique, jouets optiques&#8230;<\/figcaption><\/figure>\n<\/div>\n\n<div class=\"wp-block-image\">\n<figure class=\"aligncenter\"><a href=\"https:\/\/lafilledecorinthe.com\/wordpress\/wp-content\/uploads\/2017\/04\/theatre_optique2.jpg\"><img loading=\"lazy\" decoding=\"async\" width=\"471\" height=\"295\" src=\"https:\/\/lafilledecorinthe.com\/wordpress\/wp-content\/uploads\/2017\/04\/theatre_optique2.jpg\" alt=\"theatre_optique2\" class=\"wp-image-8121\"\/><\/a><figcaption class=\"wp-element-caption\">Repr\u00e9sentation d&rsquo;Emile Reynaud manipulant son th\u00e9\u00e2tre optique<\/figcaption><\/figure>\n<\/div>\n\n\n<p>Ces pratiques anciennes sont r\u00e9gies par le m\u00eame principe que le cin\u00e9ma : des images sont projet\u00e9es sur une toile ou sur un mur blanc \u00e0 l&rsquo;aide d&rsquo;une source lumineuse. Elles sont aussi un excellent moyen pour pr\u00e9parer&nbsp;les enfants \u00e0 la d\u00e9couverte de la salle de cin\u00e9ma, apprivoiser l&rsquo;obscurit\u00e9 et&nbsp;s&rsquo;immerger par l&rsquo;imagination dans les images projet\u00e9es.<\/p>\n\n\n\n<p>La deuxi\u00e8me s\u00e9ance \u00e9tait consacr\u00e9e quant \u00e0 elle \u00e0 la r\u00e9alisation pratique d&rsquo;un mini-spectacle en ombres chinoises. Unanimement, l&rsquo;\u00e9quipe a choisi de mettre en sc\u00e8ne la c\u00e9l\u00e8bre chanson <a href=\"http:\/\/tendreenfance.wifeo.com\/documents\/Dans-sa-maison-un-grand-cerf_partition.pdf\" target=\"_blank\" rel=\"noopener\"><em>Dans sa maison un grand cerf<\/em><\/a>.<\/p>\n\n\n<div class=\"wp-block-image\">\n<figure class=\"aligncenter\"><a href=\"https:\/\/lafilledecorinthe.com\/wordpress\/wp-content\/uploads\/2017\/04\/IMG_3427.jpg\"><img loading=\"lazy\" decoding=\"async\" width=\"2592\" height=\"1936\" src=\"https:\/\/lafilledecorinthe.com\/wordpress\/wp-content\/uploads\/2017\/04\/IMG_3427.jpg\" alt=\"IMG_3427\" class=\"wp-image-8122\" srcset=\"https:\/\/lafilledecorinthe.com\/wordpress\/wp-content\/uploads\/2017\/04\/IMG_3427.jpg 2592w, https:\/\/lafilledecorinthe.com\/wordpress\/wp-content\/uploads\/2017\/04\/IMG_3427-680x508.jpg 680w, https:\/\/lafilledecorinthe.com\/wordpress\/wp-content\/uploads\/2017\/04\/IMG_3427-1280x956.jpg 1280w, https:\/\/lafilledecorinthe.com\/wordpress\/wp-content\/uploads\/2017\/04\/IMG_3427-402x300.jpg 402w\" sizes=\"auto, (max-width: 2592px) 100vw, 2592px\" \/><\/a><figcaption class=\"wp-element-caption\">Chercher la meilleure fa\u00e7on de repr\u00e9senter son personnage&#8230; De face ? De profil ?<\/figcaption><\/figure>\n<\/div>\n\n<div class=\"wp-block-image\">\n<figure class=\"aligncenter\"><a href=\"https:\/\/lafilledecorinthe.com\/wordpress\/wp-content\/uploads\/2017\/04\/IMG_3436.jpg\"><img loading=\"lazy\" decoding=\"async\" width=\"2592\" height=\"1936\" src=\"https:\/\/lafilledecorinthe.com\/wordpress\/wp-content\/uploads\/2017\/04\/IMG_3436.jpg\" alt=\"IMG_3436\" class=\"wp-image-8123\" srcset=\"https:\/\/lafilledecorinthe.com\/wordpress\/wp-content\/uploads\/2017\/04\/IMG_3436.jpg 2592w, https:\/\/lafilledecorinthe.com\/wordpress\/wp-content\/uploads\/2017\/04\/IMG_3436-680x508.jpg 680w, https:\/\/lafilledecorinthe.com\/wordpress\/wp-content\/uploads\/2017\/04\/IMG_3436-1280x956.jpg 1280w, https:\/\/lafilledecorinthe.com\/wordpress\/wp-content\/uploads\/2017\/04\/IMG_3436-402x300.jpg 402w\" sizes=\"auto, (max-width: 2592px) 100vw, 2592px\" \/><\/a><figcaption class=\"wp-element-caption\">Dessiner la forme d\u00e9finitive sur un Canson noir.<\/figcaption><\/figure>\n<\/div>\n\n<div class=\"wp-block-image\">\n<figure class=\"aligncenter\"><a href=\"https:\/\/lafilledecorinthe.com\/wordpress\/wp-content\/uploads\/2017\/04\/IMG_3432.jpg\"><img loading=\"lazy\" decoding=\"async\" width=\"2592\" height=\"1936\" src=\"https:\/\/lafilledecorinthe.com\/wordpress\/wp-content\/uploads\/2017\/04\/IMG_3432.jpg\" alt=\"IMG_3432\" class=\"wp-image-8124\" srcset=\"https:\/\/lafilledecorinthe.com\/wordpress\/wp-content\/uploads\/2017\/04\/IMG_3432.jpg 2592w, https:\/\/lafilledecorinthe.com\/wordpress\/wp-content\/uploads\/2017\/04\/IMG_3432-680x508.jpg 680w, https:\/\/lafilledecorinthe.com\/wordpress\/wp-content\/uploads\/2017\/04\/IMG_3432-1280x956.jpg 1280w, https:\/\/lafilledecorinthe.com\/wordpress\/wp-content\/uploads\/2017\/04\/IMG_3432-402x300.jpg 402w\" sizes=\"auto, (max-width: 2592px) 100vw, 2592px\" \/><\/a><figcaption class=\"wp-element-caption\">D\u00e9couper la silhouette.<\/figcaption><\/figure>\n<\/div>\n\n<div class=\"wp-block-image\">\n<figure class=\"aligncenter\"><a href=\"https:\/\/lafilledecorinthe.com\/wordpress\/wp-content\/uploads\/2017\/04\/IMG_3450.jpg\"><img loading=\"lazy\" decoding=\"async\" width=\"2044\" height=\"1548\" src=\"https:\/\/lafilledecorinthe.com\/wordpress\/wp-content\/uploads\/2017\/04\/IMG_3450.jpg\" alt=\"IMG_3450\" class=\"wp-image-8127\" srcset=\"https:\/\/lafilledecorinthe.com\/wordpress\/wp-content\/uploads\/2017\/04\/IMG_3450.jpg 2044w, https:\/\/lafilledecorinthe.com\/wordpress\/wp-content\/uploads\/2017\/04\/IMG_3450-680x515.jpg 680w, https:\/\/lafilledecorinthe.com\/wordpress\/wp-content\/uploads\/2017\/04\/IMG_3450-1280x969.jpg 1280w, https:\/\/lafilledecorinthe.com\/wordpress\/wp-content\/uploads\/2017\/04\/IMG_3450-396x300.jpg 396w\" sizes=\"auto, (max-width: 2044px) 100vw, 2044px\" \/><\/a><figcaption class=\"wp-element-caption\">Fixer un b\u00e2tonnet.<\/figcaption><\/figure>\n<\/div>\n\n<div class=\"wp-block-image\">\n<figure class=\"aligncenter\"><a href=\"https:\/\/lafilledecorinthe.com\/wordpress\/wp-content\/uploads\/2017\/04\/IMG_3508.jpg\"><img loading=\"lazy\" decoding=\"async\" width=\"2592\" height=\"1936\" src=\"https:\/\/lafilledecorinthe.com\/wordpress\/wp-content\/uploads\/2017\/04\/IMG_3508.jpg\" alt=\"IMG_3508\" class=\"wp-image-8134\" srcset=\"https:\/\/lafilledecorinthe.com\/wordpress\/wp-content\/uploads\/2017\/04\/IMG_3508.jpg 2592w, https:\/\/lafilledecorinthe.com\/wordpress\/wp-content\/uploads\/2017\/04\/IMG_3508-680x508.jpg 680w, https:\/\/lafilledecorinthe.com\/wordpress\/wp-content\/uploads\/2017\/04\/IMG_3508-1280x956.jpg 1280w, https:\/\/lafilledecorinthe.com\/wordpress\/wp-content\/uploads\/2017\/04\/IMG_3508-402x300.jpg 402w\" sizes=\"auto, (max-width: 2592px) 100vw, 2592px\" \/><\/a><figcaption class=\"wp-element-caption\">Le mat\u00e9riel est pr\u00eat.<\/figcaption><\/figure>\n<\/div>\n\n\n<p>Un choeur de chanteurs enthousiastes, un bruiteur (<em>toc, toc<\/em>) et des manipulateurs sont pr\u00eats pour les premiers essais&#8230;<\/p>\n\n\n\n<p>Ce spectacle est un <em>work in progress<\/em>,<em>&nbsp;<\/em>l&rsquo;\u00e9quipe souhaitant le pr\u00e9senter aux enfants et aux parents lors de la restitution finale du parcours le vendredi 16 juin. Une belle histoire \u00e0 suivre !<\/p>\n","protected":false},"excerpt":{"rendered":"<p>L&rsquo;association Cin\u00e9mas 93 enrichit sa r\u00e9flexion sur l&rsquo;\u00e9veil culturel des tout-petits en proposant un parcours exp\u00e9rimental de cin\u00e9ma en cr\u00e8che. L&rsquo;\u00e9quipe de la cr\u00e8che d\u00e9partementale Saint Leu de Villetaneuse s&rsquo;est associ\u00e9e \u00e0&nbsp;ce projet, la cr\u00e8che&nbsp;ne b\u00e9n\u00e9ficiant&nbsp;pas d&rsquo;un cin\u00e9ma de proximit\u00e9. La formation est au centre du parcours. La&nbsp;premi\u00e8re s\u00e9ance \u00e9tait&nbsp;consacr\u00e9e \u00e0 l&rsquo;histoire des images qui&#8230;<\/p>\n","protected":false},"author":2,"featured_media":8129,"comment_status":"open","ping_status":"open","sticky":false,"template":"","format":"standard","meta":{"_kad_post_transparent":"","_kad_post_title":"","_kad_post_layout":"","_kad_post_sidebar_id":"","_kad_post_content_style":"","_kad_post_vertical_padding":"","_kad_post_feature":"","_kad_post_feature_position":"","_kad_post_header":false,"_kad_post_footer":false,"_kad_post_classname":"","footnotes":""},"categories":[8],"tags":[1486,603,1482,1485,199,1484,470,1483],"class_list":["post-8118","post","type-post","status-publish","format-standard","has-post-thumbnail","hentry","category-formations-adultes","tag-28-octobre-1892","tag-cinemas-93","tag-creche-saint-leu","tag-dans-sa-maison-un-grand-cerf","tag-emile-reynaud","tag-spectacle-en-ombres-chinoises","tag-theatre-optique","tag-villetaneuse"],"_links":{"self":[{"href":"https:\/\/lafilledecorinthe.com\/wordpress\/wp-json\/wp\/v2\/posts\/8118","targetHints":{"allow":["GET"]}}],"collection":[{"href":"https:\/\/lafilledecorinthe.com\/wordpress\/wp-json\/wp\/v2\/posts"}],"about":[{"href":"https:\/\/lafilledecorinthe.com\/wordpress\/wp-json\/wp\/v2\/types\/post"}],"author":[{"embeddable":true,"href":"https:\/\/lafilledecorinthe.com\/wordpress\/wp-json\/wp\/v2\/users\/2"}],"replies":[{"embeddable":true,"href":"https:\/\/lafilledecorinthe.com\/wordpress\/wp-json\/wp\/v2\/comments?post=8118"}],"version-history":[{"count":12,"href":"https:\/\/lafilledecorinthe.com\/wordpress\/wp-json\/wp\/v2\/posts\/8118\/revisions"}],"predecessor-version":[{"id":14773,"href":"https:\/\/lafilledecorinthe.com\/wordpress\/wp-json\/wp\/v2\/posts\/8118\/revisions\/14773"}],"wp:featuredmedia":[{"embeddable":true,"href":"https:\/\/lafilledecorinthe.com\/wordpress\/wp-json\/wp\/v2\/media\/8129"}],"wp:attachment":[{"href":"https:\/\/lafilledecorinthe.com\/wordpress\/wp-json\/wp\/v2\/media?parent=8118"}],"wp:term":[{"taxonomy":"category","embeddable":true,"href":"https:\/\/lafilledecorinthe.com\/wordpress\/wp-json\/wp\/v2\/categories?post=8118"},{"taxonomy":"post_tag","embeddable":true,"href":"https:\/\/lafilledecorinthe.com\/wordpress\/wp-json\/wp\/v2\/tags?post=8118"}],"curies":[{"name":"wp","href":"https:\/\/api.w.org\/{rel}","templated":true}]}}