{"id":8075,"date":"2017-03-12T21:08:46","date_gmt":"2017-03-12T20:08:46","guid":{"rendered":"http:\/\/lafilledecorinthe.com\/wordpress\/?p=8075"},"modified":"2025-12-08T21:42:01","modified_gmt":"2025-12-08T20:42:01","slug":"la-ronde-des-couleurs-au-select-dantony","status":"publish","type":"post","link":"https:\/\/lafilledecorinthe.com\/wordpress\/2017\/03\/la-ronde-des-couleurs-au-select-dantony\/","title":{"rendered":"\u00ab\u00a0La ronde des couleurs\u00a0\u00bb au S\u00e9lect d&rsquo;Antony"},"content":{"rendered":"<div class=\"wp-block-image\">\n<figure class=\"aligncenter\"><a href=\"https:\/\/lafilledecorinthe.com\/wordpress\/wp-content\/uploads\/2017\/03\/1.jpg\"><img loading=\"lazy\" decoding=\"async\" width=\"1881\" height=\"1364\" src=\"https:\/\/lafilledecorinthe.com\/wordpress\/wp-content\/uploads\/2017\/03\/1.jpg\" alt=\"1\" class=\"wp-image-8078\" srcset=\"https:\/\/lafilledecorinthe.com\/wordpress\/wp-content\/uploads\/2017\/03\/1.jpg 1881w, https:\/\/lafilledecorinthe.com\/wordpress\/wp-content\/uploads\/2017\/03\/1-680x493.jpg 680w, https:\/\/lafilledecorinthe.com\/wordpress\/wp-content\/uploads\/2017\/03\/1-1280x928.jpg 1280w, https:\/\/lafilledecorinthe.com\/wordpress\/wp-content\/uploads\/2017\/03\/1-414x300.jpg 414w\" sizes=\"auto, (max-width: 1881px) 100vw, 1881px\" \/><\/a><\/figure>\n<\/div>\n\n\n<p>C&rsquo;est toujours avec plaisir que je retrouve l&rsquo;\u00e9quipe du S\u00e9lect d&rsquo;Antony. St\u00e9phanie Chayla, responsable jeune public, m&rsquo;a propos\u00e9 d&rsquo;accompagner le tout nouveau programme de <a href=\"https:\/\/www.littlekmbo.com\/\" target=\"_blank\" rel=\"noopener\"><em>Little KMBO<\/em><\/a>, \u00ab\u00a0La ronde des couleurs\u00a0\u00bb. Les&nbsp;six courts m\u00e9trages qui le composent sollicitent les sens des jeunes spectateurs avec des histoires tendres et \u00e9nigmatiques.&nbsp;Les enfants ont&nbsp;d&rsquo;abord test\u00e9&nbsp;leur&nbsp;m\u00e9moire auditive des bandes sons. A chaque extrait son court m\u00e9trage d&rsquo;origine !<\/p>\n\n\n<div class=\"wp-block-image\">\n<figure class=\"aligncenter\"><a href=\"https:\/\/lafilledecorinthe.com\/wordpress\/wp-content\/uploads\/2017\/03\/3.jpg\"><img loading=\"lazy\" decoding=\"async\" width=\"2834\" height=\"1957\" src=\"https:\/\/lafilledecorinthe.com\/wordpress\/wp-content\/uploads\/2017\/03\/3.jpg\" alt=\"3\" class=\"wp-image-8081\" srcset=\"https:\/\/lafilledecorinthe.com\/wordpress\/wp-content\/uploads\/2017\/03\/3.jpg 2834w, https:\/\/lafilledecorinthe.com\/wordpress\/wp-content\/uploads\/2017\/03\/3-680x470.jpg 680w, https:\/\/lafilledecorinthe.com\/wordpress\/wp-content\/uploads\/2017\/03\/3-1280x884.jpg 1280w, https:\/\/lafilledecorinthe.com\/wordpress\/wp-content\/uploads\/2017\/03\/3-434x300.jpg 434w\" sizes=\"auto, (max-width: 2834px) 100vw, 2834px\" \/><\/a><\/figure>\n<\/div>\n\n\n<p>Nous avons ensuite r\u00e9alis\u00e9 une fresque collective en dessinant au rythme de deux musiques myst\u00e9rieuses&#8230;<\/p>\n\n\n<div class=\"wp-block-image\">\n<figure class=\"aligncenter\"><a href=\"https:\/\/lafilledecorinthe.com\/wordpress\/wp-content\/uploads\/2017\/03\/4.jpg\"><img loading=\"lazy\" decoding=\"async\" width=\"2304\" height=\"3456\" src=\"https:\/\/lafilledecorinthe.com\/wordpress\/wp-content\/uploads\/2017\/03\/4.jpg\" alt=\"4\" class=\"wp-image-8082\" srcset=\"https:\/\/lafilledecorinthe.com\/wordpress\/wp-content\/uploads\/2017\/03\/4.jpg 2304w, https:\/\/lafilledecorinthe.com\/wordpress\/wp-content\/uploads\/2017\/03\/4-453x680.jpg 453w, https:\/\/lafilledecorinthe.com\/wordpress\/wp-content\/uploads\/2017\/03\/4-853x1280.jpg 853w, https:\/\/lafilledecorinthe.com\/wordpress\/wp-content\/uploads\/2017\/03\/4-200x300.jpg 200w\" sizes=\"auto, (max-width: 2304px) 100vw, 2304px\" \/><\/a><\/figure>\n<\/div>\n\n\n<p>&#8230; que nous avons ensuite d\u00e9couvertes&nbsp;avec les images !<\/p>\n\n\n<div class=\"wp-block-image\">\n<figure class=\"aligncenter\"><a href=\"https:\/\/lafilledecorinthe.com\/wordpress\/wp-content\/uploads\/2017\/03\/5.jpg\"><img loading=\"lazy\" decoding=\"async\" width=\"2592\" height=\"1936\" src=\"https:\/\/lafilledecorinthe.com\/wordpress\/wp-content\/uploads\/2017\/03\/5.jpg\" alt=\"5\" class=\"wp-image-8084\" srcset=\"https:\/\/lafilledecorinthe.com\/wordpress\/wp-content\/uploads\/2017\/03\/5.jpg 2592w, https:\/\/lafilledecorinthe.com\/wordpress\/wp-content\/uploads\/2017\/03\/5-680x508.jpg 680w, https:\/\/lafilledecorinthe.com\/wordpress\/wp-content\/uploads\/2017\/03\/5-1280x956.jpg 1280w, https:\/\/lafilledecorinthe.com\/wordpress\/wp-content\/uploads\/2017\/03\/5-402x300.jpg 402w\" sizes=\"auto, (max-width: 2592px) 100vw, 2592px\" \/><\/a><figcaption class=\"wp-element-caption\">\u00ab\u00a0Boogie Doodle\u00a0\u00bb de Norman McLaren, 1941<\/figcaption><\/figure>\n<\/div>","protected":false},"excerpt":{"rendered":"<p>C&rsquo;est toujours avec plaisir que je retrouve l&rsquo;\u00e9quipe du S\u00e9lect d&rsquo;Antony. St\u00e9phanie Chayla, responsable jeune public, m&rsquo;a propos\u00e9 d&rsquo;accompagner le tout nouveau programme de Little KMBO, \u00ab\u00a0La ronde des couleurs\u00a0\u00bb. Les&nbsp;six courts m\u00e9trages qui le composent sollicitent les sens des jeunes spectateurs avec des histoires tendres et \u00e9nigmatiques.&nbsp;Les enfants ont&nbsp;d&rsquo;abord test\u00e9&nbsp;leur&nbsp;m\u00e9moire auditive des bandes sons&#8230;.<\/p>\n","protected":false},"author":2,"featured_media":15212,"comment_status":"open","ping_status":"open","sticky":false,"template":"","format":"standard","meta":{"_kad_post_transparent":"","_kad_post_title":"","_kad_post_layout":"","_kad_post_sidebar_id":"","_kad_post_content_style":"","_kad_post_vertical_padding":"","_kad_post_feature":"","_kad_post_feature_position":"","_kad_post_header":false,"_kad_post_footer":false,"_kad_post_classname":"","footnotes":""},"categories":[7],"tags":[1476,982,1478,1477],"class_list":["post-8075","post","type-post","status-publish","format-standard","has-post-thumbnail","hentry","category-ateliers-enfants","tag-la-ronde-des-couleurs","tag-antony","tag-cinema-select","tag-little-kmbo"],"_links":{"self":[{"href":"https:\/\/lafilledecorinthe.com\/wordpress\/wp-json\/wp\/v2\/posts\/8075","targetHints":{"allow":["GET"]}}],"collection":[{"href":"https:\/\/lafilledecorinthe.com\/wordpress\/wp-json\/wp\/v2\/posts"}],"about":[{"href":"https:\/\/lafilledecorinthe.com\/wordpress\/wp-json\/wp\/v2\/types\/post"}],"author":[{"embeddable":true,"href":"https:\/\/lafilledecorinthe.com\/wordpress\/wp-json\/wp\/v2\/users\/2"}],"replies":[{"embeddable":true,"href":"https:\/\/lafilledecorinthe.com\/wordpress\/wp-json\/wp\/v2\/comments?post=8075"}],"version-history":[{"count":9,"href":"https:\/\/lafilledecorinthe.com\/wordpress\/wp-json\/wp\/v2\/posts\/8075\/revisions"}],"predecessor-version":[{"id":15213,"href":"https:\/\/lafilledecorinthe.com\/wordpress\/wp-json\/wp\/v2\/posts\/8075\/revisions\/15213"}],"wp:featuredmedia":[{"embeddable":true,"href":"https:\/\/lafilledecorinthe.com\/wordpress\/wp-json\/wp\/v2\/media\/15212"}],"wp:attachment":[{"href":"https:\/\/lafilledecorinthe.com\/wordpress\/wp-json\/wp\/v2\/media?parent=8075"}],"wp:term":[{"taxonomy":"category","embeddable":true,"href":"https:\/\/lafilledecorinthe.com\/wordpress\/wp-json\/wp\/v2\/categories?post=8075"},{"taxonomy":"post_tag","embeddable":true,"href":"https:\/\/lafilledecorinthe.com\/wordpress\/wp-json\/wp\/v2\/tags?post=8075"}],"curies":[{"name":"wp","href":"https:\/\/api.w.org\/{rel}","templated":true}]}}