{"id":8040,"date":"2017-02-27T18:34:19","date_gmt":"2017-02-27T17:34:19","guid":{"rendered":"http:\/\/lafilledecorinthe.com\/wordpress\/?p=8040"},"modified":"2025-12-08T14:12:54","modified_gmt":"2025-12-08T13:12:54","slug":"les-enfants-dabord-au-jeu-de-paume-13","status":"publish","type":"post","link":"https:\/\/lafilledecorinthe.com\/wordpress\/2017\/02\/les-enfants-dabord-au-jeu-de-paume-13\/","title":{"rendered":"\u00ab\u00a0Les enfants d&rsquo;abord !\u00a0\u00bb au Jeu de Paume 13"},"content":{"rendered":"\n<p>L&rsquo;artiste am\u00e9ricain, Peter Campus, pionnier de l&rsquo;art vid\u00e9o est \u00e0 l&rsquo;honneur dans la nouvelle exposition du Jeu de Paume, \u00ab\u00a0peter campus, video ergo sum\u00a0\u00bb. Cette r\u00e9trospective pr\u00e9sente ses installations en circuit ferm\u00e9, ses vid\u00e9os analogiques et num\u00e9riques ainsi que&nbsp;son travail photographique. D\u00e8s les premi\u00e8res salles, la participation des visiteurs est sollicit\u00e9e. Les installations sont notamment des espaces d&rsquo;exp\u00e9rimentation pour jouer avec notre&nbsp;image et s&rsquo;interroger sur nos multiples doubles.<\/p>\n\n\n\n<p>Le&nbsp;nouvel atelier&nbsp;\u00ab\u00a0Des enfants d&rsquo;abord !\u00a0\u00bb, &nbsp;<em>Les images nous transforment,<\/em> s&#8217;empare du questionnement de l&rsquo;artiste sur l&rsquo;identit\u00e9 et sur notre rapport \u00e0 la technologie.<\/p>\n\n\n<div class=\"wp-block-image\">\n<figure class=\"aligncenter\"><a href=\"https:\/\/lafilledecorinthe.com\/wordpress\/wp-content\/uploads\/2017\/02\/IMG_5183.jpg\"><img loading=\"lazy\" decoding=\"async\" width=\"3456\" height=\"2304\" src=\"https:\/\/lafilledecorinthe.com\/wordpress\/wp-content\/uploads\/2017\/02\/IMG_5183.jpg\" alt=\"IMG_5183\" class=\"wp-image-8111\" srcset=\"https:\/\/lafilledecorinthe.com\/wordpress\/wp-content\/uploads\/2017\/02\/IMG_5183.jpg 3456w, https:\/\/lafilledecorinthe.com\/wordpress\/wp-content\/uploads\/2017\/02\/IMG_5183-680x453.jpg 680w, https:\/\/lafilledecorinthe.com\/wordpress\/wp-content\/uploads\/2017\/02\/IMG_5183-1280x853.jpg 1280w, https:\/\/lafilledecorinthe.com\/wordpress\/wp-content\/uploads\/2017\/02\/IMG_5183-450x300.jpg 450w\" sizes=\"auto, (max-width: 3456px) 100vw, 3456px\" \/><\/a><\/figure>\n<\/div>\n\n\n<p><\/p>\n\n\n<div class=\"wp-block-image\">\n<figure class=\"aligncenter\"><a href=\"https:\/\/lafilledecorinthe.com\/wordpress\/wp-content\/uploads\/2017\/02\/IMG_5195.jpg\"><img loading=\"lazy\" decoding=\"async\" width=\"3456\" height=\"2304\" src=\"https:\/\/lafilledecorinthe.com\/wordpress\/wp-content\/uploads\/2017\/02\/IMG_5195.jpg\" alt=\"Atelier du 25\/03\/17\" class=\"wp-image-8107\" srcset=\"https:\/\/lafilledecorinthe.com\/wordpress\/wp-content\/uploads\/2017\/02\/IMG_5195.jpg 3456w, https:\/\/lafilledecorinthe.com\/wordpress\/wp-content\/uploads\/2017\/02\/IMG_5195-680x453.jpg 680w, https:\/\/lafilledecorinthe.com\/wordpress\/wp-content\/uploads\/2017\/02\/IMG_5195-1280x853.jpg 1280w, https:\/\/lafilledecorinthe.com\/wordpress\/wp-content\/uploads\/2017\/02\/IMG_5195-450x300.jpg 450w\" sizes=\"auto, (max-width: 3456px) 100vw, 3456px\" \/><\/a><\/figure>\n<\/div>\n\n\n<p><\/p>\n\n\n<div class=\"wp-block-image\">\n<figure class=\"aligncenter\"><a href=\"https:\/\/lafilledecorinthe.com\/wordpress\/wp-content\/uploads\/2017\/02\/IMG_5246.jpg\"><img loading=\"lazy\" decoding=\"async\" width=\"3456\" height=\"2304\" src=\"https:\/\/lafilledecorinthe.com\/wordpress\/wp-content\/uploads\/2017\/02\/IMG_5246.jpg\" alt=\"IMG_5246\" class=\"wp-image-8112\" srcset=\"https:\/\/lafilledecorinthe.com\/wordpress\/wp-content\/uploads\/2017\/02\/IMG_5246.jpg 3456w, https:\/\/lafilledecorinthe.com\/wordpress\/wp-content\/uploads\/2017\/02\/IMG_5246-680x453.jpg 680w, https:\/\/lafilledecorinthe.com\/wordpress\/wp-content\/uploads\/2017\/02\/IMG_5246-1280x853.jpg 1280w, https:\/\/lafilledecorinthe.com\/wordpress\/wp-content\/uploads\/2017\/02\/IMG_5246-450x300.jpg 450w\" sizes=\"auto, (max-width: 3456px) 100vw, 3456px\" \/><\/a><\/figure>\n<\/div>\n\n\n<p><\/p>\n\n\n\n<p>Apr\u00e8s un parcours dans l&rsquo;exposition, les enfants en bin\u00f4me&nbsp;jouent avec leur propre visage en utilisant quelques fonctionnalit\u00e9s du logiciel de retouche d&rsquo;images en ligne, <a href=\"https:\/\/pixlr.com\/\" target=\"_blank\" rel=\"noopener\">pixlr.com<\/a>.<\/p>\n\n\n<div class=\"wp-block-image\">\n<figure class=\"aligncenter\"><a href=\"https:\/\/lafilledecorinthe.com\/wordpress\/wp-content\/uploads\/2017\/02\/IMG_5312.jpg\"><img loading=\"lazy\" decoding=\"async\" width=\"3456\" height=\"2304\" src=\"https:\/\/lafilledecorinthe.com\/wordpress\/wp-content\/uploads\/2017\/02\/IMG_5312.jpg\" alt=\"IMG_5312\" class=\"wp-image-8105\" srcset=\"https:\/\/lafilledecorinthe.com\/wordpress\/wp-content\/uploads\/2017\/02\/IMG_5312.jpg 3456w, https:\/\/lafilledecorinthe.com\/wordpress\/wp-content\/uploads\/2017\/02\/IMG_5312-680x453.jpg 680w, https:\/\/lafilledecorinthe.com\/wordpress\/wp-content\/uploads\/2017\/02\/IMG_5312-1280x853.jpg 1280w, https:\/\/lafilledecorinthe.com\/wordpress\/wp-content\/uploads\/2017\/02\/IMG_5312-450x300.jpg 450w\" sizes=\"auto, (max-width: 3456px) 100vw, 3456px\" \/><\/a><\/figure>\n<\/div>\n\n\n<p><\/p>\n\n\n<div class=\"wp-block-image\">\n<figure class=\"aligncenter\"><a href=\"https:\/\/lafilledecorinthe.com\/wordpress\/wp-content\/uploads\/2017\/02\/IMG_5333.jpg\"><img loading=\"lazy\" decoding=\"async\" width=\"2366\" height=\"1651\" src=\"https:\/\/lafilledecorinthe.com\/wordpress\/wp-content\/uploads\/2017\/02\/IMG_5333.jpg\" alt=\"IMG_5333\" class=\"wp-image-8106\" srcset=\"https:\/\/lafilledecorinthe.com\/wordpress\/wp-content\/uploads\/2017\/02\/IMG_5333.jpg 2366w, https:\/\/lafilledecorinthe.com\/wordpress\/wp-content\/uploads\/2017\/02\/IMG_5333-680x475.jpg 680w, https:\/\/lafilledecorinthe.com\/wordpress\/wp-content\/uploads\/2017\/02\/IMG_5333-1280x893.jpg 1280w, https:\/\/lafilledecorinthe.com\/wordpress\/wp-content\/uploads\/2017\/02\/IMG_5333-430x300.jpg 430w\" sizes=\"auto, (max-width: 2366px) 100vw, 2366px\" \/><\/a><\/figure>\n<\/div>\n\n\n<p><\/p>\n\n\n<div class=\"wp-block-image\">\n<figure class=\"aligncenter\"><a href=\"https:\/\/lafilledecorinthe.com\/wordpress\/wp-content\/uploads\/2017\/02\/IMG_5305.jpg\"><img loading=\"lazy\" decoding=\"async\" width=\"3456\" height=\"2304\" src=\"https:\/\/lafilledecorinthe.com\/wordpress\/wp-content\/uploads\/2017\/02\/IMG_5305.jpg\" alt=\"IMG_5305\" class=\"wp-image-8108\" srcset=\"https:\/\/lafilledecorinthe.com\/wordpress\/wp-content\/uploads\/2017\/02\/IMG_5305.jpg 3456w, https:\/\/lafilledecorinthe.com\/wordpress\/wp-content\/uploads\/2017\/02\/IMG_5305-680x453.jpg 680w, https:\/\/lafilledecorinthe.com\/wordpress\/wp-content\/uploads\/2017\/02\/IMG_5305-1280x853.jpg 1280w, https:\/\/lafilledecorinthe.com\/wordpress\/wp-content\/uploads\/2017\/02\/IMG_5305-450x300.jpg 450w\" sizes=\"auto, (max-width: 3456px) 100vw, 3456px\" \/><\/a><\/figure>\n<\/div>\n\n\n<p><\/p>\n","protected":false},"excerpt":{"rendered":"<p>L&rsquo;artiste am\u00e9ricain, Peter Campus, pionnier de l&rsquo;art vid\u00e9o est \u00e0 l&rsquo;honneur dans la nouvelle exposition du Jeu de Paume, \u00ab\u00a0peter campus, video ergo sum\u00a0\u00bb. Cette r\u00e9trospective pr\u00e9sente ses installations en circuit ferm\u00e9, ses vid\u00e9os analogiques et num\u00e9riques ainsi que&nbsp;son travail photographique. D\u00e8s les premi\u00e8res salles, la participation des visiteurs est sollicit\u00e9e. Les installations sont notamment&#8230;<\/p>\n","protected":false},"author":2,"featured_media":8104,"comment_status":"open","ping_status":"open","sticky":false,"template":"","format":"standard","meta":{"_kad_post_transparent":"","_kad_post_title":"","_kad_post_layout":"","_kad_post_sidebar_id":"","_kad_post_content_style":"","_kad_post_vertical_padding":"","_kad_post_feature":"","_kad_post_feature_position":"","_kad_post_header":false,"_kad_post_footer":false,"_kad_post_classname":"","footnotes":""},"categories":[7],"tags":[48,190,1462,1460,1461],"class_list":["post-8040","post","type-post","status-publish","format-standard","has-post-thumbnail","hentry","category-ateliers-enfants","tag-jeu-de-paume","tag-les-enfants-dabord","tag-les-images-nous-transforment","tag-peter-campus","tag-video-ergo-sum"],"_links":{"self":[{"href":"https:\/\/lafilledecorinthe.com\/wordpress\/wp-json\/wp\/v2\/posts\/8040","targetHints":{"allow":["GET"]}}],"collection":[{"href":"https:\/\/lafilledecorinthe.com\/wordpress\/wp-json\/wp\/v2\/posts"}],"about":[{"href":"https:\/\/lafilledecorinthe.com\/wordpress\/wp-json\/wp\/v2\/types\/post"}],"author":[{"embeddable":true,"href":"https:\/\/lafilledecorinthe.com\/wordpress\/wp-json\/wp\/v2\/users\/2"}],"replies":[{"embeddable":true,"href":"https:\/\/lafilledecorinthe.com\/wordpress\/wp-json\/wp\/v2\/comments?post=8040"}],"version-history":[{"count":11,"href":"https:\/\/lafilledecorinthe.com\/wordpress\/wp-json\/wp\/v2\/posts\/8040\/revisions"}],"predecessor-version":[{"id":15179,"href":"https:\/\/lafilledecorinthe.com\/wordpress\/wp-json\/wp\/v2\/posts\/8040\/revisions\/15179"}],"wp:featuredmedia":[{"embeddable":true,"href":"https:\/\/lafilledecorinthe.com\/wordpress\/wp-json\/wp\/v2\/media\/8104"}],"wp:attachment":[{"href":"https:\/\/lafilledecorinthe.com\/wordpress\/wp-json\/wp\/v2\/media?parent=8040"}],"wp:term":[{"taxonomy":"category","embeddable":true,"href":"https:\/\/lafilledecorinthe.com\/wordpress\/wp-json\/wp\/v2\/categories?post=8040"},{"taxonomy":"post_tag","embeddable":true,"href":"https:\/\/lafilledecorinthe.com\/wordpress\/wp-json\/wp\/v2\/tags?post=8040"}],"curies":[{"name":"wp","href":"https:\/\/api.w.org\/{rel}","templated":true}]}}