{"id":7962,"date":"2017-02-09T14:34:01","date_gmt":"2017-02-09T13:34:01","guid":{"rendered":"http:\/\/lafilledecorinthe.com\/wordpress\/?p=7962"},"modified":"2025-12-09T15:45:10","modified_gmt":"2025-12-09T14:45:10","slug":"yulia-aronova-artiste-et-realisatrice","status":"publish","type":"post","link":"https:\/\/lafilledecorinthe.com\/wordpress\/2017\/02\/yulia-aronova-artiste-et-realisatrice\/","title":{"rendered":"Yulia Aronova, artiste et r\u00e9alisatrice"},"content":{"rendered":"\n<p><em>Chaque ann\u00e9e, le festival <a href=\"https:\/\/ecransvo.org\/\" target=\"_blank\" rel=\"noopener\">Image par Image<\/a> invite un r\u00e9alisateur \u00e0 concevoir sa bande annonce et son affiche. C&rsquo;est l&rsquo;artiste russe,\u00a0Yulia Aronova, qui a relev\u00e9 ce d\u00e9fi pour l&rsquo;\u00e9dition 2017. Nous sommes v\u00e9ritablement saisis par la richesse de sa proposition. En moins d&rsquo;une minute, une ferme-cin\u00e9ma se cr\u00e9e sous nos yeux. C&rsquo;est dr\u00f4le et \u00e9mouvant \u00e0 la fois. Ce petit bijou anim\u00e9 qui ouvrira toutes les s\u00e9ances du festival c\u00e9l\u00e8bre le cin\u00e9ma et l&rsquo;intelligence des spectateurs.<\/em><br><em>Spectateurs qui pourront aussi d\u00e9couvrir dans le programme sp\u00e9cial du festival \u00ab\u00a0Grand-Petit et petits-grands\u00a0\u00bb son dernier court-m\u00e9trage produit lors d&rsquo;une r\u00e9sidence au studio Folimage,\u00a0\u00ab\u00a0One, two, tree&#8230;\u00a0\u00bb. \u00c7a pulse aussi !<\/em><\/p>\n\n\n\n<p><strong>Pouvez-vous vous pr\u00e9senter en quelques mots ?<\/strong><\/p>\n\n\n\n<p>Je me d\u00e9finis plus comme une artiste que comme une r\u00e9alisatrice. M\u00eame si j&rsquo;adore raconter des histoires je n&rsquo;ai pas&nbsp;l&rsquo;assurance absolue d&rsquo;\u00eatre une bonne r\u00e9alisatrice. Par contre je dessine depuis toujours et le style graphique est tr\u00e8s important pour moi. C&rsquo;est comme une signature. Je me sens \u00e0 l&rsquo;aise avec le \u00ab\u00a0comment faire\u00a0\u00bb alors que le \u00ab\u00a0quoi dire\u00a0\u00bb me pose toujours probl\u00e8me&#8230;<\/p>\n\n\n\n<p><strong>Qu&rsquo;est-ce qui a \u00e9t\u00e9 le plus formateur pour vous dans votre enfance ?<\/strong><\/p>\n\n\n\n<p>J&rsquo;ai grandi dans une famille de m\u00e9decins. D\u00e8s trois ans j&rsquo;ai commenc\u00e9 \u00e0 dessiner. J&rsquo;\u00e9tais souvent seule avec mes dessins. Je me cr\u00e9ais un monde imaginaire. Mon p\u00e8re aurait voulu que je devienne dentiste mais il ne m&rsquo;a pas emp\u00each\u00e9e de choisir une formation artistique. C&rsquo;est apr\u00e8s l&rsquo;enfance, dans mon \u00e9cole d&rsquo;art, que j&rsquo;ai rencontr\u00e9 des professeurs qui ont \u00e9t\u00e9 importants pour moi.<\/p>\n\n\n\n<p><strong>Une image qui vous accompagne&#8230;<\/strong><\/p>\n\n\n\n<p>Je change tous les jours&#8230; Aujourd&rsquo;hui c&rsquo;est le tableau qui est derri\u00e8re vous, je suis fascin\u00e9e par cette forme rouge. Hier c&rsquo;\u00e9tait un portrait&#8230; Une photo de famille prise par mon p\u00e8re lorsque j&rsquo;avais six ans&nbsp;est importante pour moi. Mon&nbsp;p\u00e8re m&rsquo;a photographi\u00e9 avec ma soeur ain\u00e9e et ma m\u00e8re au bord de la mer. Chacune de nous trois a pris une pose diff\u00e9rente qui repr\u00e9sente son caract\u00e8re. (<em>Faute de voir la photo, Yulia me mime les trois poses, c&rsquo;est tr\u00e8s dr\u00f4le ! Yulia a aussi des talents d&rsquo;actrice !<\/em>) Presque trente ans apr\u00e8s nous avons refait cette photo en Inde en r\u00e9p\u00e9tant les gestes de la photographie initiale.<\/p>\n\n\n\n<p><strong>Pouvez-vous nous parler de votre formation artistique ?<\/strong><\/p>\n\n\n\n<p>A l&rsquo;adolescence j&rsquo;ai int\u00e9gr\u00e9 l&rsquo;Institut National de la Cin\u00e9matographie \u00e0 Moscou (VGIK). J&rsquo;ai choisi la section \u00ab\u00a0cin\u00e9ma de fiction\u00a0\u00bb parce que c&rsquo;\u00e9tait prestigieux.<em> (Eclats de rire)&nbsp;<\/em>Lorsque je me suis retrouv\u00e9e seule sur un grand plateau avec des techniciens \u00e0 diriger, j&rsquo;ai vite compris que \u00e7a n&rsquo;\u00e9tait pas pour moi. (<em>Yulia mime alors un \u00ab\u00a0technicien russe\u00a0\u00bb. Hilarant ! J&rsquo;aurais d\u00fb avoir une cam\u00e9ra avec moi !). <\/em>J&rsquo;ai \u00e9chang\u00e9 ma place avec un \u00e9tudiant qui \u00e9tait dans la section \u00ab\u00a0cin\u00e9ma d&rsquo;animation\u00a0\u00bb. J&rsquo;ai trouv\u00e9 alors un monde dont l&rsquo;\u00e9chelle me correspondait mieux.<\/p>\n\n\n\n<p><strong>Connaissiez-vous alors le monde de l&rsquo;animation ?<\/strong><\/p>\n\n\n\n<p>Non pas du tout. Ma seule r\u00e9f\u00e9rence \u00e9tait <em>Wallace et Gromit. <\/em>Je suis tomb\u00e9e amoureuse du cin\u00e9ma d&rsquo;animation en le faisant. A l&rsquo;\u00e9cole on dessinait beaucoup, presque toute la journ\u00e9e ! J&rsquo;ai fait mon premier film clandestinement dans un petit souterrain sous&nbsp;l&rsquo;\u00e9cole avec un copain comme op\u00e9rateur. Il racontait l&rsquo;histoire d&rsquo;un \u00e9l\u00e9phant et d&rsquo;un chien. Mes acteurs \u00e9taient des marionnettes. On l&rsquo;a tourn\u00e9 avec une cam\u00e9ra argentique. On n&rsquo;avait pas de retour sur l&rsquo;animation avant de d\u00e9velopper la pellicule. Le mouvement est tr\u00e8s saccad\u00e9 mais je garde pr\u00e9cieusement ce film car gr\u00e2ce \u00e0 lui, j&rsquo;ai compris ce que je voulais faire&#8230; Faire de l&rsquo;animation est pour moi une forme de m\u00e9ditation, un espace mental o\u00f9 je suis bien. Cependant je fais toujours mes films dans l&rsquo;intention de les montrer&#8230;<\/p>\n\n\n\n<p><strong><a href=\"https:\/\/vimeo.com\/12643559\" target=\"_blank\" rel=\"noopener\"><em>Eskimo <\/em><\/a>est-il votre&nbsp;film de fin d&rsquo;\u00e9tudes ?<\/strong><\/p>\n\n\n<div class=\"wp-block-image\">\n<figure class=\"aligncenter\"><a href=\"https:\/\/lafilledecorinthe.com\/wordpress\/wp-content\/uploads\/2017\/02\/eskimo.jpeg\"><img loading=\"lazy\" decoding=\"async\" width=\"636\" height=\"358\" src=\"https:\/\/lafilledecorinthe.com\/wordpress\/wp-content\/uploads\/2017\/02\/eskimo.jpeg\" alt=\"eskimo\" class=\"wp-image-7972\" srcset=\"https:\/\/lafilledecorinthe.com\/wordpress\/wp-content\/uploads\/2017\/02\/eskimo.jpeg 636w, https:\/\/lafilledecorinthe.com\/wordpress\/wp-content\/uploads\/2017\/02\/eskimo-500x281.jpeg 500w\" sizes=\"auto, (max-width: 636px) 100vw, 636px\" \/><\/a><figcaption class=\"wp-element-caption\"><em>Eskimo<\/em> de Yulia Aronova, 2004<\/figcaption><\/figure>\n<\/div>\n\n\n<p>Non, il n&rsquo;y a pas de film de fin d&rsquo;\u00e9tudes \u00e0&nbsp;VGIK. En derni\u00e8re ann\u00e9e on doit pr\u00e9senter de grandes esquisses qui d\u00e9finissent un travail de pr\u00e9production, qui d\u00e9terminent le style graphique, le design du film \u00e0 venir. J&rsquo;ai propos\u00e9 des dessins \u00e0 partir d&rsquo;un texte de Marina Tsvetaeva sur sa relation \u00e0 sa m\u00e8re et \u00e0 la musique (<em>Yulia reprendra plus tard ce travail pr\u00e9paratoire pour r\u00e9aliser son tr\u00e8s beau court m\u00e9trage Mother and Music<\/em>). Pour la petite histoire, chaque \u00e9tudiant \u00e0 un parrain qui est souvent un professionnel reconnu, j&rsquo;ai eu la chance d&rsquo;avoir <a title=\"Youri Norstein au Forum des Images\" href=\"https:\/\/lafilledecorinthe.com\/wordpress\/2012\/03\/youri-norstein-au-forum-des-images\/\" target=\"_blank\" rel=\"noopener\">Youri Norstein<\/a>. Ce dernier \u00e9tait tr\u00e8s critique par rapport \u00e0 l&rsquo;enseignement donn\u00e9 \u00e0 l&rsquo;\u00e9cole. Face \u00e0 mes grands dessins il disait toujours de dessiner plus petit, que c&rsquo;\u00e9tait plus po\u00e9tique&#8230; A la sortie de l&rsquo;\u00e9cole, j&rsquo;ai eu la moins bonne note de tous les \u00e9tudiants en animation, je n&rsquo;\u00e9tais pas conforme \u00e0 leurs attentes.<\/p>\n\n\n\n<p><strong>Comment avez-vous alors r\u00e9alis\u00e9 <em>Eskimo<\/em> ?<\/strong><\/p>\n\n\n\n<p>J&rsquo;\u00e9tais attir\u00e9e par l&rsquo;animation en volume. Tout en \u00e9tant \u00e9tudiante, j&rsquo;ai rencontr\u00e9 des sp\u00e9cialistes de la marionnette dans des petits studios \u00e0 Moscou. Ils m&rsquo;ont beaucoup appris. Un \u00e9tudiant canadien, Pierre Boulanger, suivait \u00e0&nbsp;VGIK des \u00e9tudes de r\u00e9alisation de films de fiction. C&rsquo;est lui qui m&rsquo;a donn\u00e9 l&rsquo;id\u00e9e du pingouin et du cirque. Apr\u00e8s l&rsquo;\u00e9cole, j&rsquo;ai demand\u00e9 \u00e0 ma grand-m\u00e8re de me pr\u00eater une pi\u00e8ce de son appartement, je l&rsquo;ai transform\u00e9e en un tr\u00e8s beau studio. Pendant quatre mois avec un op\u00e9rateur japonais, Makoto Sembon, qui \u00e9tait aussi \u00e9tudiant \u00e0&nbsp;VGIK, nous avons r\u00e9alis\u00e9 le film. C&rsquo;est un tr\u00e8s bon souvenir.<\/p>\n\n\n\n<p><strong>D\u00e8s ce premier film vous avez collabor\u00e9 avec le musicien Lev Slepner ?<\/strong><\/p>\n\n\n\n<p>C&rsquo;est mon copain qui \u00e9tait sp\u00e9cialiste du son qui me l&rsquo;a fait rencontrer. Je consid\u00e8re Lev comme mon co-auteur. J&rsquo;adore son travail, nous&nbsp;nous comprenons&#8230;<\/p>\n\n\n<div class=\"wp-block-image\">\n<figure class=\"aligncenter\"><a href=\"https:\/\/lafilledecorinthe.com\/wordpress\/wp-content\/uploads\/2017\/02\/Lev.jpg\"><img loading=\"lazy\" decoding=\"async\" width=\"366\" height=\"550\" src=\"https:\/\/lafilledecorinthe.com\/wordpress\/wp-content\/uploads\/2017\/02\/Lev.jpg\" alt=\"Lev Slepner en concert\" class=\"wp-image-7971\" srcset=\"https:\/\/lafilledecorinthe.com\/wordpress\/wp-content\/uploads\/2017\/02\/Lev.jpg 366w, https:\/\/lafilledecorinthe.com\/wordpress\/wp-content\/uploads\/2017\/02\/Lev-200x300.jpg 200w\" sizes=\"auto, (max-width: 366px) 100vw, 366px\" \/><\/a><figcaption class=\"wp-element-caption\">Lev Slepner en concert<\/figcaption><\/figure>\n<\/div>\n\n\n<p><strong>Comment travaillez-vous ensemble <\/strong><\/p>\n\n\n\n<p><em>Lorsque l&rsquo;animatique de mon film est pr\u00eat, je mets des morceaux de musique provisoires dessus. Ce sont des r\u00e9f\u00e9rences.\u00a0\u00c7a donne l&rsquo;ambiance, le rythme que je d\u00e9sire&#8230; Ensuite je donne cette maquette \u00e0 Lev. Il me propose toujours une composition magnifique, il a un sacr\u00e9 talent. Nous discutons \u00e9norm\u00e9ment.\u00a0Il fait beaucoup de propositions. Le plus dur c&rsquo;est de couper, de choisir dans sa musique. En plus d&rsquo;\u00eatre compositeur Lev est un musicien de jazz, il aime faire des concerts avec son groupe.<\/em><\/p>\n\n\n\n<p><strong><em>Presque tous vos films sont \u00ab\u00a0sans parole\u00a0\u00bb,\u00a0pourquoi ce choix ?<\/em><\/strong><\/p>\n\n\n\n<p><em>L&rsquo;animation est d\u00e9j\u00e0 une langue en soi. C&rsquo;est la langue des gestes, du rythme, du graphisme&#8230; Si je peux montrer quelque chose sans mot, je pr\u00e9f\u00e8re. C&rsquo;est l&rsquo;\u00e9cole de Chaplin !<\/em><\/p>\n\n\n\n<p><strong>Eskimo a remport\u00e9 plusieurs prix dans les festivals. Cette reconnaissance a-t-elle facilit\u00e9 votre int\u00e9gration dans le monde du travail ?<\/strong><\/p>\n\n\n\n<p><br><em>\u00c7a n&rsquo;a pas \u00e9t\u00e9 imm\u00e9diat, il a fallu du temps pour que le film existe et soit connu. Mais Eskimo est une bonne exp\u00e9rience. Lorsque j&rsquo;ai fait le tour des studios, c&rsquo;\u00e9tait ma carte de visite. Je pouvais dire \u00ab\u00a0je sais faire \u00e7a\u00a0\u00bb ! Ce qui a compt\u00e9 pour moi c&rsquo;est mon premier festival \u00e0 <\/em><a href=\"https:\/\/www.suzdalfest.ru\/\"><em>Souzdal<\/em><\/a><em> en Russie, j&rsquo;ai re\u00e7u le prix Alexander Tatarsky et le prix du nouveau talent pour\u00a0Eskimo en 2004.<\/em><\/p>\n\n\n\n<p><strong><em>Apr\u00e8s\u00a0Eskimo vous r\u00e9alisez donc<\/em><\/strong><a href=\"https:\/\/vimeo.com\/13779085%20\"><\/a><a href=\"https:\/\/vimeo.com\/13779085\"><strong><em>Beetle, boat, apricot <\/em><\/strong><\/a><strong><em>dans les studios Animos puis\u00a0<\/em><\/strong><a href=\"https:\/\/vimeo.com\/15459035\"><strong><em>Mother and Music<\/em><\/strong><\/a><strong><em>. Ces deux films semblent deux parties d&rsquo;une m\u00eame oeuvre. Deux po\u00e8mes visuels assez nostalgiques o\u00f9 l&rsquo;on voyage entre r\u00eave et r\u00e9alit\u00e9&#8230;<\/em><\/strong><\/p>\n\n\n\n<p><em>Quand j&rsquo;ai fait ces deux films j&rsquo;\u00e9tais tr\u00e8s jeune, je voulais \u00eatre prise au s\u00e9rieux. Et pour \u00e7a je pensais qu&rsquo;il fallait faire des choses tr\u00e8s dramatiques, tr\u00e8s po\u00e9tiques, tr\u00e8s artistiques ! (grands \u00e9clats de rire). Il m&rsquo;\u00e9tait impossible alors de faire des choses simples, dr\u00f4les, l\u00e9g\u00e8res.<\/em><\/p>\n\n\n\n<address><\/address>\n\n\n<div class=\"wp-block-image\">\n<figure class=\"aligncenter\"><a href=\"https:\/\/lafilledecorinthe.com\/wordpress\/wp-content\/uploads\/2017\/02\/abricot.jpg\"><img loading=\"lazy\" decoding=\"async\" width=\"300\" height=\"240\" src=\"https:\/\/lafilledecorinthe.com\/wordpress\/wp-content\/uploads\/2017\/02\/abricot.jpg\" alt=\"abricot\" class=\"wp-image-7988\"\/><\/a><figcaption class=\"wp-element-caption\"><em>Beetle, boat, apricot<\/em> de\u00a0Yulia Aronova, 2005<\/figcaption><\/figure>\n<\/div>\n\n\n<p><strong>Ces deux films se ressemblent aussi beaucoup au niveau de la technique utilis\u00e9e. Elle rappelle l&rsquo;ambiance des films de Youri Norstein.&nbsp;<\/strong><\/p>\n\n\n\n<p><br><em>Je n&rsquo;y ai pas pens\u00e9 quand je les ai faits. J&rsquo;ai effectivement utilis\u00e9 une technique traditionnelle. Ce sont deux films tourn\u00e9s en pellicule sur un vrai banc titre avec des glaces. J&rsquo;ai utilis\u00e9 comme\u00a0Youri Norstein la technique du papier d\u00e9coup\u00e9 avec une texture d&rsquo;aquarelle. Je suis \u00e0 l&rsquo;origine d&rsquo;une rumeur amusante. Un journaliste me faisait remarquer, comme vous, la proximit\u00e9 de mon travail avec celui de\u00a0Norstein. Pour rire je lui ai dit qu&rsquo;il \u00e9tait mon oncle et qu&rsquo;il \u00e9tait normal de pr\u00e9server notre tradition familiale. Il m&rsquo;a cru et la rumeur s&rsquo;est r\u00e9pandue&#8230; Plus tard j&rsquo;ai revu\u00a0Youri Norstein lors d&rsquo;un festival, il a beaucoup ri et m&rsquo;a dit qu&rsquo;il \u00e9tait tr\u00e8s heureux d&rsquo;avoir une ni\u00e8ce comme moi. C&rsquo;est donc officiel, je suis la ni\u00e8ce de\u00a0Youri Norstein !<\/em><\/p>\n\n\n<div class=\"wp-block-image\">\n<figure class=\"aligncenter\"><a href=\"https:\/\/lafilledecorinthe.com\/wordpress\/wp-content\/uploads\/2017\/02\/Mother-and-music.jpg\"><img loading=\"lazy\" decoding=\"async\" width=\"700\" height=\"525\" src=\"https:\/\/lafilledecorinthe.com\/wordpress\/wp-content\/uploads\/2017\/02\/Mother-and-music.jpg\" alt=\"Mother and music\" class=\"wp-image-7989\" srcset=\"https:\/\/lafilledecorinthe.com\/wordpress\/wp-content\/uploads\/2017\/02\/Mother-and-music.jpg 700w, https:\/\/lafilledecorinthe.com\/wordpress\/wp-content\/uploads\/2017\/02\/Mother-and-music-680x510.jpg 680w, https:\/\/lafilledecorinthe.com\/wordpress\/wp-content\/uploads\/2017\/02\/Mother-and-music-400x300.jpg 400w\" sizes=\"auto, (max-width: 700px) 100vw, 700px\" \/><\/a><figcaption class=\"wp-element-caption\"><em>Mother and Music<\/em> de Yulia Aronova, 2006<\/figcaption><\/figure>\n<\/div>\n\n\n<p><strong><em>A part votre parrain et oncle, avez-vous d&rsquo;autres influences artistiques ?<\/em><\/strong><\/p>\n\n\n\n<p><em>C&rsquo;est banal de dire Hayao Miyazaki mais son travail est g\u00e9nial ! J&rsquo;adore aussi\u00a0Swankmajer et les\u00a0Fr\u00e8res Quay. En m\u00eame temps, j&rsquo;aime les s\u00e9ries comme les Simpson. Et bien s\u00fbr \u00a0<\/em><a href=\"https:\/\/design.hse.ru\/team\/11609\"><em>Igor Kovalev<\/em><\/a><em>. Lorsqu&rsquo;il m&rsquo;a donn\u00e9 un prix au festival Krok pour\u00a0\u041cy mum is an Airplane,\u00a0c&rsquo;\u00e9tait magnifique !<\/em><\/p>\n\n\n<div class=\"wp-block-image\">\n<figure class=\"aligncenter\"><a href=\"https:\/\/lafilledecorinthe.com\/wordpress\/wp-content\/uploads\/2017\/02\/Kovalev.jpg\"><img loading=\"lazy\" decoding=\"async\" width=\"1280\" height=\"720\" src=\"https:\/\/lafilledecorinthe.com\/wordpress\/wp-content\/uploads\/2017\/02\/Kovalev.jpg\" alt=\"Burd in the window d'Igor Kovalev, 1996\" class=\"wp-image-7976\" srcset=\"https:\/\/lafilledecorinthe.com\/wordpress\/wp-content\/uploads\/2017\/02\/Kovalev.jpg 1280w, https:\/\/lafilledecorinthe.com\/wordpress\/wp-content\/uploads\/2017\/02\/Kovalev-680x383.jpg 680w, https:\/\/lafilledecorinthe.com\/wordpress\/wp-content\/uploads\/2017\/02\/Kovalev-500x281.jpg 500w\" sizes=\"auto, (max-width: 1280px) 100vw, 1280px\" \/><\/a><figcaption class=\"wp-element-caption\"><em>Bird in the window<\/em> d&rsquo;Igor Kovalev, 1996<\/figcaption><\/figure>\n<\/div>\n\n\n<p><strong><em>Le film suivant,\u00a0<\/em><\/strong><a href=\"https:\/\/vimeo.com\/12595337\"><strong><em>Camilla<\/em><\/strong><\/a><strong><em>, est une v\u00e9ritable rupture par rapport \u00e0 vos courts m\u00e9trages pr\u00e9c\u00e9dents tant dans la forme que dans le fond. C&rsquo;est un ovni cin\u00e9matographique o\u00f9 vous m\u00e9langez diverses techniques d&rsquo;animation avec de la prise de vue continue. Racontez-nous sa gen\u00e8se.<\/em><\/strong><br><br>Je n&rsquo;aime pas ce film. Il est beaucoup trop long, pas assez rythm\u00e9. J&rsquo;aimerais pouvoir refaire enti\u00e8rement le montage. J&rsquo;avais juste au d\u00e9but un personnage qui \u00e9tait un mix de 2D et de 3D. Sa t\u00eate, ses mains et ses bottes \u00e9taient en volume et ses bras et jambes \u00e9taient dessin\u00e9s. Le sc\u00e9nario initial racontait l&rsquo;histoire d&rsquo;un oncle Fred qui allait p\u00eacher. \u00c7a ne marchait pas. Un jour j&rsquo;avais la marionnette sur ma table et j&rsquo;ai pos\u00e9 \u00e0 c\u00f4t\u00e9 d&rsquo;elle un journal dans\u00a0lequel il y avait une photo d&rsquo;actrice. Le rapprochement entre la marionnette et la photo a fait tilt, j&rsquo;avais mon histoire. Une histoire d&rsquo;amour ! Pour faire ce film il y avait une grosse \u00e9quipe, je ne pouvais pas improviser ni modifier les choses. On est\u00a0vraiment libre\u00a0que dans un film d&rsquo;auteur et il faut que le film soit court !<\/p>\n\n\n<div class=\"wp-block-image\">\n<figure class=\"aligncenter\"><a href=\"https:\/\/lafilledecorinthe.com\/wordpress\/wp-content\/uploads\/2017\/02\/Camille.jpg\"><img loading=\"lazy\" decoding=\"async\" width=\"1314\" height=\"736\" src=\"https:\/\/lafilledecorinthe.com\/wordpress\/wp-content\/uploads\/2017\/02\/Camille.jpg\" alt=\"Camille\" class=\"wp-image-7977\" srcset=\"https:\/\/lafilledecorinthe.com\/wordpress\/wp-content\/uploads\/2017\/02\/Camille.jpg 1314w, https:\/\/lafilledecorinthe.com\/wordpress\/wp-content\/uploads\/2017\/02\/Camille-680x381.jpg 680w, https:\/\/lafilledecorinthe.com\/wordpress\/wp-content\/uploads\/2017\/02\/Camille-1280x717.jpg 1280w, https:\/\/lafilledecorinthe.com\/wordpress\/wp-content\/uploads\/2017\/02\/Camille-500x280.jpg 500w\" sizes=\"auto, (max-width: 1314px) 100vw, 1314px\" \/><\/a><figcaption class=\"wp-element-caption\"><em>Camilla<\/em> de Yulia Aronova, 2008<\/figcaption><\/figure>\n<\/div>\n\n\n<p><strong>Au d\u00e9but de la matin\u00e9e vous m&rsquo;avez dit que vous aviez du mal avec&nbsp;le \u00ab\u00a0quoi dire\u00a0\u00bb et pourtant vous devenez sc\u00e9nariste.<\/strong><\/p>\n\n\n\n<p>Oui, j&rsquo;ai suivi des petits cours de sc\u00e9nariste pendant cinq mois apr\u00e8s l&rsquo;\u00e9cole VGIK. Mais l\u00e0 encore c&rsquo;est en pratiquant que j&rsquo;ai appris. Le studio Pchela a un projet int\u00e9ressant, il r\u00e9alise un almanach, une sorte de recueil de courts m\u00e9trages&nbsp;fait par de jeunes r\u00e9alisateurs. Chaque ann\u00e9e ils ont besoin de huit \u00e0 dix sujets. J&rsquo;\u00e9cris dans un carnet les id\u00e9es qui me viennent, j&rsquo;ai puis\u00e9 dans ce fond. J&rsquo;ai fait&nbsp;entre autre le sc\u00e9nario du court m\u00e9trage <a href=\"https:\/\/vimeo.com\/79994967\" target=\"_blank\" rel=\"noopener\"><em>On the wing<\/em><\/a> de Vera Myakisheva. C&rsquo;est dans ce studio que j&rsquo;ai r\u00e9alis\u00e9 mon film <a href=\"https:\/\/vimeo.com\/70678953\" target=\"_blank\" rel=\"noopener\"><em>\u041cy mum is an Airplane<\/em><\/a>. C&rsquo;\u00e9tait totalement nouveau pour moi de travailler pour les enfants.&nbsp;<em>\u041cy mum is an Airplane&nbsp;<\/em>est donc un film de commande. J&rsquo;avais un petit budget et un d\u00e9lai tr\u00e8s court. J&rsquo;ai eu du mal \u00e0 trouver l&rsquo;histoire, j&rsquo;avais \u00e9crit un petit po\u00e8me de trois phrases avec des rimes. J&rsquo;ai demand\u00e9 \u00e0 Sasha Nochin de m&rsquo;aider \u00e0 le continuer. Il a \u00e9crit un tr\u00e8s grand texte, style rap, dans lequel j&rsquo;ai choisi des extraits. Le tournage a \u00e9t\u00e9 tr\u00e8s rapide, le film est en 2D, il est fait sur ordinateur. Chaque histoire appelle sa&nbsp;technique. J&rsquo;aime&nbsp;ne pas \u00eatre enferm\u00e9e dans un style, dans une technique.<\/p>\n\n\n<div class=\"wp-block-image\">\n<figure class=\"aligncenter\"><a href=\"https:\/\/lafilledecorinthe.com\/wordpress\/wp-content\/uploads\/2017\/02\/mum.jpg\"><img loading=\"lazy\" decoding=\"async\" width=\"1926\" height=\"1086\" src=\"https:\/\/lafilledecorinthe.com\/wordpress\/wp-content\/uploads\/2017\/02\/mum.jpg\" alt=\"mum\" class=\"wp-image-7981\" srcset=\"https:\/\/lafilledecorinthe.com\/wordpress\/wp-content\/uploads\/2017\/02\/mum.jpg 1926w, https:\/\/lafilledecorinthe.com\/wordpress\/wp-content\/uploads\/2017\/02\/mum-680x383.jpg 680w, https:\/\/lafilledecorinthe.com\/wordpress\/wp-content\/uploads\/2017\/02\/mum-1280x722.jpg 1280w, https:\/\/lafilledecorinthe.com\/wordpress\/wp-content\/uploads\/2017\/02\/mum-500x282.jpg 500w\" sizes=\"auto, (max-width: 1926px) 100vw, 1926px\" \/><\/a><figcaption class=\"wp-element-caption\"><em>\u041cy mum is an Airplane<\/em> de Yulia Aronova,\u00a02013<\/figcaption><\/figure>\n<\/div>\n\n\n<p>J&rsquo;aimerais publier un album jeunesse \u00e0 partir de cette histoire. Ce n&rsquo;est pas facile de trouver un \u00e9diteur russe.&nbsp;La maquette du livre est presque termin\u00e9e, j&rsquo;ai 26 dessins avec des petits po\u00e8mes. Je vais aller \u00e0 la foire du livre de jeunesse de Bologne en avril prochain.<\/p>\n\n\n\n<p><strong>Votre dernier court m\u00e9trage <em>One, two, tree &#8230;&nbsp;<\/em>a \u00e9t\u00e9 r\u00e9alis\u00e9 lors d&rsquo;une r\u00e9sidence \u00e0 Folimage. Racontez-moi \u00e7a !<\/strong><\/p>\n\n\n\n<p>J&rsquo;ai rencontr\u00e9 <a title=\"\u00ab&nbsp;Pastels enchant\u00e9s&nbsp;\u00bb de Zoia Trofimova\" href=\"https:\/\/lafilledecorinthe.com\/wordpress\/2013\/09\/pastels-enchantes-de-zoia-trofimova\/\">Zoia Trofimova<\/a> \u00e0 Annecy. Elle m&rsquo;a expliqu\u00e9 le principe de la r\u00e9sidence \u00e0 Folimage. Je devais concevoir un projet amusant pour les enfants d&rsquo;une dur\u00e9e de 5 minutes maximum.&nbsp;J&rsquo;ai associ\u00e9&nbsp;deux mots, les mots \u00ab\u00a0arbre et bottes<em>\u00a0\u00bb&nbsp;<\/em>et mon imagination s&rsquo;est emball\u00e9e. Le dossier \u00e9tait tr\u00e8s complet, je devais produire un sc\u00e9nario, un synopsis et un storyboard. Au dernier moment avant de l&rsquo;envoyer j&rsquo;ai ajout\u00e9 dans le paquet des feuilles d&rsquo;arbres que je venais de cueillir. Je ne sais pas si c&rsquo;est \u00e7a qui m&rsquo;a port\u00e9 chance mais j&rsquo;ai \u00e9t\u00e9 choisie et l\u00e0 c&rsquo;\u00e9tait le grand bonheur, comme dans un r\u00eave ! Je suis arriv\u00e9e \u00e0 Valence au printemps, les arbres \u00e9taient en fleurs. On retrouve les cerisiers roses dans la s\u00e9quence chez le coiffeur !<\/p>\n\n\n<div class=\"wp-block-image\">\n<figure class=\"aligncenter\"><a href=\"https:\/\/lafilledecorinthe.com\/wordpress\/wp-content\/uploads\/2017\/02\/rose.jpg\"><img loading=\"lazy\" decoding=\"async\" width=\"1860\" height=\"1041\" src=\"https:\/\/lafilledecorinthe.com\/wordpress\/wp-content\/uploads\/2017\/02\/rose.jpg\" alt=\"rose\" class=\"wp-image-7983\" srcset=\"https:\/\/lafilledecorinthe.com\/wordpress\/wp-content\/uploads\/2017\/02\/rose.jpg 1860w, https:\/\/lafilledecorinthe.com\/wordpress\/wp-content\/uploads\/2017\/02\/rose-680x381.jpg 680w, https:\/\/lafilledecorinthe.com\/wordpress\/wp-content\/uploads\/2017\/02\/rose-1280x716.jpg 1280w, https:\/\/lafilledecorinthe.com\/wordpress\/wp-content\/uploads\/2017\/02\/rose-500x280.jpg 500w\" sizes=\"auto, (max-width: 1860px) 100vw, 1860px\" \/><\/a><figcaption class=\"wp-element-caption\"><em>One, two, tree<\/em> de Yulia Aronova, 2015<\/figcaption><\/figure>\n<\/div>\n\n\n<p>J&rsquo;avais neuf mois pour produire mon film, je travaillais du matin au soir. J&rsquo;\u00e9tais tr\u00e8s motiv\u00e9e et tr\u00e8s concentr\u00e9e. J&rsquo;ai chang\u00e9 tr\u00e8s peu de choses dans l&rsquo;histoire.<\/p>\n\n\n\n<p><strong>Ce court m\u00e9trage est d\u00e9j\u00e0 sorti en France avec trois autres films choisis par Folimage sous le titre <a href=\"http:\/\/www.folimage.fr\/fr\/distribution\/programmes\/neige-et-les-arbres-magiques_21.htm\" target=\"_blank\" rel=\"noopener\"><em>Neige et les arbres magiques<\/em><\/a>. Il participe cette ann\u00e9e \u00e0 un autre programme con\u00e7u sp\u00e9cifiquement pour le festival <em>Image par image,&nbsp;<em>Grand-Petit et petits-grands<\/em><\/em>. Que vous inspirent ces rapprochements avec le travail d&rsquo;autres r\u00e9alisateurs ?<\/strong><\/p>\n\n\n\n<p>Une fois que mes films sont termin\u00e9s je ne les regarde pas. J&rsquo;ai vu \u00e0 Annecy le programme&nbsp;<em>Neige et les arbres magiques <\/em>lors d&rsquo;une s\u00e9ance publique<em>. <\/em>C&rsquo;\u00e9tait amusant de voir les r\u00e9actions des enfants, ils semblaient heureux, ils r\u00e9p\u00e9taient les rythmes avec leurs mains, ils criaient. C&rsquo;\u00e9tait tr\u00e8s joyeux. Je n&rsquo;ai pas encore vu&nbsp;<em><em>Grand-Petit et petits-grands <\/em><\/em>mais c&rsquo;est pour tr\u00e8s bient\u00f4t !<\/p>\n\n\n<div class=\"wp-block-image\">\n<figure class=\"aligncenter\"><a href=\"https:\/\/lafilledecorinthe.com\/wordpress\/wp-content\/uploads\/2017\/02\/grand-petit.jpg\"><img loading=\"lazy\" decoding=\"async\" width=\"641\" height=\"960\" src=\"https:\/\/lafilledecorinthe.com\/wordpress\/wp-content\/uploads\/2017\/02\/grand-petit.jpg\" alt=\"grand petit\" class=\"wp-image-7984\" srcset=\"https:\/\/lafilledecorinthe.com\/wordpress\/wp-content\/uploads\/2017\/02\/grand-petit.jpg 641w, https:\/\/lafilledecorinthe.com\/wordpress\/wp-content\/uploads\/2017\/02\/grand-petit-454x680.jpg 454w, https:\/\/lafilledecorinthe.com\/wordpress\/wp-content\/uploads\/2017\/02\/grand-petit-200x300.jpg 200w\" sizes=\"auto, (max-width: 641px) 100vw, 641px\" \/><\/a><figcaption class=\"wp-element-caption\">Affiche r\u00e9alis\u00e9e par Nicolas Vong, stagiaire d&rsquo;\u00e9crans VO<\/figcaption><\/figure>\n<\/div>\n\n\n<p><strong>Vous avez aussi r\u00e9alis\u00e9 l&rsquo;affiche et la bande-annonce pour le festival <em>Image par image<\/em> de cette ann\u00e9e.<\/strong><\/p>\n\n\n\n<p><a title=\"Yves Bouveret, d\u00e9l\u00e9gu\u00e9 g\u00e9n\u00e9ral d\u2019Ecrans VO\" href=\"https:\/\/lafilledecorinthe.com\/wordpress\/2013\/02\/yves-bouveret-delegue-general-decrans-vo\/\" target=\"_blank\" rel=\"noopener\">Yves Bouveret <\/a>m&rsquo;a fait cette proposition il y a plus d&rsquo;un an. J&rsquo;ai vraiment eu le temps d&rsquo;imaginer, d&rsquo;\u00e9crire et d&rsquo;essayer des choses. J&rsquo;\u00e9tais tr\u00e8s libre pour le th\u00e8me. Yves m&rsquo;avait juste demand\u00e9 un court de 20 \u00e0 30 secondes. Je l&rsquo;ai appel\u00e9 r\u00e9guli\u00e8rement pour ajouter du temps, 35 secondes puis 40, puis presqu&rsquo;une minute ! Je suis partie de deux personnages, une vieille dame et un robot. Au d\u00e9but j&rsquo;avais plut\u00f4t une histoire dramatique, le robot aidait la vieille dame \u00e0 se sentir vivante dans ses derniers jours. \u00a0 \u00a0 \u00a0 Eug\u00e8ne Boitsov s&rsquo;est joint \u00e0 moi et on a fait ensemble un brainstorming. On a \u00e9crit tr\u00e8s vite l&rsquo;histoire finale. On a anim\u00e9 chacun de notre c\u00f4t\u00e9, on se retrouvait sur Skype pour \u00e9changer.<\/p>\n\n\n\n<p><em>Cette rencontre a pu se faire gr\u00e2ce \u00e0 la pr\u00e9sence de Yulia sur le festival \u00ab\u00a0Image par image\u00a0\u00bb. Elle y pr\u00e9sente son court m\u00e9trage&nbsp;<em>\u00ab\u00a0One, two, tree&#8230;\u00a0\u00bb au public du programme&nbsp;<em>\u00ab\u00a0Grand-Petit et petits-grands\u00a0\u00bb. Elle anime aussi toute la semaine un atelier avec un groupe d&rsquo;enfants \u00e0 Enghien !<\/em><\/em><\/em><\/p>\n\n\n<div class=\"wp-block-image\">\n<figure class=\"aligncenter\"><a href=\"https:\/\/lafilledecorinthe.com\/wordpress\/wp-content\/uploads\/2017\/02\/IMG_7796.jpg\"><img loading=\"lazy\" decoding=\"async\" width=\"1200\" height=\"1600\" src=\"https:\/\/lafilledecorinthe.com\/wordpress\/wp-content\/uploads\/2017\/02\/IMG_7796.jpg\" alt=\"IMG_7796\" class=\"wp-image-8010\" srcset=\"https:\/\/lafilledecorinthe.com\/wordpress\/wp-content\/uploads\/2017\/02\/IMG_7796.jpg 1200w, https:\/\/lafilledecorinthe.com\/wordpress\/wp-content\/uploads\/2017\/02\/IMG_7796-510x680.jpg 510w, https:\/\/lafilledecorinthe.com\/wordpress\/wp-content\/uploads\/2017\/02\/IMG_7796-960x1280.jpg 960w, https:\/\/lafilledecorinthe.com\/wordpress\/wp-content\/uploads\/2017\/02\/IMG_7796-225x300.jpg 225w\" sizes=\"auto, (max-width: 1200px) 100vw, 1200px\" \/><\/a><figcaption class=\"wp-element-caption\">Atelier anim\u00e9 par Yulia Aronova, Enghien, f\u00e9vrier 2017<\/figcaption><\/figure>\n<\/div>","protected":false},"excerpt":{"rendered":"<p>Chaque ann\u00e9e, le festival Image par Image invite un r\u00e9alisateur \u00e0 concevoir sa bande annonce et son affiche. C&rsquo;est l&rsquo;artiste russe,\u00a0Yulia Aronova, qui a relev\u00e9 ce d\u00e9fi pour l&rsquo;\u00e9dition 2017. Nous sommes v\u00e9ritablement saisis par la richesse de sa proposition. En moins d&rsquo;une minute, une ferme-cin\u00e9ma se cr\u00e9e sous nos yeux. C&rsquo;est dr\u00f4le et \u00e9mouvant&#8230;<\/p>\n","protected":false},"author":2,"featured_media":7964,"comment_status":"open","ping_status":"open","sticky":false,"template":"","format":"standard","meta":{"_kad_post_transparent":"","_kad_post_title":"","_kad_post_layout":"","_kad_post_sidebar_id":"","_kad_post_content_style":"","_kad_post_vertical_padding":"","_kad_post_feature":"","_kad_post_feature_position":"","_kad_post_header":false,"_kad_post_footer":false,"_kad_post_classname":"","footnotes":""},"categories":[259],"tags":[1435,1444,1449,1441,1455,300,1447,1454,1446,1442,1445,1453,1456,1452,1443,1451,1450,1439,1150,1434,289,556,1448],"class_list":["post-7962","post","type-post","status-publish","format-standard","has-post-thumbnail","hentry","category-rencontres","tag-grand-petit-et-petits-grands","tag-alexander-tatarsky","tag-camilla","tag-eskimo","tag-eugene-boitsov","tag-festival-image-par-image","tag-festival-krok","tag-folimage","tag-igor-kovalev","tag-lev-slepner","tag-mother-and-music","tag-neige-et-les-arbres-magiques","tag-nicolas-vong","tag-sasha-nochin","tag-souzdal","tag-studio-pchela","tag-vera-myakisheva","tag-vgik","tag-youri-norstein","tag-yulia-aronova","tag-yves-bouveret","tag-zoia-trofimova","tag-y-mum-is-an-airplane"],"_links":{"self":[{"href":"https:\/\/lafilledecorinthe.com\/wordpress\/wp-json\/wp\/v2\/posts\/7962","targetHints":{"allow":["GET"]}}],"collection":[{"href":"https:\/\/lafilledecorinthe.com\/wordpress\/wp-json\/wp\/v2\/posts"}],"about":[{"href":"https:\/\/lafilledecorinthe.com\/wordpress\/wp-json\/wp\/v2\/types\/post"}],"author":[{"embeddable":true,"href":"https:\/\/lafilledecorinthe.com\/wordpress\/wp-json\/wp\/v2\/users\/2"}],"replies":[{"embeddable":true,"href":"https:\/\/lafilledecorinthe.com\/wordpress\/wp-json\/wp\/v2\/comments?post=7962"}],"version-history":[{"count":45,"href":"https:\/\/lafilledecorinthe.com\/wordpress\/wp-json\/wp\/v2\/posts\/7962\/revisions"}],"predecessor-version":[{"id":15270,"href":"https:\/\/lafilledecorinthe.com\/wordpress\/wp-json\/wp\/v2\/posts\/7962\/revisions\/15270"}],"wp:featuredmedia":[{"embeddable":true,"href":"https:\/\/lafilledecorinthe.com\/wordpress\/wp-json\/wp\/v2\/media\/7964"}],"wp:attachment":[{"href":"https:\/\/lafilledecorinthe.com\/wordpress\/wp-json\/wp\/v2\/media?parent=7962"}],"wp:term":[{"taxonomy":"category","embeddable":true,"href":"https:\/\/lafilledecorinthe.com\/wordpress\/wp-json\/wp\/v2\/categories?post=7962"},{"taxonomy":"post_tag","embeddable":true,"href":"https:\/\/lafilledecorinthe.com\/wordpress\/wp-json\/wp\/v2\/tags?post=7962"}],"curies":[{"name":"wp","href":"https:\/\/api.w.org\/{rel}","templated":true}]}}