{"id":794,"date":"2012-05-13T19:25:35","date_gmt":"2012-05-13T18:25:35","guid":{"rendered":"http:\/\/lafilledecorinthe.com\/wordpress\/?p=794"},"modified":"2025-12-07T22:14:02","modified_gmt":"2025-12-07T21:14:02","slug":"le-troisieme-forum-des-sciences-a-gennevilliers","status":"publish","type":"post","link":"https:\/\/lafilledecorinthe.com\/wordpress\/2012\/05\/le-troisieme-forum-des-sciences-a-gennevilliers\/","title":{"rendered":"Le troisi\u00e8me \u00ab\u00a0forum des sciences\u00a0\u00bb \u00e0 Gennevilliers"},"content":{"rendered":"<p>La reproduction du tableau de Magritte \u00ab\u00a0ceci n&rsquo;est pas une pipe\u00a0\u00bb plonge les enfants dans une grande perplexit\u00e9.<br \/>A la question, \u00ab\u00a0Pourquoi, \u00e0 votre avis, Magritte a-t-il peint ce tableau ?\u00a0\u00bb, un jeune a cette merveilleuse r\u00e9ponse ; \u00ab\u00a0Pour qu&rsquo;on se pose des questions\u00a0\u00bb.<\/p>\n<p>Tout est dit ou presque, en effet un des objectifs de l&rsquo;atelier est de prendre conscience que voir implique nos yeux mais aussi notre cerveau.<\/p>\n<p>D\u00e9busquer des images cach\u00e9es aiguise le regard. A vous de jouer !<\/p>\n<figure id=\"attachment_797\" aria-describedby=\"caption-attachment-797\" style=\"width: 209px\" class=\"wp-caption aligncenter\"><a href=\"https:\/\/lafilledecorinthe.com\/wordpress\/wp-content\/uploads\/2012\/05\/55993431.jpg\"><img loading=\"lazy\" decoding=\"async\" class=\" wp-image-797\" title=\"55993431\" src=\"https:\/\/lafilledecorinthe.com\/wordpress\/wp-content\/uploads\/2012\/05\/55993431.jpg\" alt=\"Gravure populaire anglaise ( XIX si\u00e8cle) publi\u00e9e dans l'album &quot;L'oeil s'amuse&quot;\" width=\"209\" height=\"288\" srcset=\"https:\/\/lafilledecorinthe.com\/wordpress\/wp-content\/uploads\/2012\/05\/55993431.jpg 581w, https:\/\/lafilledecorinthe.com\/wordpress\/wp-content\/uploads\/2012\/05\/55993431-493x680.jpg 493w, https:\/\/lafilledecorinthe.com\/wordpress\/wp-content\/uploads\/2012\/05\/55993431-217x300.jpg 217w\" sizes=\"auto, (max-width: 209px) 100vw, 209px\" \/><\/a><figcaption id=\"caption-attachment-797\" class=\"wp-caption-text\">Gravure populaire anglaise ( XIX si\u00e8cle) publi\u00e9e dans l&rsquo;album \u00ab\u00a0L&rsquo;oeil s&rsquo;amuse\u00a0\u00bb<\/figcaption><\/figure>\n<p>Dans un deuxi\u00e8me temps, les enfants manipulent des jouets optiques qui cr\u00e9ent l&rsquo;illusion du mouvement. Il peut \u00eatre agr\u00e9able d&rsquo;\u00eatre tromp\u00e9 ! Au plaisir s&rsquo;ajoute la r\u00e9flexion, en manipulant le thaumatrope et le praxinoscope les questions fusent. J&rsquo;en ai retenu deux particuli\u00e8rement qui ont fait avancer la r\u00e9flexion du groupe :<br \/>\u00ab\u00a0Je voudrais savoir si les dessins anim\u00e9s fonctionnent de la m\u00eame fa\u00e7on? \u00ab\u00a0<br \/>\u00ab\u00a0Pourquoi quand on regarde directement la bande tout se m\u00e9lange mais quand on regarde \u00e0 travers les fentes ou les miroirs, \u00e7a marche ? \u00ab\u00a0<\/p>\n<figure id=\"attachment_819\" aria-describedby=\"caption-attachment-819\" style=\"width: 200px\" class=\"wp-caption aligncenter\"><a href=\"https:\/\/lafilledecorinthe.com\/wordpress\/wp-content\/uploads\/2012\/05\/photos-012.jpg\"><img loading=\"lazy\" decoding=\"async\" class=\"size-thumbnail wp-image-819\" title=\"photos 012\" src=\"https:\/\/lafilledecorinthe.com\/wordpress\/wp-content\/uploads\/2012\/05\/photos-012-200x200.jpg\" alt=\"\" width=\"200\" height=\"200\" \/><\/a><figcaption id=\"caption-attachment-819\" class=\"wp-caption-text\">Forum des sciences Gennevilliers 11 mai 2012 Photo Claire Fraysssignes<\/figcaption><\/figure>\n<p>Place ensuite \u00e0 la fabrication, les enfants donnent une nouvelle vie \u00e0 des livres mis au rebut dans les \u00e9coles et les transforment en folioscope \u00e0 l&rsquo;aide de tampons.<br \/>La concentration et la pers\u00e9v\u00e9rance sont au rendez-vous. Et si on se trompe ce n&rsquo;est pas grave, \u00e7a aide \u00e0 comprendre et on recommence !<\/p>\n<figure id=\"attachment_821\" aria-describedby=\"caption-attachment-821\" style=\"width: 200px\" class=\"wp-caption aligncenter\"><a href=\"https:\/\/lafilledecorinthe.com\/wordpress\/wp-content\/uploads\/2012\/05\/photos-039.jpg\"><img loading=\"lazy\" decoding=\"async\" class=\"size-thumbnail wp-image-821\" title=\"photos 039\" src=\"https:\/\/lafilledecorinthe.com\/wordpress\/wp-content\/uploads\/2012\/05\/photos-039-200x200.jpg\" alt=\"\" width=\"200\" height=\"200\" \/><\/a><figcaption id=\"caption-attachment-821\" class=\"wp-caption-text\">Forum des sciences Gennevilliers 11 mai 2012 Photo Claire Fraysssignes<\/figcaption><\/figure>\n<p>Cet atelier a \u00e9t\u00e9 possible gr\u00e2ce au travail de fond r\u00e9alis\u00e9 par les conseill\u00e8res p\u00e9dagogiques des circonscriptions de Gennevilliers et d&rsquo;Asni\u00e8res aupr\u00e8s de 9 classes \u00e9l\u00e9mentaires et de coll\u00e8ge qui ont engag\u00e9 une action \u00e0 l&rsquo;ann\u00e9e sur un sujet scientifique. \u00a0 \u00a0Le forum sciences est l&rsquo;aboutissement du projet. Chaque classe a con\u00e7u un atelier pour partager avec les autres enfants leur d\u00e9couverte. A ces ateliers anim\u00e9s par les \u00e9l\u00e8ves et leurs enseignants, viennent s&rsquo;ajouter des ateliers propos\u00e9s par des adultes. J&rsquo;ai eu ainsi le plaisir de c\u00f4toyer des repr\u00e9sentants de la <a href=\"http:\/\/bib.ville-gennevilliers.fr\/cgi-bin\/abweb\" target=\"_blank\" rel=\"noopener\">biblioth\u00e8que<\/a> et du <a href=\"http:\/\/www.ville-gennevilliers.fr\/environnement-et-urbanisme\/chemins-de-promenade\/evenement\/concours-photo-la-nature-en-ville\/\" target=\"_blank\" rel=\"noopener\">service environnement<\/a> de la ville de Gennevilliers, des animateurs de la <a href=\"http:\/\/www.maisondelapeche.net\/\" target=\"_blank\" rel=\"noopener\">maison de la p\u00eache et de la nature<\/a> de Levallois \u00a0et de la <a href=\"https:\/\/sites.google.com\/site\/maisonscienceschatenay\/\" target=\"_blank\" rel=\"noopener\">maison des sciences<\/a> de Ch\u00e2tenay-Malabry.<\/p>\n\n\n<p><\/p>\n","protected":false},"excerpt":{"rendered":"<p>La reproduction du tableau de Magritte \u00ab\u00a0ceci n&rsquo;est pas une pipe\u00a0\u00bb plonge les enfants dans une grande perplexit\u00e9.A la question, \u00ab\u00a0Pourquoi, \u00e0 votre avis, Magritte a-t-il peint ce tableau ?\u00a0\u00bb, un jeune a cette merveilleuse r\u00e9ponse ; \u00ab\u00a0Pour qu&rsquo;on se pose des questions\u00a0\u00bb. Tout est dit ou presque, en effet un des objectifs de l&rsquo;atelier&#8230;<\/p>\n","protected":false},"author":2,"featured_media":15074,"comment_status":"open","ping_status":"open","sticky":false,"template":"","format":"standard","meta":{"_kad_post_transparent":"","_kad_post_title":"","_kad_post_layout":"","_kad_post_sidebar_id":"","_kad_post_content_style":"","_kad_post_vertical_padding":"","_kad_post_feature":"","_kad_post_feature_position":"","_kad_post_header":false,"_kad_post_footer":false,"_kad_post_classname":"","footnotes":""},"categories":[7],"tags":[102,105,104,106,103],"class_list":["post-794","post","type-post","status-publish","format-standard","has-post-thumbnail","hentry","category-ateliers-enfants","tag-ceci-nest-pas-une-pipe","tag-forum-des-sciences","tag-images-cachees","tag-jouets-optiques","tag-magritte"],"_links":{"self":[{"href":"https:\/\/lafilledecorinthe.com\/wordpress\/wp-json\/wp\/v2\/posts\/794","targetHints":{"allow":["GET"]}}],"collection":[{"href":"https:\/\/lafilledecorinthe.com\/wordpress\/wp-json\/wp\/v2\/posts"}],"about":[{"href":"https:\/\/lafilledecorinthe.com\/wordpress\/wp-json\/wp\/v2\/types\/post"}],"author":[{"embeddable":true,"href":"https:\/\/lafilledecorinthe.com\/wordpress\/wp-json\/wp\/v2\/users\/2"}],"replies":[{"embeddable":true,"href":"https:\/\/lafilledecorinthe.com\/wordpress\/wp-json\/wp\/v2\/comments?post=794"}],"version-history":[{"count":29,"href":"https:\/\/lafilledecorinthe.com\/wordpress\/wp-json\/wp\/v2\/posts\/794\/revisions"}],"predecessor-version":[{"id":15077,"href":"https:\/\/lafilledecorinthe.com\/wordpress\/wp-json\/wp\/v2\/posts\/794\/revisions\/15077"}],"wp:featuredmedia":[{"embeddable":true,"href":"https:\/\/lafilledecorinthe.com\/wordpress\/wp-json\/wp\/v2\/media\/15074"}],"wp:attachment":[{"href":"https:\/\/lafilledecorinthe.com\/wordpress\/wp-json\/wp\/v2\/media?parent=794"}],"wp:term":[{"taxonomy":"category","embeddable":true,"href":"https:\/\/lafilledecorinthe.com\/wordpress\/wp-json\/wp\/v2\/categories?post=794"},{"taxonomy":"post_tag","embeddable":true,"href":"https:\/\/lafilledecorinthe.com\/wordpress\/wp-json\/wp\/v2\/tags?post=794"}],"curies":[{"name":"wp","href":"https:\/\/api.w.org\/{rel}","templated":true}]}}