{"id":7900,"date":"2016-12-19T16:17:39","date_gmt":"2016-12-19T15:17:39","guid":{"rendered":"http:\/\/lafilledecorinthe.com\/wordpress\/?p=7900"},"modified":"2025-12-07T21:42:17","modified_gmt":"2025-12-07T20:42:17","slug":"ma-vie-de-courgette-et-le-pleac-de-choisy-le-roi","status":"publish","type":"post","link":"https:\/\/lafilledecorinthe.com\/wordpress\/2016\/12\/ma-vie-de-courgette-et-le-pleac-de-choisy-le-roi\/","title":{"rendered":"\u00ab\u00a0Ma vie de courgette\u00a0\u00bb et le PLEAC de Choisy-le-Roi"},"content":{"rendered":"\n<p><em>\u00a0&#8211; Elle \u00e9tait gentille avec toi ta maman ?<\/em><br><em>&#8211; Elle buvait beaucoup de bi\u00e8res mais elle faisait de la bonne pur\u00e9e.<\/em><\/p>\n\n\n\n<p>D\u00e8s ce premier \u00e9change entre Raymond et Courgette, un des grands principes du film est \u00e9nonc\u00e9, la vie est complexe et diff\u00e9rents sentiments et \u00e9motions peuvent coexister. Cette complexit\u00e9 les enfants spectateurs de Choisy-le-Roi l&rsquo;on v\u00e9cue \u00e0 leur tour&nbsp;lorsqu&rsquo;ils ont d\u00e9couvert le film avec leur classe au cin\u00e9ma Paul Eluard. On peut par exemple \u00eatre choqu\u00e9 par certaines situations ou expressions du film mais avoir un plaisir manifeste \u00e0 en discuter avec ses camarades.<\/p>\n\n\n<div class=\"wp-block-image\">\n<figure class=\"aligncenter\"><a href=\"https:\/\/lafilledecorinthe.com\/wordpress\/wp-content\/uploads\/2016\/12\/IMG_2150.jpg\"><img loading=\"lazy\" decoding=\"async\" width=\"1947\" height=\"1419\" src=\"https:\/\/lafilledecorinthe.com\/wordpress\/wp-content\/uploads\/2016\/12\/IMG_2150.jpg\" alt=\"img_2150\" class=\"wp-image-7911\" srcset=\"https:\/\/lafilledecorinthe.com\/wordpress\/wp-content\/uploads\/2016\/12\/IMG_2150.jpg 1947w, https:\/\/lafilledecorinthe.com\/wordpress\/wp-content\/uploads\/2016\/12\/IMG_2150-680x496.jpg 680w, https:\/\/lafilledecorinthe.com\/wordpress\/wp-content\/uploads\/2016\/12\/IMG_2150-1280x933.jpg 1280w, https:\/\/lafilledecorinthe.com\/wordpress\/wp-content\/uploads\/2016\/12\/IMG_2150-412x300.jpg 412w\" sizes=\"auto, (max-width: 1947px) 100vw, 1947px\" \/><\/a><\/figure>\n<\/div>\n\n\n<p><\/p>\n\n\n\n<p>Les enfants \u00e9taient aussi tr\u00e8s curieux de comprendre le r\u00f4le des diff\u00e9rents m\u00e9tiers qui interviennent dans la&nbsp;fabrication d&rsquo;un film d&rsquo;animation.&nbsp;Apr\u00e8s le visionnement du premier teaser, la grande majorit\u00e9 \u00e9tait ravie que des producteurs aient cru dans l&rsquo;avenir du film.<\/p>\n\n\n\n<figure class=\"wp-block-embed is-type-video is-provider-youtube wp-block-embed-youtube wp-embed-aspect-16-9 wp-has-aspect-ratio\"><div class=\"wp-block-embed__wrapper\">\n<iframe loading=\"lazy\" title=\"MA VIE DE COURGETTE Bande Annonce Teaser VF (2016)\" width=\"720\" height=\"405\" src=\"https:\/\/www.youtube.com\/embed\/DdEY3niexqA?feature=oembed\" frameborder=\"0\" allow=\"accelerometer; autoplay; clipboard-write; encrypted-media; gyroscope; picture-in-picture; web-share\" referrerpolicy=\"strict-origin-when-cross-origin\" allowfullscreen><\/iframe>\n<\/div><\/figure>\n\n\n\n<p><\/p>\n\n\n\n<p>Adapt\u00e9 du roman de Gilles Paris, <em><a href=\"http:\/\/www.gillesparis.net\/courgette_presentation\" target=\"_blank\" rel=\"noopener\">Autobiographie d&rsquo;une Courgette<\/a>,<\/em> le film de Claude Barras n&rsquo;est pas le premier \u00e0 s&rsquo;\u00eatre int\u00e9ress\u00e9 \u00e0 la vie de cet orphelin au nom de l\u00e9gume. Voir un extrait du t\u00e9l\u00e9film <em>C&rsquo;est mieux la vie quand on est grand <\/em>permet de comparer les deux techniques d&rsquo;enregistrement des images et de mesurer&nbsp;la marge de libert\u00e9 li\u00e9e \u00e0 tout projet d&rsquo;adaptation.<\/p>\n\n\n<div class=\"wp-block-image\">\n<figure class=\"aligncenter\"><a href=\"https:\/\/lafilledecorinthe.com\/wordpress\/wp-content\/uploads\/2016\/12\/IMG_7203.jpg\"><img loading=\"lazy\" decoding=\"async\" width=\"2685\" height=\"1820\" src=\"https:\/\/lafilledecorinthe.com\/wordpress\/wp-content\/uploads\/2016\/12\/IMG_7203.jpg\" alt=\"img_7203\" class=\"wp-image-7915\" srcset=\"https:\/\/lafilledecorinthe.com\/wordpress\/wp-content\/uploads\/2016\/12\/IMG_7203.jpg 2685w, https:\/\/lafilledecorinthe.com\/wordpress\/wp-content\/uploads\/2016\/12\/IMG_7203-680x461.jpg 680w, https:\/\/lafilledecorinthe.com\/wordpress\/wp-content\/uploads\/2016\/12\/IMG_7203-1280x868.jpg 1280w, https:\/\/lafilledecorinthe.com\/wordpress\/wp-content\/uploads\/2016\/12\/IMG_7203-443x300.jpg 443w\" sizes=\"auto, (max-width: 2685px) 100vw, 2685px\" \/><\/a><figcaption class=\"wp-element-caption\">\u00ab\u00a0C&rsquo;est mieux la vie quand on est grand\u00a0\u00bb de Luc B\u00e9raud, 2007<\/figcaption><\/figure>\n<\/div>\n\n\n<p>Enfin chaque classe a particip\u00e9 \u00e0 un projet collectif en r\u00e9alisant un court m\u00e9trage qui sera projet\u00e9 au <a href=\"http:\/\/theatrecinemachoisy.fr\/telecharger-le-programme\/\" target=\"_blank\" rel=\"noopener\">cin\u00e9ma&nbsp;Paul Eluard<\/a> lors des projections publiques de <em>Ma vie de Courgette<\/em> au mois de janvier.<\/p>\n\n\n<div class=\"wp-block-image\">\n<figure class=\"aligncenter\"><a href=\"https:\/\/lafilledecorinthe.com\/wordpress\/wp-content\/uploads\/2016\/12\/classe10.jpg\"><img loading=\"lazy\" decoding=\"async\" width=\"2592\" height=\"1936\" src=\"https:\/\/lafilledecorinthe.com\/wordpress\/wp-content\/uploads\/2016\/12\/classe10.jpg\" alt=\"classe10\" class=\"wp-image-7916\" srcset=\"https:\/\/lafilledecorinthe.com\/wordpress\/wp-content\/uploads\/2016\/12\/classe10.jpg 2592w, https:\/\/lafilledecorinthe.com\/wordpress\/wp-content\/uploads\/2016\/12\/classe10-680x508.jpg 680w, https:\/\/lafilledecorinthe.com\/wordpress\/wp-content\/uploads\/2016\/12\/classe10-1280x956.jpg 1280w, https:\/\/lafilledecorinthe.com\/wordpress\/wp-content\/uploads\/2016\/12\/classe10-402x300.jpg 402w\" sizes=\"auto, (max-width: 2592px) 100vw, 2592px\" \/><\/a><figcaption class=\"wp-element-caption\">Enregistrer des s\u00e9quences \u00ab\u00a0image par image\u00a0\u00bb<\/figcaption><\/figure>\n<\/div>\n\n<div class=\"wp-block-image\">\n<figure class=\"aligncenter\"><a href=\"https:\/\/lafilledecorinthe.com\/wordpress\/wp-content\/uploads\/2016\/12\/IMG_7175.jpg\"><img loading=\"lazy\" decoding=\"async\" width=\"2633\" height=\"1858\" src=\"https:\/\/lafilledecorinthe.com\/wordpress\/wp-content\/uploads\/2016\/12\/IMG_7175.jpg\" alt=\"img_7175\" class=\"wp-image-7917\" srcset=\"https:\/\/lafilledecorinthe.com\/wordpress\/wp-content\/uploads\/2016\/12\/IMG_7175.jpg 2633w, https:\/\/lafilledecorinthe.com\/wordpress\/wp-content\/uploads\/2016\/12\/IMG_7175-680x480.jpg 680w, https:\/\/lafilledecorinthe.com\/wordpress\/wp-content\/uploads\/2016\/12\/IMG_7175-1280x903.jpg 1280w, https:\/\/lafilledecorinthe.com\/wordpress\/wp-content\/uploads\/2016\/12\/IMG_7175-425x300.jpg 425w\" sizes=\"auto, (max-width: 2633px) 100vw, 2633px\" \/><\/a><figcaption class=\"wp-element-caption\">Enregistrer des vid\u00e9os<\/figcaption><\/figure>\n<\/div>\n\n<div class=\"wp-block-image\">\n<figure class=\"aligncenter\"><a href=\"https:\/\/lafilledecorinthe.com\/wordpress\/wp-content\/uploads\/2016\/12\/IMG_2168.jpg\"><img loading=\"lazy\" decoding=\"async\" width=\"1793\" height=\"1393\" src=\"https:\/\/lafilledecorinthe.com\/wordpress\/wp-content\/uploads\/2016\/12\/IMG_2168.jpg\" alt=\"img_2168\" class=\"wp-image-7918\" srcset=\"https:\/\/lafilledecorinthe.com\/wordpress\/wp-content\/uploads\/2016\/12\/IMG_2168.jpg 1793w, https:\/\/lafilledecorinthe.com\/wordpress\/wp-content\/uploads\/2016\/12\/IMG_2168-680x528.jpg 680w, https:\/\/lafilledecorinthe.com\/wordpress\/wp-content\/uploads\/2016\/12\/IMG_2168-1280x994.jpg 1280w, https:\/\/lafilledecorinthe.com\/wordpress\/wp-content\/uploads\/2016\/12\/IMG_2168-386x300.jpg 386w\" sizes=\"auto, (max-width: 1793px) 100vw, 1793px\" \/><\/a><figcaption class=\"wp-element-caption\">Enregister des bruitages&#8230;<\/figcaption><\/figure>\n<\/div>","protected":false},"excerpt":{"rendered":"<p>\u00a0&#8211; Elle \u00e9tait gentille avec toi ta maman ?&#8211; Elle buvait beaucoup de bi\u00e8res mais elle faisait de la bonne pur\u00e9e. D\u00e8s ce premier \u00e9change entre Raymond et Courgette, un des grands principes du film est \u00e9nonc\u00e9, la vie est complexe et diff\u00e9rents sentiments et \u00e9motions peuvent coexister. Cette complexit\u00e9 les enfants spectateurs de Choisy-le-Roi&#8230;<\/p>\n","protected":false},"author":2,"featured_media":7909,"comment_status":"open","ping_status":"open","sticky":false,"template":"","format":"standard","meta":{"_kad_post_transparent":"","_kad_post_title":"","_kad_post_layout":"","_kad_post_sidebar_id":"","_kad_post_content_style":"","_kad_post_vertical_padding":"","_kad_post_feature":"","_kad_post_feature_position":"","_kad_post_header":false,"_kad_post_footer":false,"_kad_post_classname":"","footnotes":""},"categories":[7],"tags":[1260,1415,1416,1412,1413,1261,1414,1411],"class_list":["post-7900","post","type-post","status-publish","format-standard","has-post-thumbnail","hentry","category-ateliers-enfants","tag-ma-vie-de-courgette","tag-autobiographie-dune-courgette","tag-cest-mieux-la-vie-quand-on-est-grand","tag-choisy-le-roi","tag-cinema-paul-eluard","tag-claude-barras","tag-gilles-paris","tag-pleac"],"_links":{"self":[{"href":"https:\/\/lafilledecorinthe.com\/wordpress\/wp-json\/wp\/v2\/posts\/7900","targetHints":{"allow":["GET"]}}],"collection":[{"href":"https:\/\/lafilledecorinthe.com\/wordpress\/wp-json\/wp\/v2\/posts"}],"about":[{"href":"https:\/\/lafilledecorinthe.com\/wordpress\/wp-json\/wp\/v2\/types\/post"}],"author":[{"embeddable":true,"href":"https:\/\/lafilledecorinthe.com\/wordpress\/wp-json\/wp\/v2\/users\/2"}],"replies":[{"embeddable":true,"href":"https:\/\/lafilledecorinthe.com\/wordpress\/wp-json\/wp\/v2\/comments?post=7900"}],"version-history":[{"count":15,"href":"https:\/\/lafilledecorinthe.com\/wordpress\/wp-json\/wp\/v2\/posts\/7900\/revisions"}],"predecessor-version":[{"id":15042,"href":"https:\/\/lafilledecorinthe.com\/wordpress\/wp-json\/wp\/v2\/posts\/7900\/revisions\/15042"}],"wp:featuredmedia":[{"embeddable":true,"href":"https:\/\/lafilledecorinthe.com\/wordpress\/wp-json\/wp\/v2\/media\/7909"}],"wp:attachment":[{"href":"https:\/\/lafilledecorinthe.com\/wordpress\/wp-json\/wp\/v2\/media?parent=7900"}],"wp:term":[{"taxonomy":"category","embeddable":true,"href":"https:\/\/lafilledecorinthe.com\/wordpress\/wp-json\/wp\/v2\/categories?post=7900"},{"taxonomy":"post_tag","embeddable":true,"href":"https:\/\/lafilledecorinthe.com\/wordpress\/wp-json\/wp\/v2\/tags?post=7900"}],"curies":[{"name":"wp","href":"https:\/\/api.w.org\/{rel}","templated":true}]}}