{"id":7867,"date":"2016-12-06T21:34:42","date_gmt":"2016-12-06T20:34:42","guid":{"rendered":"http:\/\/lafilledecorinthe.com\/wordpress\/?p=7867"},"modified":"2025-12-04T20:47:12","modified_gmt":"2025-12-04T19:47:12","slug":"maternelle-et-cinema-en-indre-et-loire","status":"publish","type":"post","link":"https:\/\/lafilledecorinthe.com\/wordpress\/2016\/12\/maternelle-et-cinema-en-indre-et-loire\/","title":{"rendered":"\u00ab\u00a0Maternelle et cin\u00e9ma\u00a0\u00bb en Indre et Loire"},"content":{"rendered":"<p><em>Je trace d\u2019abord sur la surface \u00e0 peindre un quadrilat\u00e8re de la grandeur que je veux, et qui est pour moi une fen\u00eatre ouverte par laquelle on puisse regarder l\u2019histoire (historia).<br \/><\/em>Leon Battista Alberti, De Pictura, livre I, 1435<\/p>\n<p>En partenariat avec <a href=\"http:\/\/www.ciclic.fr\/\" target=\"_blank\" rel=\"noopener\">Ciclic<\/a>, la coordination d\u00e9partementale <em>Ecole et cin\u00e9ma<\/em>\u00a0d&rsquo;Indre et Loire a organis\u00e9 un temps de formation autour des deux nouveaux programmes <em>Maternelle et cin\u00e9ma <\/em>et d&rsquo;une s\u00e9lection d&rsquo;albums jeunesse issue des listes\u00a0propos\u00e9es par <a href=\"http:\/\/enfants-de-cinema.com\/\" target=\"_blank\" rel=\"noopener\">Les enfants de cin\u00e9ma<\/a>&#8230;<\/p>\n<p>Document accompagnant la conf\u00e9rence\u00a0<a href=\"https:\/\/lafilledecorinthe.com\/wordpress\/wp-content\/uploads\/2016\/12\/maternelle-et-cine\u0301ma.pdf\">maternelle-et-cinema<\/a><\/p>\n<figure id=\"attachment_7871\" aria-describedby=\"caption-attachment-7871\" style=\"width: 400px\" class=\"wp-caption aligncenter\"><a href=\"https:\/\/lafilledecorinthe.com\/wordpress\/wp-content\/uploads\/2016\/12\/Kit-Me\u0300re-poule-4-2.jpg\"><img loading=\"lazy\" decoding=\"async\" class=\"wp-image-7871\" src=\"https:\/\/lafilledecorinthe.com\/wordpress\/wp-content\/uploads\/2016\/12\/Kit-Me\u0300re-poule-4-2.jpg\" alt=\"kit-mere-poule-4-2\" width=\"400\" height=\"267\" srcset=\"https:\/\/lafilledecorinthe.com\/wordpress\/wp-content\/uploads\/2016\/12\/Kit-Me\u0300re-poule-4-2.jpg 5184w, https:\/\/lafilledecorinthe.com\/wordpress\/wp-content\/uploads\/2016\/12\/Kit-Me\u0300re-poule-4-2-680x453.jpg 680w, https:\/\/lafilledecorinthe.com\/wordpress\/wp-content\/uploads\/2016\/12\/Kit-Me\u0300re-poule-4-2-1280x853.jpg 1280w, https:\/\/lafilledecorinthe.com\/wordpress\/wp-content\/uploads\/2016\/12\/Kit-Me\u0300re-poule-4-2-450x300.jpg 450w\" sizes=\"auto, (max-width: 400px) 100vw, 400px\" \/><\/a><figcaption id=\"caption-attachment-7871\" class=\"wp-caption-text\">Contenu de la mallette en lien avec \u00ab\u00a0Les contes de la m\u00e8re poule\u00a0\u00bb<\/figcaption><\/figure>\n<figure id=\"attachment_7872\" aria-describedby=\"caption-attachment-7872\" style=\"width: 400px\" class=\"wp-caption aligncenter\"><a href=\"https:\/\/lafilledecorinthe.com\/wordpress\/wp-content\/uploads\/2016\/12\/Affiche-les-contes-de-la-me\u0300re-poule-2.jpg\"><img loading=\"lazy\" decoding=\"async\" class=\"wp-image-7872\" src=\"https:\/\/lafilledecorinthe.com\/wordpress\/wp-content\/uploads\/2016\/12\/Affiche-les-contes-de-la-me\u0300re-poule-2.jpg\" alt=\"affiche-les-contes-de-la-mere-poule-2\" width=\"400\" height=\"528\" srcset=\"https:\/\/lafilledecorinthe.com\/wordpress\/wp-content\/uploads\/2016\/12\/Affiche-les-contes-de-la-me\u0300re-poule-2.jpg 2953w, https:\/\/lafilledecorinthe.com\/wordpress\/wp-content\/uploads\/2016\/12\/Affiche-les-contes-de-la-me\u0300re-poule-2-515x680.jpg 515w, https:\/\/lafilledecorinthe.com\/wordpress\/wp-content\/uploads\/2016\/12\/Affiche-les-contes-de-la-me\u0300re-poule-2-970x1280.jpg 970w, https:\/\/lafilledecorinthe.com\/wordpress\/wp-content\/uploads\/2016\/12\/Affiche-les-contes-de-la-me\u0300re-poule-2-227x300.jpg 227w\" sizes=\"auto, (max-width: 400px) 100vw, 400px\" \/><\/a><figcaption id=\"caption-attachment-7872\" class=\"wp-caption-text\">Trois courts m\u00e9trages r\u00e9alis\u00e9s \u00e0<a title=\"Les livres illustr\u00e9s et les films d\u2019animation de l\u2019institut Kanoun\" href=\"https:\/\/lafilledecorinthe.com\/wordpress\/2016\/11\/les-livres-illustres-et-les-films-danimation-de-linstitut-kanoun\/\"> l&rsquo;institut iranien Kanoun<\/a><\/figcaption><\/figure>\n<p>Photogrammes \u00e0 t\u00e9l\u00e9charger<a href=\"https:\/\/lafilledecorinthe.com\/wordpress\/wp-content\/uploads\/2016\/12\/Affiche-les-contes-de-la-me\u0300re-poule-2.jpg\">\u00a0<\/a>:\u00a0<a href=\"https:\/\/lafilledecorinthe.com\/wordpress\/wp-content\/uploads\/2016\/12\/versions-.pdf\">versions<\/a>\u00a0compar\u00e9es du conte <em>Le loup et les 7 chevreaux<\/em>,\u00a0<a href=\"https:\/\/lafilledecorinthe.com\/wordpress\/wp-content\/uploads\/2016\/12\/Images-se\u0301quentielles-Shangoul-Mangoul-copie.pdf\">images s\u00e9quentielles<\/a>\u00a0de <em>Shangoul et Mangoul<\/em>, \u00a0<a href=\"https:\/\/lafilledecorinthe.com\/wordpress\/wp-content\/uploads\/2016\/12\/les-personnages-.pdf\">les personnages<\/a>\u00a01 et\u00a0<a href=\"https:\/\/lafilledecorinthe.com\/wordpress\/wp-content\/uploads\/2016\/12\/2-.pdf\">2<\/a>\u00a0de <em>Lili Hosak<\/em>,\u00a0\u00e9<a href=\"https:\/\/lafilledecorinthe.com\/wordpress\/wp-content\/uploads\/2016\/12\/Echelle-des-plans-1-.pdf\">chelle des plans 1<\/a>et\u00a0<a href=\"https:\/\/lafilledecorinthe.com\/wordpress\/wp-content\/uploads\/2016\/12\/2-1.pdf\">2<\/a>\u00a0de <em>Lili Hosak<\/em><\/p>\n<p>Pour les ressources li\u00e9es \u00e0 <em>Voyages de r\u00eaves<\/em>, c&rsquo;est<a title=\"\u00ab\u00a0Maternelle et cin\u00e9ma\u00a0\u00bb dans le Cher\" href=\"https:\/\/lafilledecorinthe.com\/wordpress\/2016\/11\/maternelle-et-cinema-dans-le-cher\/\"> ici<\/a> !<\/p>\n\n\n<p><\/p>\n","protected":false},"excerpt":{"rendered":"<p>Je trace d\u2019abord sur la surface \u00e0 peindre un quadrilat\u00e8re de la grandeur que je veux, et qui est pour moi une fen\u00eatre ouverte par laquelle on puisse regarder l\u2019histoire (historia).Leon Battista Alberti, De Pictura, livre I, 1435 En partenariat avec Ciclic, la coordination d\u00e9partementale Ecole et cin\u00e9ma\u00a0d&rsquo;Indre et Loire a organis\u00e9 un temps de&#8230;<\/p>\n","protected":false},"author":2,"featured_media":14630,"comment_status":"open","ping_status":"open","sticky":false,"template":"","format":"standard","meta":{"_kad_post_transparent":"","_kad_post_title":"","_kad_post_layout":"","_kad_post_sidebar_id":"","_kad_post_content_style":"","_kad_post_vertical_padding":"","_kad_post_feature":"","_kad_post_feature_position":"","_kad_post_header":false,"_kad_post_footer":false,"_kad_post_classname":"","footnotes":""},"categories":[8],"tags":[1340,1398,1397,1399,1400,1402,965,1401],"class_list":["post-7867","post","type-post","status-publish","format-standard","has-post-thumbnail","hentry","category-formations-adultes","tag-ciclic","tag-edouard-manceau","tag-indre-et-loire","tag-leon-battista-alberti","tag-les-contes-de-la-mere-poule","tag-lili-hosak","tag-maternelle-et-cinema","tag-shangoul-et-mangoul"],"_links":{"self":[{"href":"https:\/\/lafilledecorinthe.com\/wordpress\/wp-json\/wp\/v2\/posts\/7867","targetHints":{"allow":["GET"]}}],"collection":[{"href":"https:\/\/lafilledecorinthe.com\/wordpress\/wp-json\/wp\/v2\/posts"}],"about":[{"href":"https:\/\/lafilledecorinthe.com\/wordpress\/wp-json\/wp\/v2\/types\/post"}],"author":[{"embeddable":true,"href":"https:\/\/lafilledecorinthe.com\/wordpress\/wp-json\/wp\/v2\/users\/2"}],"replies":[{"embeddable":true,"href":"https:\/\/lafilledecorinthe.com\/wordpress\/wp-json\/wp\/v2\/comments?post=7867"}],"version-history":[{"count":12,"href":"https:\/\/lafilledecorinthe.com\/wordpress\/wp-json\/wp\/v2\/posts\/7867\/revisions"}],"predecessor-version":[{"id":14629,"href":"https:\/\/lafilledecorinthe.com\/wordpress\/wp-json\/wp\/v2\/posts\/7867\/revisions\/14629"}],"wp:featuredmedia":[{"embeddable":true,"href":"https:\/\/lafilledecorinthe.com\/wordpress\/wp-json\/wp\/v2\/media\/14630"}],"wp:attachment":[{"href":"https:\/\/lafilledecorinthe.com\/wordpress\/wp-json\/wp\/v2\/media?parent=7867"}],"wp:term":[{"taxonomy":"category","embeddable":true,"href":"https:\/\/lafilledecorinthe.com\/wordpress\/wp-json\/wp\/v2\/categories?post=7867"},{"taxonomy":"post_tag","embeddable":true,"href":"https:\/\/lafilledecorinthe.com\/wordpress\/wp-json\/wp\/v2\/tags?post=7867"}],"curies":[{"name":"wp","href":"https:\/\/api.w.org\/{rel}","templated":true}]}}