{"id":7831,"date":"2016-12-02T20:28:42","date_gmt":"2016-12-02T19:28:42","guid":{"rendered":"http:\/\/lafilledecorinthe.com\/wordpress\/?p=7831"},"modified":"2025-12-07T09:14:11","modified_gmt":"2025-12-07T08:14:11","slug":"parcours-culturel-a-fontenay-sous-bois","status":"publish","type":"post","link":"https:\/\/lafilledecorinthe.com\/wordpress\/2016\/12\/parcours-culturel-a-fontenay-sous-bois\/","title":{"rendered":"Parcours culturel \u00e0 Fontenay-sous-Bois"},"content":{"rendered":"\n<p>La compagnie<em> Le bel apr\u00e8s-minuit<\/em> pr\u00e9pare son prochain spectacle&nbsp;<a href=\"http:\/\/www.lebelapresminuit.com\/wp-content\/uploads\/2015\/09\/Dossier-Ombre-de-Tom.pdf\" target=\"_blank\" rel=\"noopener\"><em>L&rsquo;ombre de Tom<\/em><\/a>. Cette nouvelle cr\u00e9ation sera \u00e0 l&rsquo;affiche de l&rsquo;espace G\u00e9rard Philipe en janvier. Le service culturel de Fontenay-sous-Bois a saisi cette belle opportunit\u00e9 pour proposer un parcours \u00ab\u00a0cin\u00e9ma th\u00e9\u00e2tre\u00a0\u00bb \u00e0 deux classes maternelles de la ville.<\/p>\n\n\n<div class=\"wp-block-image\">\n<figure class=\"aligncenter\"><a href=\"https:\/\/lafilledecorinthe.com\/wordpress\/wp-content\/uploads\/2016\/12\/OMBRE-DE-TOM-AFFICHE.jpg\"><img loading=\"lazy\" decoding=\"async\" width=\"2480\" height=\"3507\" src=\"https:\/\/lafilledecorinthe.com\/wordpress\/wp-content\/uploads\/2016\/12\/OMBRE-DE-TOM-AFFICHE.jpg\" alt=\"OMBRE DE TOM OK A3\" class=\"wp-image-7838\" srcset=\"https:\/\/lafilledecorinthe.com\/wordpress\/wp-content\/uploads\/2016\/12\/OMBRE-DE-TOM-AFFICHE.jpg 2480w, https:\/\/lafilledecorinthe.com\/wordpress\/wp-content\/uploads\/2016\/12\/OMBRE-DE-TOM-AFFICHE-481x680.jpg 481w, https:\/\/lafilledecorinthe.com\/wordpress\/wp-content\/uploads\/2016\/12\/OMBRE-DE-TOM-AFFICHE-905x1280.jpg 905w, https:\/\/lafilledecorinthe.com\/wordpress\/wp-content\/uploads\/2016\/12\/OMBRE-DE-TOM-AFFICHE-212x300.jpg 212w\" sizes=\"auto, (max-width: 2480px) 100vw, 2480px\" \/><\/a><\/figure>\n<\/div>\n\n\n<p><\/p>\n\n\n\n<p>Dans un premier temps, les enfants ont d\u00e9couvert l&rsquo;histoire et le secret des images en mouvement.<\/p>\n\n\n<div class=\"wp-block-image\">\n<figure class=\"aligncenter\"><a href=\"https:\/\/lafilledecorinthe.com\/wordpress\/wp-content\/uploads\/2016\/12\/ombre.jpg\"><img loading=\"lazy\" decoding=\"async\" width=\"1450\" height=\"1015\" src=\"https:\/\/lafilledecorinthe.com\/wordpress\/wp-content\/uploads\/2016\/12\/ombre.jpg\" alt=\"ombre\" class=\"wp-image-7841\" srcset=\"https:\/\/lafilledecorinthe.com\/wordpress\/wp-content\/uploads\/2016\/12\/ombre.jpg 1450w, https:\/\/lafilledecorinthe.com\/wordpress\/wp-content\/uploads\/2016\/12\/ombre-680x476.jpg 680w, https:\/\/lafilledecorinthe.com\/wordpress\/wp-content\/uploads\/2016\/12\/ombre-1280x896.jpg 1280w, https:\/\/lafilledecorinthe.com\/wordpress\/wp-content\/uploads\/2016\/12\/ombre-429x300.jpg 429w\" sizes=\"auto, (max-width: 1450px) 100vw, 1450px\" \/><\/a><figcaption class=\"wp-element-caption\">R\u00e9aliser des ombres avec son corps et des marionnettes&#8230;<\/figcaption><\/figure>\n<\/div>\n\n<div class=\"wp-block-image\">\n<figure class=\"aligncenter\"><a href=\"https:\/\/lafilledecorinthe.com\/wordpress\/wp-content\/uploads\/2016\/12\/IMG_1749.jpg\"><img loading=\"lazy\" decoding=\"async\" width=\"1859\" height=\"1353\" src=\"https:\/\/lafilledecorinthe.com\/wordpress\/wp-content\/uploads\/2016\/12\/IMG_1749.jpg\" alt=\"img_1749\" class=\"wp-image-7845\" srcset=\"https:\/\/lafilledecorinthe.com\/wordpress\/wp-content\/uploads\/2016\/12\/IMG_1749.jpg 1859w, https:\/\/lafilledecorinthe.com\/wordpress\/wp-content\/uploads\/2016\/12\/IMG_1749-680x495.jpg 680w, https:\/\/lafilledecorinthe.com\/wordpress\/wp-content\/uploads\/2016\/12\/IMG_1749-1280x932.jpg 1280w, https:\/\/lafilledecorinthe.com\/wordpress\/wp-content\/uploads\/2016\/12\/IMG_1749-412x300.jpg 412w\" sizes=\"auto, (max-width: 1859px) 100vw, 1859px\" \/><\/a><figcaption class=\"wp-element-caption\">Manipuler des jouets optiques&#8230;<\/figcaption><\/figure>\n<\/div>\n\n<div class=\"wp-block-image\">\n<figure class=\"aligncenter\"><a href=\"https:\/\/lafilledecorinthe.com\/wordpress\/wp-content\/uploads\/2016\/12\/IMG_1705.jpg\"><img loading=\"lazy\" decoding=\"async\" width=\"1936\" height=\"2592\" src=\"https:\/\/lafilledecorinthe.com\/wordpress\/wp-content\/uploads\/2016\/12\/IMG_1705.jpg\" alt=\"img_1705\" class=\"wp-image-7846\" srcset=\"https:\/\/lafilledecorinthe.com\/wordpress\/wp-content\/uploads\/2016\/12\/IMG_1705.jpg 1936w, https:\/\/lafilledecorinthe.com\/wordpress\/wp-content\/uploads\/2016\/12\/IMG_1705-508x680.jpg 508w, https:\/\/lafilledecorinthe.com\/wordpress\/wp-content\/uploads\/2016\/12\/IMG_1705-956x1280.jpg 956w, https:\/\/lafilledecorinthe.com\/wordpress\/wp-content\/uploads\/2016\/12\/IMG_1705-224x300.jpg 224w\" sizes=\"auto, (max-width: 1936px) 100vw, 1936px\" \/><\/a><figcaption class=\"wp-element-caption\">Fabriquer un thaumatrope.<\/figcaption><\/figure>\n<\/div>\n\n\n<p>Les deux classes ont ensuite r\u00e9alis\u00e9 une s\u00e9quence anim\u00e9e. La classe de GS de l&rsquo;\u00e9cole Pasteur a mis en sc\u00e8ne un album jeunesse, <em>Le petit bonhomme des bois<\/em>&#8230;<\/p>\n\n\n<div class=\"wp-block-image\">\n<figure class=\"aligncenter\"><a href=\"https:\/\/lafilledecorinthe.com\/wordpress\/wp-content\/uploads\/2016\/12\/IMG_1816.jpg\"><img loading=\"lazy\" decoding=\"async\" width=\"1936\" height=\"2592\" src=\"https:\/\/lafilledecorinthe.com\/wordpress\/wp-content\/uploads\/2016\/12\/IMG_1816.jpg\" alt=\"img_1816\" class=\"wp-image-7849\" srcset=\"https:\/\/lafilledecorinthe.com\/wordpress\/wp-content\/uploads\/2016\/12\/IMG_1816.jpg 1936w, https:\/\/lafilledecorinthe.com\/wordpress\/wp-content\/uploads\/2016\/12\/IMG_1816-508x680.jpg 508w, https:\/\/lafilledecorinthe.com\/wordpress\/wp-content\/uploads\/2016\/12\/IMG_1816-956x1280.jpg 956w, https:\/\/lafilledecorinthe.com\/wordpress\/wp-content\/uploads\/2016\/12\/IMG_1816-224x300.jpg 224w\" sizes=\"auto, (max-width: 1936px) 100vw, 1936px\" \/><\/a><figcaption class=\"wp-element-caption\">Les silhouettes sont d\u00e9plac\u00e9es petit \u00e0 petit pour cr\u00e9er l&rsquo;illusion du mouvement.<\/figcaption><\/figure>\n<\/div>\n\n<div class=\"wp-block-image\">\n<figure class=\"aligncenter\"><a href=\"https:\/\/lafilledecorinthe.com\/wordpress\/wp-content\/uploads\/2016\/12\/IMG_1764.jpg\"><img loading=\"lazy\" decoding=\"async\" width=\"2592\" height=\"1936\" src=\"https:\/\/lafilledecorinthe.com\/wordpress\/wp-content\/uploads\/2016\/12\/IMG_1764.jpg\" alt=\"img_1764\" class=\"wp-image-7850\" srcset=\"https:\/\/lafilledecorinthe.com\/wordpress\/wp-content\/uploads\/2016\/12\/IMG_1764.jpg 2592w, https:\/\/lafilledecorinthe.com\/wordpress\/wp-content\/uploads\/2016\/12\/IMG_1764-680x508.jpg 680w, https:\/\/lafilledecorinthe.com\/wordpress\/wp-content\/uploads\/2016\/12\/IMG_1764-1280x956.jpg 1280w, https:\/\/lafilledecorinthe.com\/wordpress\/wp-content\/uploads\/2016\/12\/IMG_1764-402x300.jpg 402w\" sizes=\"auto, (max-width: 2592px) 100vw, 2592px\" \/><\/a><figcaption class=\"wp-element-caption\">Un grand merci \u00e0 Mme Debuchy !<\/figcaption><\/figure>\n<\/div>\n\n<div class=\"wp-block-image\">\n<figure class=\"aligncenter\"><a href=\"https:\/\/lafilledecorinthe.com\/wordpress\/wp-content\/uploads\/2016\/12\/IMG_1850.jpg\"><img loading=\"lazy\" decoding=\"async\" width=\"2293\" height=\"1639\" src=\"https:\/\/lafilledecorinthe.com\/wordpress\/wp-content\/uploads\/2016\/12\/IMG_1850.jpg\" alt=\"img_1850\" class=\"wp-image-7853\" srcset=\"https:\/\/lafilledecorinthe.com\/wordpress\/wp-content\/uploads\/2016\/12\/IMG_1850.jpg 2293w, https:\/\/lafilledecorinthe.com\/wordpress\/wp-content\/uploads\/2016\/12\/IMG_1850-680x486.jpg 680w, https:\/\/lafilledecorinthe.com\/wordpress\/wp-content\/uploads\/2016\/12\/IMG_1850-1280x915.jpg 1280w, https:\/\/lafilledecorinthe.com\/wordpress\/wp-content\/uploads\/2016\/12\/IMG_1850-420x300.jpg 420w\" sizes=\"auto, (max-width: 2293px) 100vw, 2293px\" \/><\/a><figcaption class=\"wp-element-caption\">Marl\u00e8ne, l&rsquo;enseignante, pr\u00eate sa voix au film.<\/figcaption><\/figure>\n<\/div>\n\n\n<figure class=\"wp-block-embed is-type-video is-provider-vimeo wp-block-embed-vimeo wp-embed-aspect-16-9 wp-has-aspect-ratio\"><div class=\"wp-block-embed__wrapper\">\n<iframe loading=\"lazy\" title=\"Pasteur\" src=\"https:\/\/player.vimeo.com\/video\/194060396?dnt=1&amp;app_id=122963\" width=\"720\" height=\"405\" frameborder=\"0\" allow=\"autoplay; fullscreen; picture-in-picture; clipboard-write; encrypted-media; web-share\" referrerpolicy=\"strict-origin-when-cross-origin\"><\/iframe>\n<\/div><\/figure>\n\n\n\n<p>La classe de MS\/GS de l&rsquo;\u00e9cole P. Demont avait quant \u00e0 elle jou\u00e9 avec les mots de Robert Desnos cr\u00e9ant \u00e0 leur tour des phrases surr\u00e9alistes que nous avons anim\u00e9es \u00e0 l&rsquo;aide des pi\u00e8ces d&rsquo;un tangram&#8230;<\/p>\n\n\n<div class=\"wp-block-image\">\n<figure class=\"aligncenter\"><a href=\"https:\/\/lafilledecorinthe.com\/wordpress\/wp-content\/uploads\/2016\/12\/IMG_1861.jpg\"><img loading=\"lazy\" decoding=\"async\" width=\"1843\" height=\"1324\" src=\"https:\/\/lafilledecorinthe.com\/wordpress\/wp-content\/uploads\/2016\/12\/IMG_1861.jpg\" alt=\"img_1861\" class=\"wp-image-7854\" srcset=\"https:\/\/lafilledecorinthe.com\/wordpress\/wp-content\/uploads\/2016\/12\/IMG_1861.jpg 1843w, https:\/\/lafilledecorinthe.com\/wordpress\/wp-content\/uploads\/2016\/12\/IMG_1861-680x489.jpg 680w, https:\/\/lafilledecorinthe.com\/wordpress\/wp-content\/uploads\/2016\/12\/IMG_1861-1280x920.jpg 1280w, https:\/\/lafilledecorinthe.com\/wordpress\/wp-content\/uploads\/2016\/12\/IMG_1861-418x300.jpg 418w\" sizes=\"auto, (max-width: 1843px) 100vw, 1843px\" \/><\/a><figcaption class=\"wp-element-caption\">L&rsquo;attention est \u00e0 son comble pour recr\u00e9er la forme d\u00e9sir\u00e9e.<\/figcaption><\/figure>\n<\/div>\n\n<div class=\"wp-block-image\">\n<figure class=\"aligncenter\"><a href=\"https:\/\/lafilledecorinthe.com\/wordpress\/wp-content\/uploads\/2016\/12\/IMG_1873.jpg\"><img loading=\"lazy\" decoding=\"async\" width=\"2227\" height=\"1668\" src=\"https:\/\/lafilledecorinthe.com\/wordpress\/wp-content\/uploads\/2016\/12\/IMG_1873.jpg\" alt=\"img_1873\" class=\"wp-image-7855\" srcset=\"https:\/\/lafilledecorinthe.com\/wordpress\/wp-content\/uploads\/2016\/12\/IMG_1873.jpg 2227w, https:\/\/lafilledecorinthe.com\/wordpress\/wp-content\/uploads\/2016\/12\/IMG_1873-680x509.jpg 680w, https:\/\/lafilledecorinthe.com\/wordpress\/wp-content\/uploads\/2016\/12\/IMG_1873-1280x959.jpg 1280w, https:\/\/lafilledecorinthe.com\/wordpress\/wp-content\/uploads\/2016\/12\/IMG_1873-401x300.jpg 401w\" sizes=\"auto, (max-width: 2227px) 100vw, 2227px\" \/><\/a><figcaption class=\"wp-element-caption\">Ma\u00eetriser son geste pour cr\u00e9er un d\u00e9placement fluide.<\/figcaption><\/figure>\n<\/div>\n\n<div class=\"wp-block-image\">\n<figure class=\"aligncenter\"><a href=\"https:\/\/lafilledecorinthe.com\/wordpress\/wp-content\/uploads\/2016\/12\/IMG_1896.jpg\"><img loading=\"lazy\" decoding=\"async\" width=\"2405\" height=\"1793\" src=\"https:\/\/lafilledecorinthe.com\/wordpress\/wp-content\/uploads\/2016\/12\/IMG_1896.jpg\" alt=\"img_1896\" class=\"wp-image-7856\" srcset=\"https:\/\/lafilledecorinthe.com\/wordpress\/wp-content\/uploads\/2016\/12\/IMG_1896.jpg 2405w, https:\/\/lafilledecorinthe.com\/wordpress\/wp-content\/uploads\/2016\/12\/IMG_1896-680x507.jpg 680w, https:\/\/lafilledecorinthe.com\/wordpress\/wp-content\/uploads\/2016\/12\/IMG_1896-1280x954.jpg 1280w, https:\/\/lafilledecorinthe.com\/wordpress\/wp-content\/uploads\/2016\/12\/IMG_1896-402x300.jpg 402w\" sizes=\"auto, (max-width: 2405px) 100vw, 2405px\" \/><\/a><figcaption class=\"wp-element-caption\">Les derni\u00e8res consignes pour l&rsquo;enregistrement final<\/figcaption><\/figure>\n<\/div>\n\n\n<figure class=\"wp-block-embed is-type-video is-provider-vimeo wp-block-embed-vimeo wp-embed-aspect-16-9 wp-has-aspect-ratio\"><div class=\"wp-block-embed__wrapper\">\n<iframe loading=\"lazy\" title=\"Demont\" src=\"https:\/\/player.vimeo.com\/video\/194232100?dnt=1&amp;app_id=122963\" width=\"720\" height=\"405\" frameborder=\"0\" allow=\"autoplay; fullscreen; picture-in-picture; clipboard-write; encrypted-media; web-share\" referrerpolicy=\"strict-origin-when-cross-origin\"><\/iframe>\n<\/div><\/figure>\n\n\n\n<p>Apr\u00e8s les vacances de No\u00ebl, les enfants des deux classes seront invit\u00e9s&nbsp;au cin\u00e9ma et au th\u00e9\u00e2tre pour d\u00e9couvrir des courts m\u00e9trages et un spectacle c\u00e9l\u00e9brant l&rsquo;ombre et la lumi\u00e8re.<\/p>\n","protected":false},"excerpt":{"rendered":"<p>La compagnie Le bel apr\u00e8s-minuit pr\u00e9pare son prochain spectacle&nbsp;L&rsquo;ombre de Tom. Cette nouvelle cr\u00e9ation sera \u00e0 l&rsquo;affiche de l&rsquo;espace G\u00e9rard Philipe en janvier. Le service culturel de Fontenay-sous-Bois a saisi cette belle opportunit\u00e9 pour proposer un parcours \u00ab\u00a0cin\u00e9ma th\u00e9\u00e2tre\u00a0\u00bb \u00e0 deux classes maternelles de la ville. Dans un premier temps, les enfants ont d\u00e9couvert l&rsquo;histoire&#8230;<\/p>\n","protected":false},"author":2,"featured_media":7836,"comment_status":"open","ping_status":"open","sticky":false,"template":"","format":"standard","meta":{"_kad_post_transparent":"","_kad_post_title":"","_kad_post_layout":"","_kad_post_sidebar_id":"","_kad_post_content_style":"","_kad_post_vertical_padding":"","_kad_post_feature":"","_kad_post_feature_position":"","_kad_post_header":false,"_kad_post_footer":false,"_kad_post_classname":"","footnotes":""},"categories":[7],"tags":[1396,1395,1393,1390,1392,1391,1394],"class_list":["post-7831","post","type-post","status-publish","format-standard","has-post-thumbnail","hentry","category-ateliers-enfants","tag-ecole-p-demont","tag-ecole-pasteur","tag-espace-gerard-philipe","tag-fontenay-sous-bois","tag-lombre-de-tom","tag-le-bel-apres-minuit","tag-le-petit-bonhomme-des-bois"],"_links":{"self":[{"href":"https:\/\/lafilledecorinthe.com\/wordpress\/wp-json\/wp\/v2\/posts\/7831","targetHints":{"allow":["GET"]}}],"collection":[{"href":"https:\/\/lafilledecorinthe.com\/wordpress\/wp-json\/wp\/v2\/posts"}],"about":[{"href":"https:\/\/lafilledecorinthe.com\/wordpress\/wp-json\/wp\/v2\/types\/post"}],"author":[{"embeddable":true,"href":"https:\/\/lafilledecorinthe.com\/wordpress\/wp-json\/wp\/v2\/users\/2"}],"replies":[{"embeddable":true,"href":"https:\/\/lafilledecorinthe.com\/wordpress\/wp-json\/wp\/v2\/comments?post=7831"}],"version-history":[{"count":22,"href":"https:\/\/lafilledecorinthe.com\/wordpress\/wp-json\/wp\/v2\/posts\/7831\/revisions"}],"predecessor-version":[{"id":14901,"href":"https:\/\/lafilledecorinthe.com\/wordpress\/wp-json\/wp\/v2\/posts\/7831\/revisions\/14901"}],"wp:featuredmedia":[{"embeddable":true,"href":"https:\/\/lafilledecorinthe.com\/wordpress\/wp-json\/wp\/v2\/media\/7836"}],"wp:attachment":[{"href":"https:\/\/lafilledecorinthe.com\/wordpress\/wp-json\/wp\/v2\/media?parent=7831"}],"wp:term":[{"taxonomy":"category","embeddable":true,"href":"https:\/\/lafilledecorinthe.com\/wordpress\/wp-json\/wp\/v2\/categories?post=7831"},{"taxonomy":"post_tag","embeddable":true,"href":"https:\/\/lafilledecorinthe.com\/wordpress\/wp-json\/wp\/v2\/tags?post=7831"}],"curies":[{"name":"wp","href":"https:\/\/api.w.org\/{rel}","templated":true}]}}