{"id":7809,"date":"2016-11-27T19:56:32","date_gmt":"2016-11-27T18:56:32","guid":{"rendered":"http:\/\/lafilledecorinthe.com\/wordpress\/?p=7809"},"modified":"2025-12-06T20:39:24","modified_gmt":"2025-12-06T19:39:24","slug":"ecole-et-cinema-le-tableau-de-jean-francois-laguionie","status":"publish","type":"post","link":"https:\/\/lafilledecorinthe.com\/wordpress\/2016\/11\/ecole-et-cinema-le-tableau-de-jean-francois-laguionie\/","title":{"rendered":"\u00ab\u00a0Ecole et cin\u00e9ma\u00a0\u00bb Le tableau de Jean-Fran\u00e7ois Laguionie"},"content":{"rendered":"\n<p><em>\u00ab\u00a0Je termine toujours mes histoires avec des points de suspension, m\u00eame si ce n&rsquo;est pas tr\u00e8s commercial, la suspension&#8230; Pourquoi finir une histoire ? La vie, elle, se poursuit. Ou alors il faudrait finir sur la mort du personnage, mais ce n&rsquo;est pas tr\u00e8s commercial non plus ! C&rsquo;est pour \u00e7a que j&rsquo;aime beaucoup le western, avec le dernier plan o\u00f9 le h\u00e9ros repart&#8230; Je ne sais plus qui disait qu&rsquo;une peinture n&rsquo;est jamais termin\u00e9e : elle est abandonn\u00e9e. Si on enl\u00e8ve le c\u00f4t\u00e9 n\u00e9gatif de l&rsquo;abandon, c&rsquo;est juste que le peintre d\u00e9cide, \u00e0 un moment donn\u00e9, de s&rsquo;arr\u00eater. Il pense qu&rsquo;une touche de plus pourrait g\u00e2cher le tableau. Il a mis l&rsquo;essentiel. On a tout quand on a l&rsquo;essentiel, non ?\u00a0\u00bb<\/em><br>Jean-Fran\u00e7ois Laguionie dans <em>Un sage en hiver<\/em> de Guillemette Odicino, T\u00e9l\u00e9rama, n\u00b03489<\/p>\n\n\n\n<p>Avec la sortie tant attendue de <em>Louise en Hiver,&nbsp;<\/em>Jean-Fran\u00e7ois Laguionie est sous les feux de l&rsquo;actualit\u00e9 : <a href=\"http:\/\/www.cinematheque.fr\/cycle\/jean-francois-laguionie-355.html\" target=\"_blank\" rel=\"noopener\">r\u00e9trospective<\/a>, <a href=\"http:\/\/www.opera-rennes.com\/saison-2015-2016\/les-spectacles-en-accueil\/90-op%C3%A9ra-ouvre-toi-2016-2017\/338-expositions.html\" target=\"_blank\" rel=\"noopener\">exposition<\/a>, <a href=\"http:\/\/www.editionsdeloeil.com\/index.php?page=fiche&amp;id=379\" target=\"_blank\" rel=\"noopener\">parution<\/a> d&rsquo;un livre-dvd, <a href=\"http:\/\/www.editions-delatour.com\/fr\/nouvelles\/3379-louise-en-hiver-9782752103116.html\" target=\"_blank\" rel=\"noopener\">\u00e9dition<\/a> de ses nouvelles, articles dans la presse&#8230; Son pr\u00e9c\u00e9dent long m\u00e9trage,<em> Le tableau<\/em>, fait, quant \u00e0 lui, son entr\u00e9e dans le catalogue d&rsquo;<a href=\"http:\/\/nanouk-ec.com\/enseignants\/les-films\/le-tableau\" target=\"_blank\" rel=\"noopener\"><em>Ecole et Cin\u00e9ma<\/em><\/a>. Apr\u00e8s l&rsquo;\u00e9criture du <em>cahier de notes, <\/em>j&rsquo;ai le plaisir d&rsquo;accompagner des projections dans le cadre des formations <em>Ecole et cin\u00e9ma<\/em>.<\/p>\n\n\n\n<p><strong>Les prochaines dates :<\/strong><br>&#8211; Parthenay, mercredi 30 novembre 2016<br>&#8211; La Courneuve, jeudi 8 d\u00e9cembre 2016<br>&#8211; Poitiers, mercredi 11 janvier 2017<\/p>\n\n\n\n<p><strong>D&rsquo;autres <a href=\"http:\/\/nanouk-ec.com\/enseignants\/les-films\/le-tableau\" target=\"_blank\" rel=\"noopener\">sorties<\/a> du cadre&#8230;<\/strong><\/p>\n\n\n<div class=\"wp-block-image\">\n<figure class=\"aligncenter\"><a href=\"https:\/\/lafilledecorinthe.com\/wordpress\/wp-content\/uploads\/2016\/11\/Empe\u0301docle.jpg\"><img loading=\"lazy\" decoding=\"async\" width=\"510\" height=\"409\" src=\"https:\/\/lafilledecorinthe.com\/wordpress\/wp-content\/uploads\/2016\/11\/Empe\u0301docle.jpg\" alt=\"empedocle\" class=\"wp-image-7819\" srcset=\"https:\/\/lafilledecorinthe.com\/wordpress\/wp-content\/uploads\/2016\/11\/Empe\u0301docle.jpg 510w, https:\/\/lafilledecorinthe.com\/wordpress\/wp-content\/uploads\/2016\/11\/Empe\u0301docle-374x300.jpg 374w\" sizes=\"auto, (max-width: 510px) 100vw, 510px\" \/><\/a><figcaption class=\"wp-element-caption\">Emp\u00e9docle, fresque de Signorelli, Duomo d&rsquo;Orvieto, Ombrie, Italie<\/figcaption><\/figure>\n<\/div>\n\n<div class=\"wp-block-image\">\n<figure class=\"aligncenter\"><a href=\"https:\/\/lafilledecorinthe.com\/wordpress\/wp-content\/uploads\/2016\/11\/IMG_7078.jpg\"><img loading=\"lazy\" decoding=\"async\" width=\"2448\" height=\"3264\" src=\"https:\/\/lafilledecorinthe.com\/wordpress\/wp-content\/uploads\/2016\/11\/IMG_7078.jpg\" alt=\"img_7078\" class=\"wp-image-7827\" srcset=\"https:\/\/lafilledecorinthe.com\/wordpress\/wp-content\/uploads\/2016\/11\/IMG_7078.jpg 2448w, https:\/\/lafilledecorinthe.com\/wordpress\/wp-content\/uploads\/2016\/11\/IMG_7078-510x680.jpg 510w, https:\/\/lafilledecorinthe.com\/wordpress\/wp-content\/uploads\/2016\/11\/IMG_7078-960x1280.jpg 960w, https:\/\/lafilledecorinthe.com\/wordpress\/wp-content\/uploads\/2016\/11\/IMG_7078-225x300.jpg 225w\" sizes=\"auto, (max-width: 2448px) 100vw, 2448px\" \/><\/a><figcaption class=\"wp-element-caption\">Little Nemo in Slumberland, Winsor McCay, 1908<\/figcaption><\/figure>\n<\/div>\n\n<div class=\"wp-block-image\">\n<figure class=\"aligncenter\"><a href=\"https:\/\/lafilledecorinthe.com\/wordpress\/wp-content\/uploads\/2016\/11\/Le-tableau.jpg\"><img loading=\"lazy\" decoding=\"async\" width=\"500\" height=\"323\" src=\"https:\/\/lafilledecorinthe.com\/wordpress\/wp-content\/uploads\/2016\/11\/Le-tableau.jpg\" alt=\"le-tableau\" class=\"wp-image-7821\" srcset=\"https:\/\/lafilledecorinthe.com\/wordpress\/wp-content\/uploads\/2016\/11\/Le-tableau.jpg 500w, https:\/\/lafilledecorinthe.com\/wordpress\/wp-content\/uploads\/2016\/11\/Le-tableau-464x300.jpg 464w\" sizes=\"auto, (max-width: 500px) 100vw, 500px\" \/><\/a><figcaption class=\"wp-element-caption\"><em>Le tableau<\/em> de Marion Fayolle, Magnani, 2012<\/figcaption><\/figure>\n<\/div>\n\n<div class=\"wp-block-image\">\n<figure class=\"aligncenter\"><a href=\"https:\/\/lafilledecorinthe.com\/wordpress\/wp-content\/uploads\/2016\/11\/Avant-il-y-avait-la-mer.jpg\"><img loading=\"lazy\" decoding=\"async\" width=\"310\" height=\"358\" src=\"https:\/\/lafilledecorinthe.com\/wordpress\/wp-content\/uploads\/2016\/11\/Avant-il-y-avait-la-mer.jpg\" alt=\"Avant il y avait la mer, El\u00e9onore Douspis, Albin Michel Jeunesse, 2016\" class=\"wp-image-7822\" srcset=\"https:\/\/lafilledecorinthe.com\/wordpress\/wp-content\/uploads\/2016\/11\/Avant-il-y-avait-la-mer.jpg 310w, https:\/\/lafilledecorinthe.com\/wordpress\/wp-content\/uploads\/2016\/11\/Avant-il-y-avait-la-mer-260x300.jpg 260w\" sizes=\"auto, (max-width: 310px) 100vw, 310px\" \/><\/a><figcaption class=\"wp-element-caption\"><em>Avant il y avait la mer<\/em>, El\u00e9onore Douspis, Albin Michel Jeunesse, 2016<\/figcaption><\/figure>\n<\/div>\n\n<div class=\"wp-block-image\">\n<figure class=\"aligncenter\"><a href=\"https:\/\/lafilledecorinthe.com\/wordpress\/wp-content\/uploads\/2016\/11\/mon_cher_tendre_ami.jpg\"><img loading=\"lazy\" decoding=\"async\" width=\"1536\" height=\"916\" src=\"https:\/\/lafilledecorinthe.com\/wordpress\/wp-content\/uploads\/2016\/11\/mon_cher_tendre_ami.jpg\" alt=\"Mon cher tendre ami de Hadi Yaghinlou, 2004\" class=\"wp-image-7824\" srcset=\"https:\/\/lafilledecorinthe.com\/wordpress\/wp-content\/uploads\/2016\/11\/mon_cher_tendre_ami.jpg 1536w, https:\/\/lafilledecorinthe.com\/wordpress\/wp-content\/uploads\/2016\/11\/mon_cher_tendre_ami-680x406.jpg 680w, https:\/\/lafilledecorinthe.com\/wordpress\/wp-content\/uploads\/2016\/11\/mon_cher_tendre_ami-1280x763.jpg 1280w, https:\/\/lafilledecorinthe.com\/wordpress\/wp-content\/uploads\/2016\/11\/mon_cher_tendre_ami-500x298.jpg 500w\" sizes=\"auto, (max-width: 1536px) 100vw, 1536px\" \/><\/a><figcaption class=\"wp-element-caption\"><em>Mon cher tendre ami<\/em> de Hadi Yaghinlou, 2004<\/figcaption><\/figure>\n<\/div>\n\n\n<p><em>La carte<\/em> de St\u00e9fan Le Lay, 2009 (extrait), DVD <em>Voyages de r\u00eave<\/em> aux <a href=\"https:\/\/cinema.filmsduparadoxe.com\/index.php\/catalogue\/8-films\/512-voyages-de-reve\" target=\"_blank\" rel=\"noopener\">Films du Paradoxe <\/a>\u00a0 \u00a0 \u00a0 \u00a0 \u00a0 \u00a0 \u00a0 \u00a0 \u00a0 \u00a0 \u00a0 \u00a0 \u00a0 \u00a0 \u00a0 \u00a0 \u00a0 \u00a0 \u00a0 \u00a0 \u00a0 \u00a0 \u00a0 \u00a0 \u00a0 \u00a0 \u00a0 \u00a0 \u00a0 \u00a0 \u00a0<\/p>\n\n\n\n<figure class=\"wp-block-embed is-type-video is-provider-youtube wp-block-embed-youtube wp-embed-aspect-16-9 wp-has-aspect-ratio\"><div class=\"wp-block-embed__wrapper\">\n<iframe loading=\"lazy\" title=\"LA CARTE Bande Annonce - KuB (PLAGE, \u00c9T\u00c9)\" width=\"720\" height=\"405\" src=\"https:\/\/www.youtube.com\/embed\/BcGHOETQoV8?start=3&#038;feature=oembed\" frameborder=\"0\" allow=\"accelerometer; autoplay; clipboard-write; encrypted-media; gyroscope; picture-in-picture; web-share\" referrerpolicy=\"strict-origin-when-cross-origin\" allowfullscreen><\/iframe>\n<\/div><\/figure>\n\n\n\n<p><\/p>\n","protected":false},"excerpt":{"rendered":"<p>\u00ab\u00a0Je termine toujours mes histoires avec des points de suspension, m\u00eame si ce n&rsquo;est pas tr\u00e8s commercial, la suspension&#8230; Pourquoi finir une histoire ? La vie, elle, se poursuit. Ou alors il faudrait finir sur la mort du personnage, mais ce n&rsquo;est pas tr\u00e8s commercial non plus ! C&rsquo;est pour \u00e7a que j&rsquo;aime beaucoup le&#8230;<\/p>\n","protected":false},"author":2,"featured_media":14778,"comment_status":"open","ping_status":"open","sticky":false,"template":"","format":"standard","meta":{"_kad_post_transparent":"","_kad_post_title":"","_kad_post_layout":"","_kad_post_sidebar_id":"","_kad_post_content_style":"","_kad_post_vertical_padding":"","_kad_post_feature":"","_kad_post_feature_position":"","_kad_post_header":false,"_kad_post_footer":false,"_kad_post_classname":"","footnotes":""},"categories":[8],"tags":[24,1385,1383,1382,1386,1378,1388,602,1377,1366,1389,1379,1384,1380,1381,1387,1342,551],"class_list":["post-7809","post","type-post","status-publish","format-standard","has-post-thumbnail","hentry","category-formations-adultes","tag-ecole-et-cinema","tag-eleonore-douspis","tag-empedocle","tag-fresque-de-signorelli","tag-hadi-yaghinlou","tag-jean-francois-laguionie","tag-l","tag-la-courneuve","tag-le-tableau","tag-les-films-du-paradoxe","tag-little-nemo","tag-louise-en-hiver","tag-marion-fayolle","tag-parthenay","tag-poitiers","tag-stefan-le-lay","tag-voyages-de-reve","tag-winsor-mccay"],"_links":{"self":[{"href":"https:\/\/lafilledecorinthe.com\/wordpress\/wp-json\/wp\/v2\/posts\/7809","targetHints":{"allow":["GET"]}}],"collection":[{"href":"https:\/\/lafilledecorinthe.com\/wordpress\/wp-json\/wp\/v2\/posts"}],"about":[{"href":"https:\/\/lafilledecorinthe.com\/wordpress\/wp-json\/wp\/v2\/types\/post"}],"author":[{"embeddable":true,"href":"https:\/\/lafilledecorinthe.com\/wordpress\/wp-json\/wp\/v2\/users\/2"}],"replies":[{"embeddable":true,"href":"https:\/\/lafilledecorinthe.com\/wordpress\/wp-json\/wp\/v2\/comments?post=7809"}],"version-history":[{"count":15,"href":"https:\/\/lafilledecorinthe.com\/wordpress\/wp-json\/wp\/v2\/posts\/7809\/revisions"}],"predecessor-version":[{"id":7828,"href":"https:\/\/lafilledecorinthe.com\/wordpress\/wp-json\/wp\/v2\/posts\/7809\/revisions\/7828"}],"wp:featuredmedia":[{"embeddable":true,"href":"https:\/\/lafilledecorinthe.com\/wordpress\/wp-json\/wp\/v2\/media\/14778"}],"wp:attachment":[{"href":"https:\/\/lafilledecorinthe.com\/wordpress\/wp-json\/wp\/v2\/media?parent=7809"}],"wp:term":[{"taxonomy":"category","embeddable":true,"href":"https:\/\/lafilledecorinthe.com\/wordpress\/wp-json\/wp\/v2\/categories?post=7809"},{"taxonomy":"post_tag","embeddable":true,"href":"https:\/\/lafilledecorinthe.com\/wordpress\/wp-json\/wp\/v2\/tags?post=7809"}],"curies":[{"name":"wp","href":"https:\/\/api.w.org\/{rel}","templated":true}]}}