{"id":7801,"date":"2016-12-10T18:25:30","date_gmt":"2016-12-10T17:25:30","guid":{"rendered":"http:\/\/lafilledecorinthe.com\/wordpress\/?p=7801"},"modified":"2025-12-04T20:38:22","modified_gmt":"2025-12-04T19:38:22","slug":"ecole-et-cinema-92-un-animal-des-animaux","status":"publish","type":"post","link":"https:\/\/lafilledecorinthe.com\/wordpress\/2016\/12\/ecole-et-cinema-92-un-animal-des-animaux\/","title":{"rendered":"\u00ab\u00a0Ecole et cin\u00e9ma 92\u00a0\u00bb Un animal, des animaux"},"content":{"rendered":"\n<p><em>Que veut dire \u00ab\u00a0documentaire\u00a0\u00bb ? Un cin\u00e9ma se r\u00e9f\u00e9rant \u00e0 ce que nous appelons \u00ab\u00a0la r\u00e9alit\u00e9\u00a0\u00bb, ce qui suppose avant tout que ce ne sont pas des com\u00e9diens de m\u00e9tier qui y sont film\u00e9s, mais des femmes et des hommes de tous les jours, connus ou non, qui jouent eux-m\u00eames leur propre r\u00f4le&#8230; Ce sont les hommes et les femmes film\u00e9es qui sont documentaires. Les situations film\u00e9es, elles, d\u00e9pendent toujours des mises en sc\u00e8ne que les institutions ou les groupes sociaux mettent en place avant m\u00eame l&rsquo;arriv\u00e9e du cin\u00e9ma, et que la d\u00e9marche documentaire revient non seulement \u00e0 d\u00e9crire, mais aussi \u00e0 critiquer ou \u00e0 d\u00e9faire. A part \u00e7a, le cin\u00e9ma documentaire est le contraire du journalisme, c&rsquo;est-\u00e0-dire qu&rsquo;il est d&rsquo;abord cin\u00e9ma : croyance, d\u00e9sir, illusion, subjectivit\u00e9. La s\u00e9ance de cin\u00e9ma, documentaire ou fiction, produit de la subjectivit\u00e9, de la singularit\u00e9, de l&rsquo;\u00e9cart : rien n&rsquo;est repr\u00e9sent\u00e9, rien n&rsquo;est film\u00e9 sans \u00eatre transform\u00e9, traduit, chang\u00e9. Le cin\u00e9ma change le monde et tend de plus en plus \u00e0 le remplacer&#8230; Documentaire ou fiction, le cin\u00e9ma est d&rsquo;abord le jeu ouvert de la singularit\u00e9. \u00a0 \u00a0 \u00a0 \u00a0 \u00a0 \u00a0 <\/em><br><em>Jean-Louis Comolli, mars 2005, Cin\u00e9ma documentaire, Fragments d&rsquo;une histoire<\/em><\/p>\n\n\n\n<p><strong>Projection-conf\u00e9rence :<\/strong><br><em>Un animal, des animaux<\/em> de Nicolas Philibert<br>Co-anim\u00e9e avec Marc Laugenie<br>Cin\u00e9ma <em>Jean Vigo<\/em> de Gennevilliers<br>Samedi 10 d\u00e9cembre 2016<br>Cin\u00e9ma Le Rex de Ch\u00e2tenay-Malabry<br>Samedi 7 janvier 2017<\/p>\n\n\n\n<p>Document accompagnant la conf\u00e9rence&nbsp;<a href=\"https:\/\/lafilledecorinthe.com\/wordpress\/wp-content\/uploads\/2016\/12\/Un-animal-des-animaux1.pdf\">un-animal-des-animaux<\/a><\/p>\n\n\n<div class=\"wp-block-image\">\n<figure class=\"aligncenter\"><a href=\"https:\/\/lafilledecorinthe.com\/wordpress\/wp-content\/uploads\/2016\/12\/Ade\u0300le-Blanc-Sec.jpg\"><img loading=\"lazy\" decoding=\"async\" width=\"1280\" height=\"1133\" src=\"https:\/\/lafilledecorinthe.com\/wordpress\/wp-content\/uploads\/2016\/12\/Ade\u0300le-Blanc-Sec.jpg\" alt=\"adele-blanc-sec\" class=\"wp-image-7893\" srcset=\"https:\/\/lafilledecorinthe.com\/wordpress\/wp-content\/uploads\/2016\/12\/Ade\u0300le-Blanc-Sec.jpg 1280w, https:\/\/lafilledecorinthe.com\/wordpress\/wp-content\/uploads\/2016\/12\/Ade\u0300le-Blanc-Sec-680x602.jpg 680w, https:\/\/lafilledecorinthe.com\/wordpress\/wp-content\/uploads\/2016\/12\/Ade\u0300le-Blanc-Sec-339x300.jpg 339w\" sizes=\"auto, (max-width: 1280px) 100vw, 1280px\" \/><\/a><figcaption class=\"wp-element-caption\">Ad\u00e8le et la b\u00eate de Jacques Tardi, Casterman, 1976<\/figcaption><\/figure>\n<\/div>\n\n<div class=\"wp-block-image\">\n<figure class=\"aligncenter\"><a href=\"https:\/\/lafilledecorinthe.com\/wordpress\/wp-content\/uploads\/2016\/12\/Ross.jpg\"><img loading=\"lazy\" decoding=\"async\" width=\"587\" height=\"600\" src=\"https:\/\/lafilledecorinthe.com\/wordpress\/wp-content\/uploads\/2016\/12\/Ross.jpg\" alt=\"ross\" class=\"wp-image-7897\" srcset=\"https:\/\/lafilledecorinthe.com\/wordpress\/wp-content\/uploads\/2016\/12\/Ross.jpg 587w, https:\/\/lafilledecorinthe.com\/wordpress\/wp-content\/uploads\/2016\/12\/Ross-294x300.jpg 294w\" sizes=\"auto, (max-width: 587px) 100vw, 587px\" \/><\/a><figcaption class=\"wp-element-caption\">Mus\u00e9e national d&rsquo;histoire naturelle, <a href=\"http:\/\/richardross.net\/museology-24cc5\" target=\"_blank\" rel=\"noopener\">Richard Ross<\/a>, 1982<\/figcaption><\/figure>\n<\/div>\n\n\n<p>Deux oeuvres de l&rsquo;exposition<em> Le grand orchestre des animaux <\/em>\u00e0 la Fondation Cartier :<\/p>\n\n\n\n<figure class=\"wp-block-embed is-type-video is-provider-youtube wp-block-embed-youtube wp-embed-aspect-16-9 wp-has-aspect-ratio\"><div class=\"wp-block-embed__wrapper\">\n<iframe loading=\"lazy\" title=\"Entretien avec Cai Guo-Qiang - Le Grand Orchestre des Animaux - 2016\" width=\"720\" height=\"405\" src=\"https:\/\/www.youtube.com\/embed\/ElmQRyN-vqw?feature=oembed\" frameborder=\"0\" allow=\"accelerometer; autoplay; clipboard-write; encrypted-media; gyroscope; picture-in-picture; web-share\" referrerpolicy=\"strict-origin-when-cross-origin\" allowfullscreen><\/iframe>\n<\/div><\/figure>\n\n\n<div class=\"wp-block-image\">\n<figure class=\"aligncenter\"><a href=\"https:\/\/lafilledecorinthe.com\/wordpress\/wp-content\/uploads\/2016\/12\/Alaskan-Wolves-Hiroshi-Sugimoto.jpg\"><img loading=\"lazy\" decoding=\"async\" width=\"800\" height=\"450\" src=\"https:\/\/lafilledecorinthe.com\/wordpress\/wp-content\/uploads\/2016\/12\/Alaskan-Wolves-Hiroshi-Sugimoto.jpg\" alt=\"alaskan-wolves-hiroshi-sugimoto\" class=\"wp-image-7926\" srcset=\"https:\/\/lafilledecorinthe.com\/wordpress\/wp-content\/uploads\/2016\/12\/Alaskan-Wolves-Hiroshi-Sugimoto.jpg 800w, https:\/\/lafilledecorinthe.com\/wordpress\/wp-content\/uploads\/2016\/12\/Alaskan-Wolves-Hiroshi-Sugimoto-680x383.jpg 680w, https:\/\/lafilledecorinthe.com\/wordpress\/wp-content\/uploads\/2016\/12\/Alaskan-Wolves-Hiroshi-Sugimoto-500x281.jpg 500w\" sizes=\"auto, (max-width: 800px) 100vw, 800px\" \/><\/a><figcaption class=\"wp-element-caption\">Loup d&rsquo;Alaska de Hiroshi Sugimoto, 1994<\/figcaption><\/figure>\n<\/div>\n\n\n<p>Un&nbsp;livre qui vient de sortir !<\/p>\n\n\n<div class=\"wp-block-image\">\n<figure class=\"aligncenter\"><a href=\"https:\/\/lafilledecorinthe.com\/wordpress\/wp-content\/uploads\/2016\/12\/Evolution.jpg\"><img loading=\"lazy\" decoding=\"async\" width=\"300\" height=\"402\" src=\"https:\/\/lafilledecorinthe.com\/wordpress\/wp-content\/uploads\/2016\/12\/Evolution.jpg\" alt=\"evolution\" class=\"wp-image-7928\" srcset=\"https:\/\/lafilledecorinthe.com\/wordpress\/wp-content\/uploads\/2016\/12\/Evolution.jpg 300w, https:\/\/lafilledecorinthe.com\/wordpress\/wp-content\/uploads\/2016\/12\/Evolution-224x300.jpg 224w\" sizes=\"auto, (max-width: 300px) 100vw, 300px\" \/><\/a><\/figure>\n<\/div>\n\n\n<p><\/p>\n\n\n\n<p>De nombreux artistes contemporains travaillent avec des animaux naturalis\u00e9s, C\u00e9line Cl\u00e9ron, Karen Knorr, Annette Messager, Wim Delvoye &#8230;<\/p>\n\n\n<div class=\"wp-block-image\">\n<figure class=\"aligncenter\"><a href=\"https:\/\/lafilledecorinthe.com\/wordpress\/wp-content\/uploads\/2016\/12\/Ce\u0301line-Cle\u0301ron.jpg\"><img loading=\"lazy\" decoding=\"async\" width=\"454\" height=\"600\" src=\"https:\/\/lafilledecorinthe.com\/wordpress\/wp-content\/uploads\/2016\/12\/Ce\u0301line-Cle\u0301ron.jpg\" alt=\"celine-cleron\" class=\"wp-image-7931\" srcset=\"https:\/\/lafilledecorinthe.com\/wordpress\/wp-content\/uploads\/2016\/12\/Ce\u0301line-Cle\u0301ron.jpg 454w, https:\/\/lafilledecorinthe.com\/wordpress\/wp-content\/uploads\/2016\/12\/Ce\u0301line-Cle\u0301ron-227x300.jpg 227w\" sizes=\"auto, (max-width: 454px) 100vw, 454px\" \/><\/a><figcaption class=\"wp-element-caption\">http:\/\/www.celinecleron.com\/<\/figcaption><\/figure>\n<\/div>","protected":false},"excerpt":{"rendered":"<p>Que veut dire \u00ab\u00a0documentaire\u00a0\u00bb ? Un cin\u00e9ma se r\u00e9f\u00e9rant \u00e0 ce que nous appelons \u00ab\u00a0la r\u00e9alit\u00e9\u00a0\u00bb, ce qui suppose avant tout que ce ne sont pas des com\u00e9diens de m\u00e9tier qui y sont film\u00e9s, mais des femmes et des hommes de tous les jours, connus ou non, qui jouent eux-m\u00eames leur propre r\u00f4le&#8230; Ce sont&#8230;<\/p>\n","protected":false},"author":2,"featured_media":8614,"comment_status":"open","ping_status":"open","sticky":false,"template":"","format":"standard","meta":{"_kad_post_transparent":"","_kad_post_title":"","_kad_post_layout":"","_kad_post_sidebar_id":"","_kad_post_content_style":"","_kad_post_vertical_padding":"","_kad_post_feature":"","_kad_post_feature_position":"","_kad_post_header":false,"_kad_post_footer":false,"_kad_post_classname":"","footnotes":""},"categories":[8],"tags":[1410,1425,1420,1404,1406,1417,1419,1408,1407,1424,1418,1405,1409,1403,1426],"class_list":["post-7801","post","type-post","status-publish","format-standard","has-post-thumbnail","hentry","category-formations-adultes","tag-1982-le-grand-orchestre-des-animaux","tag-annette-messager","tag-celine-cleron","tag-des-animaux","tag-documentaire","tag-evolution","tag-hiroshi-sugimoto","tag-jacques-tardi","tag-jean-louis-comolli","tag-karen-knorr","tag-la-theorie-en-images","tag-nicolas-philibert","tag-richard-ross","tag-un-animal","tag-wim-delvoye"],"_links":{"self":[{"href":"https:\/\/lafilledecorinthe.com\/wordpress\/wp-json\/wp\/v2\/posts\/7801","targetHints":{"allow":["GET"]}}],"collection":[{"href":"https:\/\/lafilledecorinthe.com\/wordpress\/wp-json\/wp\/v2\/posts"}],"about":[{"href":"https:\/\/lafilledecorinthe.com\/wordpress\/wp-json\/wp\/v2\/types\/post"}],"author":[{"embeddable":true,"href":"https:\/\/lafilledecorinthe.com\/wordpress\/wp-json\/wp\/v2\/users\/2"}],"replies":[{"embeddable":true,"href":"https:\/\/lafilledecorinthe.com\/wordpress\/wp-json\/wp\/v2\/comments?post=7801"}],"version-history":[{"count":16,"href":"https:\/\/lafilledecorinthe.com\/wordpress\/wp-json\/wp\/v2\/posts\/7801\/revisions"}],"predecessor-version":[{"id":14624,"href":"https:\/\/lafilledecorinthe.com\/wordpress\/wp-json\/wp\/v2\/posts\/7801\/revisions\/14624"}],"wp:featuredmedia":[{"embeddable":true,"href":"https:\/\/lafilledecorinthe.com\/wordpress\/wp-json\/wp\/v2\/media\/8614"}],"wp:attachment":[{"href":"https:\/\/lafilledecorinthe.com\/wordpress\/wp-json\/wp\/v2\/media?parent=7801"}],"wp:term":[{"taxonomy":"category","embeddable":true,"href":"https:\/\/lafilledecorinthe.com\/wordpress\/wp-json\/wp\/v2\/categories?post=7801"},{"taxonomy":"post_tag","embeddable":true,"href":"https:\/\/lafilledecorinthe.com\/wordpress\/wp-json\/wp\/v2\/tags?post=7801"}],"curies":[{"name":"wp","href":"https:\/\/api.w.org\/{rel}","templated":true}]}}