{"id":7775,"date":"2016-11-19T18:25:42","date_gmt":"2016-11-19T17:25:42","guid":{"rendered":"http:\/\/lafilledecorinthe.com\/wordpress\/?p=7775"},"modified":"2025-12-09T16:38:36","modified_gmt":"2025-12-09T15:38:36","slug":"rencontre-avec-francois-schuiten-et-benoit-peeters","status":"publish","type":"post","link":"https:\/\/lafilledecorinthe.com\/wordpress\/2016\/11\/rencontre-avec-francois-schuiten-et-benoit-peeters\/","title":{"rendered":"Rencontre avec Fran\u00e7ois Schuiten et Beno\u00eet Peeters&#8230;"},"content":{"rendered":"\n<p>L&rsquo;automne est flamboyant&nbsp;pour le duo des <em>Cit\u00e9s obscures.<\/em>&nbsp;Ils sont sous les feux de l&rsquo;actualit\u00e9 avec la sortie du deuxi\u00e8me tome de&nbsp;<em>Revoir Paris<\/em> et une tr\u00e8s belle exposition au Mus\u00e9e des arts et m\u00e9tiers, <em>Machines \u00e0 dessiner<\/em>. A cette occasion,&nbsp;le centre Wallonie-Bruxelles organisait une rencontre avec les deux auteurs et&nbsp;Adrien Genoudet, cor\u00e9alisateur d&rsquo;un <a href=\"https:\/\/www.youtube.com\/watch?v=MMGPAoiu_cE\" target=\"_blank\" rel=\"noopener\">documentaire<\/a> sur leur travail \u00e0 quatre mains.<\/p>\n\n\n\n<p>Il est&nbsp;commun de penser que le&nbsp;sc\u00e9nariste et le dessinateur interviennent successivement dans l&rsquo;\u00e9laboration d&rsquo;une bande dessin\u00e9e.&nbsp;Schuiten et&nbsp;Peeters font exploser cette repr\u00e9sentation, en effet ils r\u00e9alisent ensemble la conception de l&rsquo;histoire par un dialogue au long court. C&rsquo;est une m\u00e9thode \u00ab\u00a0casse gueule\u00a0\u00bb, l&rsquo;histoire&nbsp;peut leur \u00e9chapper, toutefois&nbsp;ce risque est aussi&nbsp;le garant d&rsquo;un plaisir renouvel\u00e9. Le film d&rsquo;Adrien Genoudet et de Guillaume Diamant-Berg\u00e9,<em> A quatre mains<\/em>,&nbsp;donne \u00e0 voir l&rsquo;intimit\u00e9 de leur d\u00e9marche artistique. Il a \u00e9t\u00e9 tourn\u00e9 en un jour dans la maison de&nbsp;Fran\u00e7ois Schuiten au mois de mars 2016. Les r\u00e9alisateurs ont mis en place un proc\u00e9d\u00e9 d&rsquo;enregistrement&nbsp;simple pour se fondre dans le d\u00e9cor et se faire oublier. Ils ont pu ainsi capter les paroles, les gestes et les regards de&nbsp;Schuiten et de Peeters pendant l&rsquo;\u00e9laboration des derni\u00e8res planches de <em>Revoir Paris, La nuit des constellations<\/em>.<\/p>\n\n\n<div class=\"wp-block-image\">\n<figure class=\"aligncenter\"><a href=\"https:\/\/lafilledecorinthe.com\/wordpress\/wp-content\/uploads\/2016\/11\/A-quatre-mains1.jpg\"><img loading=\"lazy\" decoding=\"async\" width=\"1920\" height=\"1080\" src=\"https:\/\/lafilledecorinthe.com\/wordpress\/wp-content\/uploads\/2016\/11\/A-quatre-mains1.jpg\" alt=\"a-quatre-mains1\" class=\"wp-image-7780\" srcset=\"https:\/\/lafilledecorinthe.com\/wordpress\/wp-content\/uploads\/2016\/11\/A-quatre-mains1.jpg 1920w, https:\/\/lafilledecorinthe.com\/wordpress\/wp-content\/uploads\/2016\/11\/A-quatre-mains1-680x383.jpg 680w, https:\/\/lafilledecorinthe.com\/wordpress\/wp-content\/uploads\/2016\/11\/A-quatre-mains1-1280x720.jpg 1280w, https:\/\/lafilledecorinthe.com\/wordpress\/wp-content\/uploads\/2016\/11\/A-quatre-mains1-500x281.jpg 500w\" sizes=\"auto, (max-width: 1920px) 100vw, 1920px\" \/><\/a><figcaption class=\"wp-element-caption\">\u00ab\u00a0A quatre mains \u00a0\u00bb de Guillaume Diamant-Berg\u00e9 et Adrien Genoudet<\/figcaption><\/figure>\n<\/div>\n\n<div class=\"wp-block-image\">\n<figure class=\"aligncenter\"><a href=\"https:\/\/lafilledecorinthe.com\/wordpress\/wp-content\/uploads\/2016\/11\/A-quatre-mains2.jpg\"><img loading=\"lazy\" decoding=\"async\" width=\"1920\" height=\"1080\" src=\"https:\/\/lafilledecorinthe.com\/wordpress\/wp-content\/uploads\/2016\/11\/A-quatre-mains2.jpg\" alt=\"a-quatre-mains2\" class=\"wp-image-7781\" srcset=\"https:\/\/lafilledecorinthe.com\/wordpress\/wp-content\/uploads\/2016\/11\/A-quatre-mains2.jpg 1920w, https:\/\/lafilledecorinthe.com\/wordpress\/wp-content\/uploads\/2016\/11\/A-quatre-mains2-680x383.jpg 680w, https:\/\/lafilledecorinthe.com\/wordpress\/wp-content\/uploads\/2016\/11\/A-quatre-mains2-1280x720.jpg 1280w, https:\/\/lafilledecorinthe.com\/wordpress\/wp-content\/uploads\/2016\/11\/A-quatre-mains2-500x281.jpg 500w\" sizes=\"auto, (max-width: 1920px) 100vw, 1920px\" \/><\/a><figcaption class=\"wp-element-caption\">A quatre mains, Guillaume Diamant-Berg\u00e9 et Adrien Genoudet, 2016<\/figcaption><\/figure>\n<\/div>\n\n<div class=\"wp-block-image\">\n<figure class=\"aligncenter\"><a href=\"https:\/\/lafilledecorinthe.com\/wordpress\/wp-content\/uploads\/2016\/11\/IMG_6938.jpg\"><img loading=\"lazy\" decoding=\"async\" width=\"3264\" height=\"2448\" src=\"https:\/\/lafilledecorinthe.com\/wordpress\/wp-content\/uploads\/2016\/11\/IMG_6938.jpg\" alt=\"img_6938\" class=\"wp-image-7782\" srcset=\"https:\/\/lafilledecorinthe.com\/wordpress\/wp-content\/uploads\/2016\/11\/IMG_6938.jpg 3264w, https:\/\/lafilledecorinthe.com\/wordpress\/wp-content\/uploads\/2016\/11\/IMG_6938-680x510.jpg 680w, https:\/\/lafilledecorinthe.com\/wordpress\/wp-content\/uploads\/2016\/11\/IMG_6938-1280x960.jpg 1280w, https:\/\/lafilledecorinthe.com\/wordpress\/wp-content\/uploads\/2016\/11\/IMG_6938-400x300.jpg 400w\" sizes=\"auto, (max-width: 3264px) 100vw, 3264px\" \/><\/a><figcaption class=\"wp-element-caption\">Derni\u00e8res pages de Revoir Paris , La nuit des constellations, Casterman, 2016<\/figcaption><\/figure>\n<\/div>\n\n\n<p>L&rsquo;image est au coeur de leur d\u00e9marche. Albert Robida, Winsor McCay hantent leur panth\u00e9on visuel. L&rsquo;excellente&nbsp;<a href=\"http:\/\/www.vladimirpeeters.com\/\" target=\"_blank\" rel=\"noopener\">vid\u00e9o<\/a>&nbsp;r\u00e9alis\u00e9e pour l&rsquo;exposition du Mus\u00e9e des arts et m\u00e9tiers, <em>Naissance d&rsquo;une affiche<\/em>,<em>&nbsp;<\/em>d\u00e9voile les photographies&nbsp;documentaires qui&nbsp;c\u00f4toient les multiples crayons sur la table de dessin de Fran\u00e7ois Schuiten.<\/p>\n\n\n<div class=\"wp-block-image\">\n<figure class=\"aligncenter\"><a href=\"https:\/\/lafilledecorinthe.com\/wordpress\/wp-content\/uploads\/2016\/11\/naissance_d_39_une_affiche.jpg\"><img loading=\"lazy\" decoding=\"async\" width=\"2074\" height=\"1168\" src=\"https:\/\/lafilledecorinthe.com\/wordpress\/wp-content\/uploads\/2016\/11\/naissance_d_39_une_affiche.jpg\" alt=\"naissance_d_39_une_affiche\" class=\"wp-image-7785\" srcset=\"https:\/\/lafilledecorinthe.com\/wordpress\/wp-content\/uploads\/2016\/11\/naissance_d_39_une_affiche.jpg 2074w, https:\/\/lafilledecorinthe.com\/wordpress\/wp-content\/uploads\/2016\/11\/naissance_d_39_une_affiche-680x383.jpg 680w, https:\/\/lafilledecorinthe.com\/wordpress\/wp-content\/uploads\/2016\/11\/naissance_d_39_une_affiche-1280x721.jpg 1280w, https:\/\/lafilledecorinthe.com\/wordpress\/wp-content\/uploads\/2016\/11\/naissance_d_39_une_affiche-500x282.jpg 500w\" sizes=\"auto, (max-width: 2074px) 100vw, 2074px\" \/><\/a><figcaption class=\"wp-element-caption\">Naissance d&rsquo;une affiche, Vladimir Peeters, 2016<\/figcaption><\/figure>\n<\/div>\n\n\n<p>La relation de K\u00e2rinh aux images est une m\u00e9taphore de leur travail. Comme eux, l&rsquo;h\u00e9ro\u00efne de <em>Revoir Paris<\/em> se shoote aux images, elle&nbsp;r\u00eave, elle voyage \u00e0 travers elles&#8230;<\/p>\n\n\n<div class=\"wp-block-image\">\n<figure class=\"aligncenter\"><a href=\"https:\/\/lafilledecorinthe.com\/wordpress\/wp-content\/uploads\/2016\/11\/IMG_6935.jpg\"><img loading=\"lazy\" decoding=\"async\" width=\"3264\" height=\"2448\" src=\"https:\/\/lafilledecorinthe.com\/wordpress\/wp-content\/uploads\/2016\/11\/IMG_6935.jpg\" alt=\"img_6935\" class=\"wp-image-7788\" srcset=\"https:\/\/lafilledecorinthe.com\/wordpress\/wp-content\/uploads\/2016\/11\/IMG_6935.jpg 3264w, https:\/\/lafilledecorinthe.com\/wordpress\/wp-content\/uploads\/2016\/11\/IMG_6935-680x510.jpg 680w, https:\/\/lafilledecorinthe.com\/wordpress\/wp-content\/uploads\/2016\/11\/IMG_6935-1280x960.jpg 1280w, https:\/\/lafilledecorinthe.com\/wordpress\/wp-content\/uploads\/2016\/11\/IMG_6935-400x300.jpg 400w\" sizes=\"auto, (max-width: 3264px) 100vw, 3264px\" \/><\/a><figcaption class=\"wp-element-caption\">Revoir Paris, Schuiten et Peeters, 2014<\/figcaption><\/figure>\n<\/div>\n\n\n<p>Pour Peeters, la case de BD est une <em>petite maison<\/em>.&nbsp;On est invit\u00e9 \u00e0 entrer dedans, \u00e0 l&rsquo;habiter, \u00e0 l&rsquo;explorer, \u00e0 chercher des d\u00e9tails. Voir une image est une d\u00e9marche active.<\/p>\n\n\n\n<p>Enfin, Schuiten et&nbsp;Peeters&nbsp;ont un grand plaisir \u00e0 concevoir des expositions,&nbsp;le travail de sc\u00e9nographe prolongeant leur travail d&rsquo;auteur.&nbsp;<em>Machines \u00e0 dessiner <\/em>montre&nbsp;la fabrique de leur travail, d\u00e9voile le lien entre r\u00e9el et imaginaire qui les anime et donne envie \u00e0 tout un chacun de s&#8217;emparer d&rsquo;un crayon.<\/p>\n\n\n<div class=\"wp-block-image\">\n<figure class=\"aligncenter\"><a href=\"https:\/\/lafilledecorinthe.com\/wordpress\/wp-content\/uploads\/2016\/11\/IMG_6690.jpg\"><img loading=\"lazy\" decoding=\"async\" width=\"3264\" height=\"2448\" src=\"https:\/\/lafilledecorinthe.com\/wordpress\/wp-content\/uploads\/2016\/11\/IMG_6690.jpg\" alt=\"img_6690\" class=\"wp-image-7791\" srcset=\"https:\/\/lafilledecorinthe.com\/wordpress\/wp-content\/uploads\/2016\/11\/IMG_6690.jpg 3264w, https:\/\/lafilledecorinthe.com\/wordpress\/wp-content\/uploads\/2016\/11\/IMG_6690-680x510.jpg 680w, https:\/\/lafilledecorinthe.com\/wordpress\/wp-content\/uploads\/2016\/11\/IMG_6690-1280x960.jpg 1280w, https:\/\/lafilledecorinthe.com\/wordpress\/wp-content\/uploads\/2016\/11\/IMG_6690-400x300.jpg 400w\" sizes=\"auto, (max-width: 3264px) 100vw, 3264px\" \/><\/a><figcaption class=\"wp-element-caption\">La salle de dessin, Machines \u00e0 dessiner, Mus\u00e9e des arts et m\u00e9tiers<\/figcaption><\/figure>\n<\/div>\n\n\n<p>Vous avez jusqu&rsquo;au 26 f\u00e9vrier pour d\u00e9couvrir&nbsp;<em>Machines \u00e0 dessiner&nbsp;<\/em><\/p>\n","protected":false},"excerpt":{"rendered":"<p>L&rsquo;automne est flamboyant&nbsp;pour le duo des Cit\u00e9s obscures.&nbsp;Ils sont sous les feux de l&rsquo;actualit\u00e9 avec la sortie du deuxi\u00e8me tome de&nbsp;Revoir Paris et une tr\u00e8s belle exposition au Mus\u00e9e des arts et m\u00e9tiers, Machines \u00e0 dessiner. A cette occasion,&nbsp;le centre Wallonie-Bruxelles organisait une rencontre avec les deux auteurs et&nbsp;Adrien Genoudet, cor\u00e9alisateur d&rsquo;un documentaire sur leur&#8230;<\/p>\n","protected":false},"author":2,"featured_media":7777,"comment_status":"open","ping_status":"open","sticky":false,"template":"","format":"standard","meta":{"_kad_post_transparent":"","_kad_post_title":"","_kad_post_layout":"","_kad_post_sidebar_id":"","_kad_post_content_style":"","_kad_post_vertical_padding":"","_kad_post_feature":"","_kad_post_feature_position":"","_kad_post_header":false,"_kad_post_footer":false,"_kad_post_classname":"","footnotes":""},"categories":[6],"tags":[1375,1374,1368,1369,1367,1376,1373,1372,1371,1370],"class_list":["post-7775","post","type-post","status-publish","format-standard","has-post-thumbnail","hentry","category-blog","tag-a-quatre-mains","tag-adrien-genoudet","tag-benoit-peeters","tag-cites-obscures","tag-francois-schuiten","tag-guillaume-diamant-berge","tag-le-centre-wallonie-bruxelles","tag-machines-a-dessiner","tag-musee-des-arts-et-metiers","tag-revoir-paris"],"_links":{"self":[{"href":"https:\/\/lafilledecorinthe.com\/wordpress\/wp-json\/wp\/v2\/posts\/7775","targetHints":{"allow":["GET"]}}],"collection":[{"href":"https:\/\/lafilledecorinthe.com\/wordpress\/wp-json\/wp\/v2\/posts"}],"about":[{"href":"https:\/\/lafilledecorinthe.com\/wordpress\/wp-json\/wp\/v2\/types\/post"}],"author":[{"embeddable":true,"href":"https:\/\/lafilledecorinthe.com\/wordpress\/wp-json\/wp\/v2\/users\/2"}],"replies":[{"embeddable":true,"href":"https:\/\/lafilledecorinthe.com\/wordpress\/wp-json\/wp\/v2\/comments?post=7775"}],"version-history":[{"count":16,"href":"https:\/\/lafilledecorinthe.com\/wordpress\/wp-json\/wp\/v2\/posts\/7775\/revisions"}],"predecessor-version":[{"id":15335,"href":"https:\/\/lafilledecorinthe.com\/wordpress\/wp-json\/wp\/v2\/posts\/7775\/revisions\/15335"}],"wp:featuredmedia":[{"embeddable":true,"href":"https:\/\/lafilledecorinthe.com\/wordpress\/wp-json\/wp\/v2\/media\/7777"}],"wp:attachment":[{"href":"https:\/\/lafilledecorinthe.com\/wordpress\/wp-json\/wp\/v2\/media?parent=7775"}],"wp:term":[{"taxonomy":"category","embeddable":true,"href":"https:\/\/lafilledecorinthe.com\/wordpress\/wp-json\/wp\/v2\/categories?post=7775"},{"taxonomy":"post_tag","embeddable":true,"href":"https:\/\/lafilledecorinthe.com\/wordpress\/wp-json\/wp\/v2\/tags?post=7775"}],"curies":[{"name":"wp","href":"https:\/\/api.w.org\/{rel}","templated":true}]}}