{"id":7692,"date":"2016-11-12T21:40:00","date_gmt":"2016-11-12T20:40:00","guid":{"rendered":"http:\/\/lafilledecorinthe.com\/wordpress\/?p=7692"},"modified":"2025-12-08T09:03:52","modified_gmt":"2025-12-08T08:03:52","slug":"atelier-photo-a-la-mediatheque-dormesson-sur-marne","status":"publish","type":"post","link":"https:\/\/lafilledecorinthe.com\/wordpress\/2016\/11\/atelier-photo-a-la-mediatheque-dormesson-sur-marne\/","title":{"rendered":"Atelier photo \u00e0 la m\u00e9diath\u00e8que d&rsquo;Ormesson-sur-Marne"},"content":{"rendered":"\n<p>Ormesson organise tout au long du mois de novembre son premier festival de la photographie amateur. En partenariat avec le\u00a0Jeu de Paume,\u00a0la m\u00e9diath\u00e8que organisait cet apr\u00e8s-midi un atelier sur les\u00a0portraits expressifs..<br>Une \u00e9motion \u00e7a se vit, \u00e7a se partage, \u00e7a se discute, \u00e7a se photographie, \u00e7a se dessine&#8230;<\/p>\n\n\n<div class=\"wp-block-image\">\n<figure class=\"aligncenter\"><a href=\"https:\/\/lafilledecorinthe.com\/wordpress\/wp-content\/uploads\/2016\/11\/IMG_6754.jpg\"><img loading=\"lazy\" decoding=\"async\" width=\"3264\" height=\"2448\" src=\"https:\/\/lafilledecorinthe.com\/wordpress\/wp-content\/uploads\/2016\/11\/IMG_6754.jpg\" alt=\"img_6754\" class=\"wp-image-7698\" srcset=\"https:\/\/lafilledecorinthe.com\/wordpress\/wp-content\/uploads\/2016\/11\/IMG_6754.jpg 3264w, https:\/\/lafilledecorinthe.com\/wordpress\/wp-content\/uploads\/2016\/11\/IMG_6754-680x510.jpg 680w, https:\/\/lafilledecorinthe.com\/wordpress\/wp-content\/uploads\/2016\/11\/IMG_6754-1280x960.jpg 1280w, https:\/\/lafilledecorinthe.com\/wordpress\/wp-content\/uploads\/2016\/11\/IMG_6754-400x300.jpg 400w\" sizes=\"auto, (max-width: 3264px) 100vw, 3264px\" \/><\/a><figcaption class=\"wp-element-caption\">La photo est \u00e0 l&rsquo;honneur dans la m\u00e9diath\u00e8que<\/figcaption><\/figure>\n<\/div>\n\n<div class=\"wp-block-image\">\n<figure class=\"aligncenter\"><a href=\"https:\/\/lafilledecorinthe.com\/wordpress\/wp-content\/uploads\/2016\/11\/IMG_1544.jpg\"><img loading=\"lazy\" decoding=\"async\" width=\"2389\" height=\"1797\" src=\"https:\/\/lafilledecorinthe.com\/wordpress\/wp-content\/uploads\/2016\/11\/IMG_1544.jpg\" alt=\"img_1544\" class=\"wp-image-7700\" srcset=\"https:\/\/lafilledecorinthe.com\/wordpress\/wp-content\/uploads\/2016\/11\/IMG_1544.jpg 2389w, https:\/\/lafilledecorinthe.com\/wordpress\/wp-content\/uploads\/2016\/11\/IMG_1544-680x511.jpg 680w, https:\/\/lafilledecorinthe.com\/wordpress\/wp-content\/uploads\/2016\/11\/IMG_1544-1280x963.jpg 1280w, https:\/\/lafilledecorinthe.com\/wordpress\/wp-content\/uploads\/2016\/11\/IMG_1544-399x300.jpg 399w\" sizes=\"auto, (max-width: 2389px) 100vw, 2389px\" \/><\/a><figcaption class=\"wp-element-caption\">D\u00e9crypter des images : que voit-on ? que raconte-t-elle ?<\/figcaption><\/figure>\n<\/div>\n\n<div class=\"wp-block-image\">\n<figure class=\"aligncenter\"><a href=\"https:\/\/lafilledecorinthe.com\/wordpress\/wp-content\/uploads\/2016\/11\/IMG_1536.jpg\"><img loading=\"lazy\" decoding=\"async\" width=\"2378\" height=\"1561\" src=\"https:\/\/lafilledecorinthe.com\/wordpress\/wp-content\/uploads\/2016\/11\/IMG_1536.jpg\" alt=\"img_1536\" class=\"wp-image-7699\" srcset=\"https:\/\/lafilledecorinthe.com\/wordpress\/wp-content\/uploads\/2016\/11\/IMG_1536.jpg 2378w, https:\/\/lafilledecorinthe.com\/wordpress\/wp-content\/uploads\/2016\/11\/IMG_1536-680x446.jpg 680w, https:\/\/lafilledecorinthe.com\/wordpress\/wp-content\/uploads\/2016\/11\/IMG_1536-1280x840.jpg 1280w, https:\/\/lafilledecorinthe.com\/wordpress\/wp-content\/uploads\/2016\/11\/IMG_1536-457x300.jpg 457w\" sizes=\"auto, (max-width: 2378px) 100vw, 2378px\" \/><\/a><figcaption class=\"wp-element-caption\">Mimer pour mieux voir&#8230;<\/figcaption><\/figure>\n<\/div>\n\n<div class=\"wp-block-image\">\n<figure class=\"aligncenter\"><a href=\"https:\/\/lafilledecorinthe.com\/wordpress\/wp-content\/uploads\/2016\/11\/IMG_1557.jpg\"><img loading=\"lazy\" decoding=\"async\" width=\"2015\" height=\"1410\" src=\"https:\/\/lafilledecorinthe.com\/wordpress\/wp-content\/uploads\/2016\/11\/IMG_1557.jpg\" alt=\"img_1557\" class=\"wp-image-7701\" srcset=\"https:\/\/lafilledecorinthe.com\/wordpress\/wp-content\/uploads\/2016\/11\/IMG_1557.jpg 2015w, https:\/\/lafilledecorinthe.com\/wordpress\/wp-content\/uploads\/2016\/11\/IMG_1557-680x476.jpg 680w, https:\/\/lafilledecorinthe.com\/wordpress\/wp-content\/uploads\/2016\/11\/IMG_1557-1280x896.jpg 1280w, https:\/\/lafilledecorinthe.com\/wordpress\/wp-content\/uploads\/2016\/11\/IMG_1557-429x300.jpg 429w\" sizes=\"auto, (max-width: 2015px) 100vw, 2015px\" \/><\/a><figcaption class=\"wp-element-caption\">Du portrait photographique au portrait dessin\u00e9.<\/figcaption><\/figure>\n<\/div>\n\n<div class=\"wp-block-image\">\n<figure class=\"aligncenter\"><a href=\"https:\/\/lafilledecorinthe.com\/wordpress\/wp-content\/uploads\/2016\/11\/IMG_1594.jpg\"><img loading=\"lazy\" decoding=\"async\" width=\"1936\" height=\"2592\" src=\"https:\/\/lafilledecorinthe.com\/wordpress\/wp-content\/uploads\/2016\/11\/IMG_1594.jpg\" alt=\"img_1594\" class=\"wp-image-7702\" srcset=\"https:\/\/lafilledecorinthe.com\/wordpress\/wp-content\/uploads\/2016\/11\/IMG_1594.jpg 1936w, https:\/\/lafilledecorinthe.com\/wordpress\/wp-content\/uploads\/2016\/11\/IMG_1594-508x680.jpg 508w, https:\/\/lafilledecorinthe.com\/wordpress\/wp-content\/uploads\/2016\/11\/IMG_1594-956x1280.jpg 956w, https:\/\/lafilledecorinthe.com\/wordpress\/wp-content\/uploads\/2016\/11\/IMG_1594-224x300.jpg 224w\" sizes=\"auto, (max-width: 1936px) 100vw, 1936px\" \/><\/a><figcaption class=\"wp-element-caption\">D&rsquo;une expression \u00e0 l&rsquo;autre, mise en commun des dessins<\/figcaption><\/figure>\n<\/div>","protected":false},"excerpt":{"rendered":"<p>Ormesson organise tout au long du mois de novembre son premier festival de la photographie amateur. En partenariat avec le\u00a0Jeu de Paume,\u00a0la m\u00e9diath\u00e8que organisait cet apr\u00e8s-midi un atelier sur les\u00a0portraits expressifs..Une \u00e9motion \u00e7a se vit, \u00e7a se partage, \u00e7a se discute, \u00e7a se photographie, \u00e7a se dessine&#8230;<\/p>\n","protected":false},"author":2,"featured_media":7694,"comment_status":"open","ping_status":"open","sticky":false,"template":"","format":"standard","meta":{"_kad_post_transparent":"","_kad_post_title":"","_kad_post_layout":"","_kad_post_sidebar_id":"","_kad_post_content_style":"","_kad_post_vertical_padding":"","_kad_post_feature":"","_kad_post_feature_position":"","_kad_post_header":false,"_kad_post_footer":false,"_kad_post_classname":"","footnotes":""},"categories":[7],"tags":[1336,1338,48,1337,1339],"class_list":["post-7692","post","type-post","status-publish","format-standard","has-post-thumbnail","hentry","category-ateliers-enfants","tag-atelier-photo","tag-festival-de-la-photographie-amateur","tag-jeu-de-paume","tag-ormesson-sur-marne","tag-portrait-expressif"],"_links":{"self":[{"href":"https:\/\/lafilledecorinthe.com\/wordpress\/wp-json\/wp\/v2\/posts\/7692","targetHints":{"allow":["GET"]}}],"collection":[{"href":"https:\/\/lafilledecorinthe.com\/wordpress\/wp-json\/wp\/v2\/posts"}],"about":[{"href":"https:\/\/lafilledecorinthe.com\/wordpress\/wp-json\/wp\/v2\/types\/post"}],"author":[{"embeddable":true,"href":"https:\/\/lafilledecorinthe.com\/wordpress\/wp-json\/wp\/v2\/users\/2"}],"replies":[{"embeddable":true,"href":"https:\/\/lafilledecorinthe.com\/wordpress\/wp-json\/wp\/v2\/comments?post=7692"}],"version-history":[{"count":9,"href":"https:\/\/lafilledecorinthe.com\/wordpress\/wp-json\/wp\/v2\/posts\/7692\/revisions"}],"predecessor-version":[{"id":15119,"href":"https:\/\/lafilledecorinthe.com\/wordpress\/wp-json\/wp\/v2\/posts\/7692\/revisions\/15119"}],"wp:featuredmedia":[{"embeddable":true,"href":"https:\/\/lafilledecorinthe.com\/wordpress\/wp-json\/wp\/v2\/media\/7694"}],"wp:attachment":[{"href":"https:\/\/lafilledecorinthe.com\/wordpress\/wp-json\/wp\/v2\/media?parent=7692"}],"wp:term":[{"taxonomy":"category","embeddable":true,"href":"https:\/\/lafilledecorinthe.com\/wordpress\/wp-json\/wp\/v2\/categories?post=7692"},{"taxonomy":"post_tag","embeddable":true,"href":"https:\/\/lafilledecorinthe.com\/wordpress\/wp-json\/wp\/v2\/tags?post=7692"}],"curies":[{"name":"wp","href":"https:\/\/api.w.org\/{rel}","templated":true}]}}