{"id":7652,"date":"2016-11-03T15:40:30","date_gmt":"2016-11-03T14:40:30","guid":{"rendered":"http:\/\/lafilledecorinthe.com\/wordpress\/?p=7652"},"modified":"2025-12-04T20:21:21","modified_gmt":"2025-12-04T19:21:21","slug":"mon-1er-cinema-2016-2017","status":"publish","type":"post","link":"https:\/\/lafilledecorinthe.com\/wordpress\/2016\/11\/mon-1er-cinema-2016-2017\/","title":{"rendered":"\u00ab\u00a0Mon 1er cin\u00e9ma\u00a0\u00bb    2016-2017"},"content":{"rendered":"\n<p>Trois tr\u00e8s beaux programmes composent la saison 2016-2017 de <em>Mon premier cin\u00e9ma.&nbsp;<\/em>Trois rendez-vous entre les classes maternelles parisiennes et&nbsp;leur salle de cin\u00e9ma de proximit\u00e9 pr\u00e9par\u00e9s avec soin par l&rsquo;\u00e9quipe d&rsquo;<a href=\"http:\/\/www.enfancesaucinema.net\/pdf\/dossierMPC2016-2017-2.pdf\" target=\"_blank\" rel=\"noopener\"><em>Enfances au cin\u00e9ma<\/em><\/a>.<\/p>\n\n\n\n<p>Projection-conf\u00e9rence<br>Cin\u00e9ma <em>Les Ursulines<\/em> \u00e0 Paris<br>Mardi 8 novembre 2016<\/p>\n\n\n\n<p>Document accompagnant la conf\u00e9rence&nbsp;<a href=\"https:\/\/lafilledecorinthe.com\/wordpress\/wp-content\/uploads\/2016\/11\/Mon-premier-Cine\u0301ma-.pdf\">mon-premier-cinema<\/a><\/p>\n\n\n<div class=\"wp-block-image\">\n<figure class=\"aligncenter\"><a href=\"https:\/\/lafilledecorinthe.com\/wordpress\/wp-content\/uploads\/2016\/11\/Sametka....jpg\"><img loading=\"lazy\" decoding=\"async\" width=\"566\" height=\"754\" src=\"https:\/\/lafilledecorinthe.com\/wordpress\/wp-content\/uploads\/2016\/11\/Sametka....jpg\" alt=\"sametka\" class=\"wp-image-7658\" srcset=\"https:\/\/lafilledecorinthe.com\/wordpress\/wp-content\/uploads\/2016\/11\/Sametka....jpg 566w, https:\/\/lafilledecorinthe.com\/wordpress\/wp-content\/uploads\/2016\/11\/Sametka...-510x680.jpg 510w, https:\/\/lafilledecorinthe.com\/wordpress\/wp-content\/uploads\/2016\/11\/Sametka...-225x300.jpg 225w\" sizes=\"auto, (max-width: 566px) 100vw, 566px\" \/><\/a><\/figure>\n<\/div>\n\n\n<p><\/p>\n\n\n\n<p>Document sur&nbsp;<a href=\"https:\/\/lafilledecorinthe.com\/wordpress\/wp-content\/uploads\/2016\/11\/Les-me\u0301tiers-du-cirque-.pdf\">les-metiers-du-cirque<\/a><br>Photogrammes pour commencer un&nbsp;<a href=\"https:\/\/lafilledecorinthe.com\/wordpress\/wp-content\/uploads\/2016\/11\/imagier-des-e\u0301motions...pdf\">imagier-des-emotions<\/a><\/p>\n\n\n<div class=\"wp-block-image\">\n<figure class=\"aligncenter\"><a href=\"https:\/\/lafilledecorinthe.com\/wordpress\/wp-content\/uploads\/2016\/11\/Lhiver-fe\u0301e\u0301rique.jpg\"><img loading=\"lazy\" decoding=\"async\" width=\"1067\" height=\"1600\" src=\"https:\/\/lafilledecorinthe.com\/wordpress\/wp-content\/uploads\/2016\/11\/Lhiver-fe\u0301e\u0301rique.jpg\" alt=\"lhiver-feerique\" class=\"wp-image-7661\" srcset=\"https:\/\/lafilledecorinthe.com\/wordpress\/wp-content\/uploads\/2016\/11\/Lhiver-fe\u0301e\u0301rique.jpg 1067w, https:\/\/lafilledecorinthe.com\/wordpress\/wp-content\/uploads\/2016\/11\/Lhiver-fe\u0301e\u0301rique-453x680.jpg 453w, https:\/\/lafilledecorinthe.com\/wordpress\/wp-content\/uploads\/2016\/11\/Lhiver-fe\u0301e\u0301rique-854x1280.jpg 854w, https:\/\/lafilledecorinthe.com\/wordpress\/wp-content\/uploads\/2016\/11\/Lhiver-fe\u0301e\u0301rique-200x300.jpg 200w\" sizes=\"auto, (max-width: 1067px) 100vw, 1067px\" \/><\/a><\/figure>\n<\/div>\n\n\n<p><\/p>\n\n\n\n<p>Photogrammes entre&nbsp;<a href=\"https:\/\/lafilledecorinthe.com\/wordpress\/wp-content\/uploads\/2016\/11\/jeux-de-couleurs-.pdf\">jeux-de-couleurs<\/a>&nbsp;et noir&amp;blanc<\/p>\n\n\n<div class=\"wp-block-image\">\n<figure class=\"aligncenter\"><a href=\"https:\/\/lafilledecorinthe.com\/wordpress\/wp-content\/uploads\/2016\/11\/Petites-casseroles.jpg\"><img loading=\"lazy\" decoding=\"async\" width=\"1200\" height=\"1600\" src=\"https:\/\/lafilledecorinthe.com\/wordpress\/wp-content\/uploads\/2016\/11\/Petites-casseroles.jpg\" alt=\"240x320-AFFICHE-ANATOLE.indd\" class=\"wp-image-7664\" srcset=\"https:\/\/lafilledecorinthe.com\/wordpress\/wp-content\/uploads\/2016\/11\/Petites-casseroles.jpg 1200w, https:\/\/lafilledecorinthe.com\/wordpress\/wp-content\/uploads\/2016\/11\/Petites-casseroles-510x680.jpg 510w, https:\/\/lafilledecorinthe.com\/wordpress\/wp-content\/uploads\/2016\/11\/Petites-casseroles-960x1280.jpg 960w, https:\/\/lafilledecorinthe.com\/wordpress\/wp-content\/uploads\/2016\/11\/Petites-casseroles-225x300.jpg 225w\" sizes=\"auto, (max-width: 1200px) 100vw, 1200px\" \/><\/a><\/figure>\n<\/div>\n\n\n<figure class=\"wp-block-embed is-type-video is-provider-vimeo wp-block-embed-vimeo wp-embed-aspect-16-9 wp-has-aspect-ratio\"><div class=\"wp-block-embed__wrapper\">\n<iframe loading=\"lazy\" title=\"A glimpse into the MAKING OF &quot;FEAR OF FLYING&quot;\" src=\"https:\/\/player.vimeo.com\/video\/48440802?dnt=1&amp;app_id=122963\" width=\"720\" height=\"405\" frameborder=\"0\" allow=\"autoplay; fullscreen; picture-in-picture; clipboard-write; encrypted-media; web-share\" referrerpolicy=\"strict-origin-when-cross-origin\"><\/iframe>\n<\/div><\/figure>\n\n\n\n<p><\/p>\n\n\n\n<p>Photogrammes sur les six&nbsp;<a href=\"https:\/\/lafilledecorinthe.com\/wordpress\/wp-content\/uploads\/2016\/11\/he\u0301ros-.pdf\">heros<\/a><br><em>Les cadeaux d&rsquo;Aston<\/em> : photogrammes sur les jeux imaginaires autour d&rsquo;<a href=\"https:\/\/lafilledecorinthe.com\/wordpress\/wp-content\/uploads\/2016\/11\/une-planche-de-bois...pdf\">une-planche-de-bois<\/a><br>Document : <a href=\"https:\/\/lafilledecorinthe.com\/wordpress\/wp-content\/uploads\/2015\/10\/La-chute...pdf\" target=\"_blank\" rel=\"noopener\">La chute &#8230;entre cauchemar, r\u00eave et r\u00e9alit\u00e9<\/a><\/p>\n\n\n\n<p><\/p>\n\n\n\n<p><\/p>\n","protected":false},"excerpt":{"rendered":"<p>Trois tr\u00e8s beaux programmes composent la saison 2016-2017 de Mon premier cin\u00e9ma.&nbsp;Trois rendez-vous entre les classes maternelles parisiennes et&nbsp;leur salle de cin\u00e9ma de proximit\u00e9 pr\u00e9par\u00e9s avec soin par l&rsquo;\u00e9quipe d&rsquo;Enfances au cin\u00e9ma. Projection-conf\u00e9renceCin\u00e9ma Les Ursulines \u00e0 ParisMardi 8 novembre 2016 Document accompagnant la conf\u00e9rence&nbsp;mon-premier-cinema Document sur&nbsp;les-metiers-du-cirquePhotogrammes pour commencer un&nbsp;imagier-des-emotions Photogrammes entre&nbsp;jeux-de-couleurs&nbsp;et noir&amp;blanc Photogrammes sur les&#8230;<\/p>\n","protected":false},"author":2,"featured_media":7655,"comment_status":"open","ping_status":"open","sticky":false,"template":"","format":"standard","meta":{"_kad_post_transparent":"","_kad_post_title":"","_kad_post_layout":"","_kad_post_sidebar_id":"","_kad_post_content_style":"","_kad_post_vertical_padding":"","_kad_post_feature":"","_kad_post_feature_position":"","_kad_post_header":false,"_kad_post_footer":false,"_kad_post_classname":"","footnotes":""},"categories":[8],"tags":[1321,1326,353,1325,1305,1329,1328,1323,1320,1327,1106,1322,1324],"class_list":["post-7652","post","type-post","status-publish","format-standard","has-post-thumbnail","hentry","category-formations-adultes","tag-2016-2017","tag-couleurs-et-noirblanc","tag-enfances-au-cinema","tag-lhiver-feerique","tag-la-petite-casserole-danatole","tag-la-promenade-dun-distrait","tag-les-cadeaux-daston","tag-les-metiers-du-cirque","tag-mon-1er-cinema","tag-petites-casseroles","tag-peur-de-voler","tag-sametka-la-chenille-qui-danse","tag-un-imagier-des-emotions"],"_links":{"self":[{"href":"https:\/\/lafilledecorinthe.com\/wordpress\/wp-json\/wp\/v2\/posts\/7652","targetHints":{"allow":["GET"]}}],"collection":[{"href":"https:\/\/lafilledecorinthe.com\/wordpress\/wp-json\/wp\/v2\/posts"}],"about":[{"href":"https:\/\/lafilledecorinthe.com\/wordpress\/wp-json\/wp\/v2\/types\/post"}],"author":[{"embeddable":true,"href":"https:\/\/lafilledecorinthe.com\/wordpress\/wp-json\/wp\/v2\/users\/2"}],"replies":[{"embeddable":true,"href":"https:\/\/lafilledecorinthe.com\/wordpress\/wp-json\/wp\/v2\/comments?post=7652"}],"version-history":[{"count":24,"href":"https:\/\/lafilledecorinthe.com\/wordpress\/wp-json\/wp\/v2\/posts\/7652\/revisions"}],"predecessor-version":[{"id":14609,"href":"https:\/\/lafilledecorinthe.com\/wordpress\/wp-json\/wp\/v2\/posts\/7652\/revisions\/14609"}],"wp:featuredmedia":[{"embeddable":true,"href":"https:\/\/lafilledecorinthe.com\/wordpress\/wp-json\/wp\/v2\/media\/7655"}],"wp:attachment":[{"href":"https:\/\/lafilledecorinthe.com\/wordpress\/wp-json\/wp\/v2\/media?parent=7652"}],"wp:term":[{"taxonomy":"category","embeddable":true,"href":"https:\/\/lafilledecorinthe.com\/wordpress\/wp-json\/wp\/v2\/categories?post=7652"},{"taxonomy":"post_tag","embeddable":true,"href":"https:\/\/lafilledecorinthe.com\/wordpress\/wp-json\/wp\/v2\/tags?post=7652"}],"curies":[{"name":"wp","href":"https:\/\/api.w.org\/{rel}","templated":true}]}}