{"id":7636,"date":"2016-10-29T20:27:06","date_gmt":"2016-10-29T19:27:06","guid":{"rendered":"http:\/\/lafilledecorinthe.com\/wordpress\/?p=7636"},"modified":"2025-12-07T09:30:43","modified_gmt":"2025-12-07T08:30:43","slug":"les-enfants-dabord-au-jeu-de-paume-12","status":"publish","type":"post","link":"https:\/\/lafilledecorinthe.com\/wordpress\/2016\/10\/les-enfants-dabord-au-jeu-de-paume-12\/","title":{"rendered":"\u00ab\u00a0Les enfants d&rsquo;abord !\u00a0\u00bb au Jeu de Paume 12"},"content":{"rendered":"\n<p><em>La table elle n\u2019est que le support d\u2019un travail toujours \u00e0 reprendre, \u00e0 modifier si ce n\u2019est \u00e0 recommencer. Elle n\u2019est qu\u2019une surface de rencontres et de dispersions passag\u00e8res : on y d\u00e9pose et on y d\u00e9barrasse alternativement tout ce que son \u00abplan de travail\u00bb, comme on dit si bien, accueille sans hi\u00e9rarchie. L\u2019unicit\u00e9 du tableau fait place, sur une table, \u00e0 l\u2019ouverture toujours reconduite de nouvelles possibilit\u00e9s, de nouvelles rencontres, de nouvelles multiplicit\u00e9s, de nouvelles configuration.<\/em><br>Georges Didi-Huberman Atlas ou le gai savoir l\u2019oeil de l\u2019histoire 3<\/p>\n\n\n\n<p>Georges Didi-Huberman, philosophe et historien de l&rsquo;art, investit les deux \u00e9tages du Jeu de Paume et nous propose un vaste parcours autour de la notion, au pluriel, de <em>Soul\u00e8vements. <\/em>Qu&rsquo;\u00e9voque ce mot pour de jeunes&nbsp;enfants ?<\/p>\n\n\n<div class=\"wp-block-image\">\n<figure class=\"aligncenter\"><a href=\"https:\/\/lafilledecorinthe.com\/wordpress\/wp-content\/uploads\/2016\/10\/21.jpg\"><img loading=\"lazy\" decoding=\"async\" width=\"3264\" height=\"2448\" src=\"https:\/\/lafilledecorinthe.com\/wordpress\/wp-content\/uploads\/2016\/10\/21.jpg\" alt=\"2\" class=\"wp-image-7640\" srcset=\"https:\/\/lafilledecorinthe.com\/wordpress\/wp-content\/uploads\/2016\/10\/21.jpg 3264w, https:\/\/lafilledecorinthe.com\/wordpress\/wp-content\/uploads\/2016\/10\/21-680x510.jpg 680w, https:\/\/lafilledecorinthe.com\/wordpress\/wp-content\/uploads\/2016\/10\/21-1280x960.jpg 1280w, https:\/\/lafilledecorinthe.com\/wordpress\/wp-content\/uploads\/2016\/10\/21-400x300.jpg 400w\" sizes=\"auto, (max-width: 3264px) 100vw, 3264px\" \/><\/a><\/figure>\n<\/div>\n\n\n<p><\/p>\n\n\n<div class=\"wp-block-image\">\n<figure class=\"aligncenter\"><a href=\"https:\/\/lafilledecorinthe.com\/wordpress\/wp-content\/uploads\/2016\/10\/IMG_6967.jpg\"><img loading=\"lazy\" decoding=\"async\" width=\"3264\" height=\"2448\" src=\"https:\/\/lafilledecorinthe.com\/wordpress\/wp-content\/uploads\/2016\/10\/IMG_6967.jpg\" alt=\"img_6967\" class=\"wp-image-7805\" srcset=\"https:\/\/lafilledecorinthe.com\/wordpress\/wp-content\/uploads\/2016\/10\/IMG_6967.jpg 3264w, https:\/\/lafilledecorinthe.com\/wordpress\/wp-content\/uploads\/2016\/10\/IMG_6967-680x510.jpg 680w, https:\/\/lafilledecorinthe.com\/wordpress\/wp-content\/uploads\/2016\/10\/IMG_6967-1280x960.jpg 1280w, https:\/\/lafilledecorinthe.com\/wordpress\/wp-content\/uploads\/2016\/10\/IMG_6967-400x300.jpg 400w\" sizes=\"auto, (max-width: 3264px) 100vw, 3264px\" \/><\/a><\/figure>\n<\/div>\n\n\n<p><\/p>\n\n\n\n<p>Apr\u00e8s ce brainstorming, les enfants partent \u00e0 la d\u00e9couverte d&rsquo;une s\u00e9lection d&rsquo;oeuvres ; photographies, vid\u00e9os, affiches, oeuvres anciennes ou contemporaines, documents, performances&#8230;<\/p>\n\n\n<div class=\"wp-block-image\">\n<figure class=\"aligncenter\"><a href=\"https:\/\/lafilledecorinthe.com\/wordpress\/wp-content\/uploads\/2016\/10\/3bis.jpg\"><img loading=\"lazy\" decoding=\"async\" width=\"2677\" height=\"1983\" src=\"https:\/\/lafilledecorinthe.com\/wordpress\/wp-content\/uploads\/2016\/10\/3bis.jpg\" alt=\"3bis\" class=\"wp-image-7642\" srcset=\"https:\/\/lafilledecorinthe.com\/wordpress\/wp-content\/uploads\/2016\/10\/3bis.jpg 2677w, https:\/\/lafilledecorinthe.com\/wordpress\/wp-content\/uploads\/2016\/10\/3bis-680x504.jpg 680w, https:\/\/lafilledecorinthe.com\/wordpress\/wp-content\/uploads\/2016\/10\/3bis-1280x948.jpg 1280w, https:\/\/lafilledecorinthe.com\/wordpress\/wp-content\/uploads\/2016\/10\/3bis-405x300.jpg 405w\" sizes=\"auto, (max-width: 2677px) 100vw, 2677px\" \/><\/a><figcaption class=\"wp-element-caption\">Patriot de Dennis Adams, s\u00e9rie \u00ab\u00a0Airborne\u00a0\u00bb, 2002<\/figcaption><\/figure>\n<\/div>\n\n<div class=\"wp-block-image\">\n<figure class=\"aligncenter\"><a href=\"https:\/\/lafilledecorinthe.com\/wordpress\/wp-content\/uploads\/2016\/10\/51.jpg\"><img loading=\"lazy\" decoding=\"async\" width=\"2859\" height=\"1929\" src=\"https:\/\/lafilledecorinthe.com\/wordpress\/wp-content\/uploads\/2016\/10\/51.jpg\" alt=\"5\" class=\"wp-image-7644\" srcset=\"https:\/\/lafilledecorinthe.com\/wordpress\/wp-content\/uploads\/2016\/10\/51.jpg 2859w, https:\/\/lafilledecorinthe.com\/wordpress\/wp-content\/uploads\/2016\/10\/51-680x459.jpg 680w, https:\/\/lafilledecorinthe.com\/wordpress\/wp-content\/uploads\/2016\/10\/51-1280x864.jpg 1280w, https:\/\/lafilledecorinthe.com\/wordpress\/wp-content\/uploads\/2016\/10\/51-445x300.jpg 445w\" sizes=\"auto, (max-width: 2859px) 100vw, 2859px\" \/><\/a><figcaption class=\"wp-element-caption\">Bocanada de Graciela Sacco, 1993-1994<\/figcaption><\/figure>\n<\/div>\n\n\n<p>De retour dans l&rsquo;espace \u00e9ducatif, c&rsquo;est au&nbsp;tour des enfants de proposer et de filmer des assemblages d&rsquo;images et de mots.<\/p>\n\n\n<div class=\"wp-block-image\">\n<figure class=\"aligncenter\"><a href=\"https:\/\/lafilledecorinthe.com\/wordpress\/wp-content\/uploads\/2016\/10\/61.jpg\"><img loading=\"lazy\" decoding=\"async\" width=\"2448\" height=\"3264\" src=\"https:\/\/lafilledecorinthe.com\/wordpress\/wp-content\/uploads\/2016\/10\/61.jpg\" alt=\"6\" class=\"wp-image-7645\" srcset=\"https:\/\/lafilledecorinthe.com\/wordpress\/wp-content\/uploads\/2016\/10\/61.jpg 2448w, https:\/\/lafilledecorinthe.com\/wordpress\/wp-content\/uploads\/2016\/10\/61-510x680.jpg 510w, https:\/\/lafilledecorinthe.com\/wordpress\/wp-content\/uploads\/2016\/10\/61-960x1280.jpg 960w, https:\/\/lafilledecorinthe.com\/wordpress\/wp-content\/uploads\/2016\/10\/61-225x300.jpg 225w\" sizes=\"auto, (max-width: 2448px) 100vw, 2448px\" \/><\/a><figcaption class=\"wp-element-caption\">Regarder, discuter, choisir, assembler&#8230;<\/figcaption><\/figure>\n<\/div>\n\n<div class=\"wp-block-image\">\n<figure class=\"aligncenter\"><a href=\"https:\/\/lafilledecorinthe.com\/wordpress\/wp-content\/uploads\/2016\/10\/7.jpg\"><img loading=\"lazy\" decoding=\"async\" width=\"2170\" height=\"1992\" src=\"https:\/\/lafilledecorinthe.com\/wordpress\/wp-content\/uploads\/2016\/10\/7.jpg\" alt=\"7\" class=\"wp-image-7646\" srcset=\"https:\/\/lafilledecorinthe.com\/wordpress\/wp-content\/uploads\/2016\/10\/7.jpg 2170w, https:\/\/lafilledecorinthe.com\/wordpress\/wp-content\/uploads\/2016\/10\/7-680x624.jpg 680w, https:\/\/lafilledecorinthe.com\/wordpress\/wp-content\/uploads\/2016\/10\/7-1280x1175.jpg 1280w, https:\/\/lafilledecorinthe.com\/wordpress\/wp-content\/uploads\/2016\/10\/7-327x300.jpg 327w\" sizes=\"auto, (max-width: 2170px) 100vw, 2170px\" \/><\/a><figcaption class=\"wp-element-caption\">Composer, cadrer, filmer, comparer&#8230;<\/figcaption><\/figure>\n<\/div>\n\n<div class=\"wp-block-image\">\n<figure class=\"aligncenter\"><a href=\"https:\/\/lafilledecorinthe.com\/wordpress\/wp-content\/uploads\/2016\/10\/IMG_7037.jpg\"><img loading=\"lazy\" decoding=\"async\" width=\"3264\" height=\"2448\" src=\"https:\/\/lafilledecorinthe.com\/wordpress\/wp-content\/uploads\/2016\/10\/IMG_7037.jpg\" alt=\"img_7037\" class=\"wp-image-7807\" srcset=\"https:\/\/lafilledecorinthe.com\/wordpress\/wp-content\/uploads\/2016\/10\/IMG_7037.jpg 3264w, https:\/\/lafilledecorinthe.com\/wordpress\/wp-content\/uploads\/2016\/10\/IMG_7037-680x510.jpg 680w, https:\/\/lafilledecorinthe.com\/wordpress\/wp-content\/uploads\/2016\/10\/IMG_7037-1280x960.jpg 1280w, https:\/\/lafilledecorinthe.com\/wordpress\/wp-content\/uploads\/2016\/10\/IMG_7037-400x300.jpg 400w\" sizes=\"auto, (max-width: 3264px) 100vw, 3264px\" \/><\/a><figcaption class=\"wp-element-caption\">R\u00e9aliser son porte folio num\u00e9rique<\/figcaption><\/figure>\n<\/div>\n\n\n<p class=\"has-text-align-center\">&nbsp;<\/p>\n","protected":false},"excerpt":{"rendered":"<p>La table elle n\u2019est que le support d\u2019un travail toujours \u00e0 reprendre, \u00e0 modifier si ce n\u2019est \u00e0 recommencer. Elle n\u2019est qu\u2019une surface de rencontres et de dispersions passag\u00e8res : on y d\u00e9pose et on y d\u00e9barrasse alternativement tout ce que son \u00abplan de travail\u00bb, comme on dit si bien, accueille sans hi\u00e9rarchie. L\u2019unicit\u00e9 du&#8230;<\/p>\n","protected":false},"author":2,"featured_media":7637,"comment_status":"open","ping_status":"open","sticky":false,"template":"","format":"standard","meta":{"_kad_post_transparent":"","_kad_post_title":"","_kad_post_layout":"","_kad_post_sidebar_id":"","_kad_post_content_style":"","_kad_post_vertical_padding":"","_kad_post_feature":"","_kad_post_feature_position":"","_kad_post_header":false,"_kad_post_footer":false,"_kad_post_classname":"","footnotes":""},"categories":[7],"tags":[1318,1316,1319,48,190,1317],"class_list":["post-7636","post","type-post","status-publish","format-standard","has-post-thumbnail","hentry","category-ateliers-enfants","tag-dennis-adams","tag-georges-didi-huberman","tag-graciela-sacco","tag-jeu-de-paume","tag-les-enfants-dabord","tag-soulevements"],"_links":{"self":[{"href":"https:\/\/lafilledecorinthe.com\/wordpress\/wp-json\/wp\/v2\/posts\/7636","targetHints":{"allow":["GET"]}}],"collection":[{"href":"https:\/\/lafilledecorinthe.com\/wordpress\/wp-json\/wp\/v2\/posts"}],"about":[{"href":"https:\/\/lafilledecorinthe.com\/wordpress\/wp-json\/wp\/v2\/types\/post"}],"author":[{"embeddable":true,"href":"https:\/\/lafilledecorinthe.com\/wordpress\/wp-json\/wp\/v2\/users\/2"}],"replies":[{"embeddable":true,"href":"https:\/\/lafilledecorinthe.com\/wordpress\/wp-json\/wp\/v2\/comments?post=7636"}],"version-history":[{"count":10,"href":"https:\/\/lafilledecorinthe.com\/wordpress\/wp-json\/wp\/v2\/posts\/7636\/revisions"}],"predecessor-version":[{"id":14914,"href":"https:\/\/lafilledecorinthe.com\/wordpress\/wp-json\/wp\/v2\/posts\/7636\/revisions\/14914"}],"wp:featuredmedia":[{"embeddable":true,"href":"https:\/\/lafilledecorinthe.com\/wordpress\/wp-json\/wp\/v2\/media\/7637"}],"wp:attachment":[{"href":"https:\/\/lafilledecorinthe.com\/wordpress\/wp-json\/wp\/v2\/media?parent=7636"}],"wp:term":[{"taxonomy":"category","embeddable":true,"href":"https:\/\/lafilledecorinthe.com\/wordpress\/wp-json\/wp\/v2\/categories?post=7636"},{"taxonomy":"post_tag","embeddable":true,"href":"https:\/\/lafilledecorinthe.com\/wordpress\/wp-json\/wp\/v2\/tags?post=7636"}],"curies":[{"name":"wp","href":"https:\/\/api.w.org\/{rel}","templated":true}]}}