{"id":7614,"date":"2016-11-17T10:56:10","date_gmt":"2016-11-17T09:56:10","guid":{"rendered":"http:\/\/lafilledecorinthe.com\/wordpress\/?p=7614"},"modified":"2025-12-06T21:30:57","modified_gmt":"2025-12-06T20:30:57","slug":"maternelle-et-cinema-dans-le-cher","status":"publish","type":"post","link":"https:\/\/lafilledecorinthe.com\/wordpress\/2016\/11\/maternelle-et-cinema-dans-le-cher\/","title":{"rendered":"\u00ab\u00a0Maternelle et cin\u00e9ma\u00a0\u00bb dans le Cher"},"content":{"rendered":"\n<p><\/p>\n\n\n\n<p class=\"p1\"><span class=\"s1\"><i>&#8230; L\u2019art, cela ne s\u2019enseigne pas, cela se rencontre, cela s\u2019exp\u00e9rimente, cela se transmet par d\u2019autres voies que le discours du seul savoir,\u00a0<\/i><\/span><i>et parfois m\u00eame sans discours du tout.\u00a0L\u2019affaire de l\u2019enseignement c\u2019est la r\u00e8gle, l\u2019art doit y gagner une place d\u2019exception.<\/i><br>Alain Bergala, L\u2019hypoth\u00e8se cin\u00e9ma, Petite biblioth\u00e8que des Cahiers du cin\u00e9ma, 2002<\/p>\n\n\n\n<p>En partenariat avec <a href=\"http:\/\/www.ciclic.fr\/\" target=\"_blank\" rel=\"noopener\">Ciclic<\/a>, la coordination d\u00e9partementale <em>Ecole et cin\u00e9ma<\/em>&nbsp;du Cher a organis\u00e9 un temps de formation autour des deux nouveaux programmes <em>Maternelle et cin\u00e9ma <\/em>et d&rsquo;une s\u00e9lection d&rsquo;albums jeunesse issue des listes&nbsp;propos\u00e9es par <a href=\"http:\/\/enfants-de-cinema.com\/\" target=\"_blank\" rel=\"noopener\">Les enfants de cin\u00e9ma<\/a>&#8230;<\/p>\n\n\n\n<p>Document accompagnant la conf\u00e9rence&nbsp;<a href=\"https:\/\/lafilledecorinthe.com\/wordpress\/wp-content\/uploads\/2016\/11\/Maternelle-et-cine\u0301ma.pdf\">maternelle-et-cinema<\/a><\/p>\n\n\n<div class=\"wp-block-image\">\n<figure class=\"aligncenter\"><a href=\"https:\/\/lafilledecorinthe.com\/wordpress\/wp-content\/uploads\/2016\/11\/Kit-Voyage-de-re\u0302ve-2.jpg\"><img loading=\"lazy\" decoding=\"async\" width=\"5184\" height=\"3456\" src=\"https:\/\/lafilledecorinthe.com\/wordpress\/wp-content\/uploads\/2016\/11\/Kit-Voyage-de-re\u0302ve-2.jpg\" alt=\"kit-voyage-de-re%cc%82ve-2\" class=\"wp-image-7713\" srcset=\"https:\/\/lafilledecorinthe.com\/wordpress\/wp-content\/uploads\/2016\/11\/Kit-Voyage-de-re\u0302ve-2.jpg 5184w, https:\/\/lafilledecorinthe.com\/wordpress\/wp-content\/uploads\/2016\/11\/Kit-Voyage-de-re\u0302ve-2-680x453.jpg 680w, https:\/\/lafilledecorinthe.com\/wordpress\/wp-content\/uploads\/2016\/11\/Kit-Voyage-de-re\u0302ve-2-1280x853.jpg 1280w, https:\/\/lafilledecorinthe.com\/wordpress\/wp-content\/uploads\/2016\/11\/Kit-Voyage-de-re\u0302ve-2-450x300.jpg 450w\" sizes=\"auto, (max-width: 5184px) 100vw, 5184px\" \/><\/a><figcaption class=\"wp-element-caption\">Contenu de la mallette en lien avec \u00ab\u00a0Voyages de r\u00eave\u00a0\u00bb<\/figcaption><\/figure>\n<\/div>\n\n<div class=\"wp-block-image\">\n<figure class=\"aligncenter\"><a href=\"https:\/\/lafilledecorinthe.com\/wordpress\/wp-content\/uploads\/2016\/11\/affiche.jpg\"><img loading=\"lazy\" decoding=\"async\" width=\"1066\" height=\"1600\" src=\"https:\/\/lafilledecorinthe.com\/wordpress\/wp-content\/uploads\/2016\/11\/affiche.jpg\" alt=\"affiche\" class=\"wp-image-7716\" srcset=\"https:\/\/lafilledecorinthe.com\/wordpress\/wp-content\/uploads\/2016\/11\/affiche.jpg 1066w, https:\/\/lafilledecorinthe.com\/wordpress\/wp-content\/uploads\/2016\/11\/affiche-453x680.jpg 453w, https:\/\/lafilledecorinthe.com\/wordpress\/wp-content\/uploads\/2016\/11\/affiche-853x1280.jpg 853w, https:\/\/lafilledecorinthe.com\/wordpress\/wp-content\/uploads\/2016\/11\/affiche-200x300.jpg 200w\" sizes=\"auto, (max-width: 1066px) 100vw, 1066px\" \/><\/a><\/figure>\n<\/div>\n\n\n<p>Photogrammes \u00e0 t\u00e9l\u00e9charger&nbsp;<a href=\"https:\/\/lafilledecorinthe.com\/wordpress\/wp-content\/uploads\/2016\/11\/Images-se\u0301quentielles-.pdf\">images s\u00e9quentielles<\/a>,&nbsp;<a href=\"https:\/\/lafilledecorinthe.com\/wordpress\/wp-content\/uploads\/2016\/11\/chat-came\u0301ra-.pdf\">chat cam\u00e9ra<\/a>,&nbsp;<a href=\"https:\/\/lafilledecorinthe.com\/wordpress\/wp-content\/uploads\/2016\/11\/angles-de-vue-.pdf\">angles-de-vue<\/a>,&nbsp;<a href=\"https:\/\/lafilledecorinthe.com\/wordpress\/wp-content\/uploads\/2016\/11\/vue-subjective-.pdf\">vue-subjective<\/a><\/p>\n\n\n<div class=\"wp-block-image\">\n<figure class=\"aligncenter\"><a href=\"https:\/\/lafilledecorinthe.com\/wordpress\/wp-content\/uploads\/2016\/11\/Kit-Zeman-1.jpg\"><img loading=\"lazy\" decoding=\"async\" width=\"5184\" height=\"3456\" src=\"https:\/\/lafilledecorinthe.com\/wordpress\/wp-content\/uploads\/2016\/11\/Kit-Zeman-1.jpg\" alt=\"kit-zeman-1\" class=\"wp-image-7721\" srcset=\"https:\/\/lafilledecorinthe.com\/wordpress\/wp-content\/uploads\/2016\/11\/Kit-Zeman-1.jpg 5184w, https:\/\/lafilledecorinthe.com\/wordpress\/wp-content\/uploads\/2016\/11\/Kit-Zeman-1-680x453.jpg 680w, https:\/\/lafilledecorinthe.com\/wordpress\/wp-content\/uploads\/2016\/11\/Kit-Zeman-1-1280x853.jpg 1280w, https:\/\/lafilledecorinthe.com\/wordpress\/wp-content\/uploads\/2016\/11\/Kit-Zeman-1-450x300.jpg 450w\" sizes=\"auto, (max-width: 5184px) 100vw, 5184px\" \/><\/a><figcaption class=\"wp-element-caption\">Contenu de la mallette en lien avec \u00ab\u00a0La magie Karel Zeman\u00a0\u00bb<\/figcaption><\/figure>\n<\/div>\n\n<div class=\"wp-block-image\">\n<figure class=\"aligncenter\"><a href=\"https:\/\/lafilledecorinthe.com\/wordpress\/wp-content\/uploads\/2016\/11\/affiche-Karel-Zeman.jpg\"><img loading=\"lazy\" decoding=\"async\" width=\"1075\" height=\"1600\" src=\"https:\/\/lafilledecorinthe.com\/wordpress\/wp-content\/uploads\/2016\/11\/affiche-Karel-Zeman.jpg\" alt=\"affiche-karel-zeman\" class=\"wp-image-7722\" srcset=\"https:\/\/lafilledecorinthe.com\/wordpress\/wp-content\/uploads\/2016\/11\/affiche-Karel-Zeman.jpg 1075w, https:\/\/lafilledecorinthe.com\/wordpress\/wp-content\/uploads\/2016\/11\/affiche-Karel-Zeman-457x680.jpg 457w, https:\/\/lafilledecorinthe.com\/wordpress\/wp-content\/uploads\/2016\/11\/affiche-Karel-Zeman-860x1280.jpg 860w, https:\/\/lafilledecorinthe.com\/wordpress\/wp-content\/uploads\/2016\/11\/affiche-Karel-Zeman-202x300.jpg 202w\" sizes=\"auto, (max-width: 1075px) 100vw, 1075px\" \/><\/a><\/figure>\n<\/div>\n\n\n<p>Photogrammes \u00e0 t\u00e9l\u00e9charger&nbsp;<a href=\"https:\/\/lafilledecorinthe.com\/wordpress\/wp-content\/uploads\/2016\/11\/plans-re\u0302ve-de-Noe\u0308l-.pdf\">\u00e9chelle de plans<\/a>,&nbsp;<a href=\"https:\/\/lafilledecorinthe.com\/wordpress\/wp-content\/uploads\/2016\/11\/e\u0301motions-.pdf\">\u00e9motions<\/a>,&nbsp;<a href=\"https:\/\/lafilledecorinthe.com\/wordpress\/wp-content\/uploads\/2016\/11\/surimpression-.pdf\">surimpression<\/a>,&nbsp;<a href=\"https:\/\/lafilledecorinthe.com\/wordpress\/wp-content\/uploads\/2016\/11\/Fondu-enchai\u0302ne\u0301-.pdf\">fondu enchain\u00e9<\/a><\/p>\n\n\n\n<p>Donnons le mot de la fin \u00e0 M. Prokouk !<\/p>\n\n\n\n<figure class=\"wp-block-embed is-type-video is-provider-vimeo wp-block-embed-vimeo wp-embed-aspect-4-3 wp-has-aspect-ratio\"><div class=\"wp-block-embed__wrapper\">\n<iframe loading=\"lazy\" title=\"Pan Prokouk filmuje (1948)\" src=\"https:\/\/player.vimeo.com\/video\/146357221?dnt=1&amp;app_id=122963\" width=\"640\" height=\"480\" frameborder=\"0\" allow=\"autoplay; fullscreen; picture-in-picture; clipboard-write; encrypted-media; web-share\" referrerpolicy=\"strict-origin-when-cross-origin\"><\/iframe>\n<\/div><\/figure>\n","protected":false},"excerpt":{"rendered":"<p>&#8230; L\u2019art, cela ne s\u2019enseigne pas, cela se rencontre, cela s\u2019exp\u00e9rimente, cela se transmet par d\u2019autres voies que le discours du seul savoir,\u00a0et parfois m\u00eame sans discours du tout.\u00a0L\u2019affaire de l\u2019enseignement c\u2019est la r\u00e8gle, l\u2019art doit y gagner une place d\u2019exception.Alain Bergala, L\u2019hypoth\u00e8se cin\u00e9ma, Petite biblioth\u00e8que des Cahiers du cin\u00e9ma, 2002 En partenariat avec Ciclic,&#8230;<\/p>\n","protected":false},"author":2,"featured_media":7709,"comment_status":"open","ping_status":"open","sticky":false,"template":"","format":"standard","meta":{"_kad_post_transparent":"","_kad_post_title":"","_kad_post_layout":"","_kad_post_sidebar_id":"","_kad_post_content_style":"","_kad_post_vertical_padding":"","_kad_post_feature":"","_kad_post_feature_position":"","_kad_post_header":false,"_kad_post_footer":false,"_kad_post_classname":"","footnotes":""},"categories":[8],"tags":[1344,1340,1341,1343,251,965,1342],"class_list":["post-7614","post","type-post","status-publish","format-standard","has-post-thumbnail","hentry","category-formations-adultes","tag-alain-bergala","tag-ciclic","tag-ecole-et-cinema-du-cher","tag-la-magie-karel-zeman","tag-les-enfants-de-cinema","tag-maternelle-et-cinema","tag-voyages-de-reve"],"_links":{"self":[{"href":"https:\/\/lafilledecorinthe.com\/wordpress\/wp-json\/wp\/v2\/posts\/7614","targetHints":{"allow":["GET"]}}],"collection":[{"href":"https:\/\/lafilledecorinthe.com\/wordpress\/wp-json\/wp\/v2\/posts"}],"about":[{"href":"https:\/\/lafilledecorinthe.com\/wordpress\/wp-json\/wp\/v2\/types\/post"}],"author":[{"embeddable":true,"href":"https:\/\/lafilledecorinthe.com\/wordpress\/wp-json\/wp\/v2\/users\/2"}],"replies":[{"embeddable":true,"href":"https:\/\/lafilledecorinthe.com\/wordpress\/wp-json\/wp\/v2\/comments?post=7614"}],"version-history":[{"count":15,"href":"https:\/\/lafilledecorinthe.com\/wordpress\/wp-json\/wp\/v2\/posts\/7614\/revisions"}],"predecessor-version":[{"id":14542,"href":"https:\/\/lafilledecorinthe.com\/wordpress\/wp-json\/wp\/v2\/posts\/7614\/revisions\/14542"}],"wp:featuredmedia":[{"embeddable":true,"href":"https:\/\/lafilledecorinthe.com\/wordpress\/wp-json\/wp\/v2\/media\/7709"}],"wp:attachment":[{"href":"https:\/\/lafilledecorinthe.com\/wordpress\/wp-json\/wp\/v2\/media?parent=7614"}],"wp:term":[{"taxonomy":"category","embeddable":true,"href":"https:\/\/lafilledecorinthe.com\/wordpress\/wp-json\/wp\/v2\/categories?post=7614"},{"taxonomy":"post_tag","embeddable":true,"href":"https:\/\/lafilledecorinthe.com\/wordpress\/wp-json\/wp\/v2\/tags?post=7614"}],"curies":[{"name":"wp","href":"https:\/\/api.w.org\/{rel}","templated":true}]}}