{"id":7603,"date":"2016-11-08T22:26:48","date_gmt":"2016-11-08T21:26:48","guid":{"rendered":"http:\/\/lafilledecorinthe.com\/wordpress\/?p=7603"},"modified":"2025-12-06T20:24:14","modified_gmt":"2025-12-06T19:24:14","slug":"ecole-et-cinema-95-pour-les-classes-maternelles-3","status":"publish","type":"post","link":"https:\/\/lafilledecorinthe.com\/wordpress\/2016\/11\/ecole-et-cinema-95-pour-les-classes-maternelles-3\/","title":{"rendered":"\u00ab\u00a0Ecole et cin\u00e9ma 95\u00a0\u00bb pour les classes maternelles"},"content":{"rendered":"\n<p><strong>Conf\u00e9rence au<\/strong>\u00a0&#8230;<br><strong>cin\u00e9ma Jean Gabin d&rsquo;Argenteuil <\/strong><br><strong>Mercredi 9 novembre 2016<\/strong><\/p>\n\n\n\n<p>Les classes maternelles du Val d&rsquo;Oise sont invit\u00e9es \u00e0 d\u00e9couvrir dans leur cin\u00e9ma de proximit\u00e9 deux oeuvres\u00a0que tout semble \u00e0 priori opposer &#8230; Un\u00a0programme de courts m\u00e9trages contemporains cr\u00e9\u00e9 par le studio Folimage, <em>1,2,3 L\u00e9on ! <\/em>et un film du patrimoine, <em>Le cirque<\/em> de Chaplin.<br>L\u00e9on et Charlot, artistes malgr\u00e9 eux, ont toutefois des probl\u00e8mes communs, la preuve en images !<\/p>\n\n\n\n<p>Comment sortir de la cage de l&rsquo;ours ou de celle du lion ?<\/p>\n\n\n<div class=\"wp-block-image\">\n<figure class=\"aligncenter\"><a href=\"https:\/\/lafilledecorinthe.com\/wordpress\/wp-content\/uploads\/2016\/10\/ours_en_cage.jpg\"><img loading=\"lazy\" decoding=\"async\" width=\"1538\" height=\"862\" src=\"https:\/\/lafilledecorinthe.com\/wordpress\/wp-content\/uploads\/2016\/10\/ours_en_cage.jpg\" alt=\"ours_en_cage\" class=\"wp-image-7606\" srcset=\"https:\/\/lafilledecorinthe.com\/wordpress\/wp-content\/uploads\/2016\/10\/ours_en_cage.jpg 1538w, https:\/\/lafilledecorinthe.com\/wordpress\/wp-content\/uploads\/2016\/10\/ours_en_cage-680x381.jpg 680w, https:\/\/lafilledecorinthe.com\/wordpress\/wp-content\/uploads\/2016\/10\/ours_en_cage-1280x717.jpg 1280w, https:\/\/lafilledecorinthe.com\/wordpress\/wp-content\/uploads\/2016\/10\/ours_en_cage-500x280.jpg 500w\" sizes=\"auto, (max-width: 1538px) 100vw, 1538px\" \/><\/a><figcaption class=\"wp-element-caption\">Photogramme de \u00ab\u00a0L&rsquo;hiver de L\u00e9on\u00a0\u00bb<\/figcaption><\/figure>\n<\/div>\n\n<div class=\"wp-block-image\">\n<figure class=\"aligncenter\"><a href=\"https:\/\/lafilledecorinthe.com\/wordpress\/wp-content\/uploads\/2016\/10\/lion.jpg\"><img loading=\"lazy\" decoding=\"async\" width=\"778\" height=\"573\" src=\"https:\/\/lafilledecorinthe.com\/wordpress\/wp-content\/uploads\/2016\/10\/lion.jpg\" alt=\"lion\" class=\"wp-image-7607\" srcset=\"https:\/\/lafilledecorinthe.com\/wordpress\/wp-content\/uploads\/2016\/10\/lion.jpg 778w, https:\/\/lafilledecorinthe.com\/wordpress\/wp-content\/uploads\/2016\/10\/lion-680x501.jpg 680w, https:\/\/lafilledecorinthe.com\/wordpress\/wp-content\/uploads\/2016\/10\/lion-407x300.jpg 407w\" sizes=\"auto, (max-width: 778px) 100vw, 778px\" \/><\/a><figcaption class=\"wp-element-caption\">Photogramme du \u00ab\u00a0Cirque\u00a0\u00bb<\/figcaption><\/figure>\n<\/div>\n\n\n<p>Comment captiver les spectateurs ?<\/p>\n\n\n<div class=\"wp-block-image\">\n<figure class=\"aligncenter\"><a href=\"https:\/\/lafilledecorinthe.com\/wordpress\/wp-content\/uploads\/2016\/10\/spectateur1.jpg\"><img loading=\"lazy\" decoding=\"async\" width=\"748\" height=\"425\" src=\"https:\/\/lafilledecorinthe.com\/wordpress\/wp-content\/uploads\/2016\/10\/spectateur1.jpg\" alt=\"spectateur1\" class=\"wp-image-7609\" srcset=\"https:\/\/lafilledecorinthe.com\/wordpress\/wp-content\/uploads\/2016\/10\/spectateur1.jpg 748w, https:\/\/lafilledecorinthe.com\/wordpress\/wp-content\/uploads\/2016\/10\/spectateur1-680x386.jpg 680w, https:\/\/lafilledecorinthe.com\/wordpress\/wp-content\/uploads\/2016\/10\/spectateur1-500x284.jpg 500w\" sizes=\"auto, (max-width: 748px) 100vw, 748px\" \/><\/a><figcaption class=\"wp-element-caption\">Photogramme de \u00ab\u00a0L&rsquo;hiver de L\u00e9on\u00a0\u00bb<\/figcaption><\/figure>\n<\/div>\n\n<div class=\"wp-block-image\">\n<figure class=\"aligncenter\"><a href=\"https:\/\/lafilledecorinthe.com\/wordpress\/wp-content\/uploads\/2016\/10\/spectateur_Charlot.jpg\"><img loading=\"lazy\" decoding=\"async\" width=\"1572\" height=\"1148\" src=\"https:\/\/lafilledecorinthe.com\/wordpress\/wp-content\/uploads\/2016\/10\/spectateur_Charlot.jpg\" alt=\"spectateur_charlot\" class=\"wp-image-7610\" srcset=\"https:\/\/lafilledecorinthe.com\/wordpress\/wp-content\/uploads\/2016\/10\/spectateur_Charlot.jpg 1572w, https:\/\/lafilledecorinthe.com\/wordpress\/wp-content\/uploads\/2016\/10\/spectateur_Charlot-680x497.jpg 680w, https:\/\/lafilledecorinthe.com\/wordpress\/wp-content\/uploads\/2016\/10\/spectateur_Charlot-1280x935.jpg 1280w, https:\/\/lafilledecorinthe.com\/wordpress\/wp-content\/uploads\/2016\/10\/spectateur_Charlot-411x300.jpg 411w\" sizes=\"auto, (max-width: 1572px) 100vw, 1572px\" \/><\/a><figcaption class=\"wp-element-caption\">Photogramme du \u00ab\u00a0Cirque\u00a0\u00bb<\/figcaption><\/figure>\n<\/div>\n\n\n<p>Document accompagnant la conf\u00e9rence&nbsp;<a href=\"https:\/\/lafilledecorinthe.com\/wordpress\/wp-content\/uploads\/2016\/11\/Pour-aller-plus-loin-.pdf\">pour-aller-plus-loin<\/a>, cartes pour un m\u00e9mory&nbsp;<a href=\"https:\/\/lafilledecorinthe.com\/wordpress\/wp-content\/uploads\/2016\/11\/Lhiver-de-Le\u0301on-.pdf\">l&rsquo;hiver-de-leon<\/a>, photogrammes des&nbsp;<a href=\"https:\/\/lafilledecorinthe.com\/wordpress\/wp-content\/uploads\/2016\/11\/personnages-du-Cirque-.pdf\">personnages-du-cirque<\/a>, photogrammes des&nbsp;<a href=\"https:\/\/lafilledecorinthe.com\/wordpress\/wp-content\/uploads\/2016\/11\/plans-et-angles-de-vue-du-Cirque-.pdf\">plans-et-angles-de-vue-du-cirque<\/a><\/p>\n\n\n\n<p><a href=\"http:\/\/www.reseau-canope.fr\/atelier-val-d-oise\/cinema\/Le-cirque-1038\" target=\"_blank\" rel=\"noopener\">Conf\u00e9rence<\/a> \u00e0 \u00e9couter sur le site de Canop\u00e995.<\/p>\n","protected":false},"excerpt":{"rendered":"<p>Conf\u00e9rence au\u00a0&#8230;cin\u00e9ma Jean Gabin d&rsquo;Argenteuil Mercredi 9 novembre 2016 Les classes maternelles du Val d&rsquo;Oise sont invit\u00e9es \u00e0 d\u00e9couvrir dans leur cin\u00e9ma de proximit\u00e9 deux oeuvres\u00a0que tout semble \u00e0 priori opposer &#8230; Un\u00a0programme de courts m\u00e9trages contemporains cr\u00e9\u00e9 par le studio Folimage, 1,2,3 L\u00e9on ! et un film du patrimoine, Le cirque de Chaplin.L\u00e9on et&#8230;<\/p>\n","protected":false},"author":2,"featured_media":7604,"comment_status":"open","ping_status":"open","sticky":false,"template":"","format":"standard","meta":{"_kad_post_transparent":"","_kad_post_title":"","_kad_post_layout":"","_kad_post_sidebar_id":"","_kad_post_content_style":"","_kad_post_vertical_padding":"","_kad_post_feature":"","_kad_post_feature_position":"","_kad_post_header":false,"_kad_post_footer":false,"_kad_post_classname":"","footnotes":""},"categories":[8],"tags":[1332,1333,1334,1331,1335,1330,291],"class_list":["post-7603","post","type-post","status-publish","format-standard","has-post-thumbnail","hentry","category-formations-adultes","tag-1332","tag-1333","tag-3-leon","tag-cinema-jean-gabin-dargenteuil","tag-le-cirque-de-chaplin","tag-marenelle-et-cinema-95","tag-val-doise"],"_links":{"self":[{"href":"https:\/\/lafilledecorinthe.com\/wordpress\/wp-json\/wp\/v2\/posts\/7603","targetHints":{"allow":["GET"]}}],"collection":[{"href":"https:\/\/lafilledecorinthe.com\/wordpress\/wp-json\/wp\/v2\/posts"}],"about":[{"href":"https:\/\/lafilledecorinthe.com\/wordpress\/wp-json\/wp\/v2\/types\/post"}],"author":[{"embeddable":true,"href":"https:\/\/lafilledecorinthe.com\/wordpress\/wp-json\/wp\/v2\/users\/2"}],"replies":[{"embeddable":true,"href":"https:\/\/lafilledecorinthe.com\/wordpress\/wp-json\/wp\/v2\/comments?post=7603"}],"version-history":[{"count":10,"href":"https:\/\/lafilledecorinthe.com\/wordpress\/wp-json\/wp\/v2\/posts\/7603\/revisions"}],"predecessor-version":[{"id":14772,"href":"https:\/\/lafilledecorinthe.com\/wordpress\/wp-json\/wp\/v2\/posts\/7603\/revisions\/14772"}],"wp:featuredmedia":[{"embeddable":true,"href":"https:\/\/lafilledecorinthe.com\/wordpress\/wp-json\/wp\/v2\/media\/7604"}],"wp:attachment":[{"href":"https:\/\/lafilledecorinthe.com\/wordpress\/wp-json\/wp\/v2\/media?parent=7603"}],"wp:term":[{"taxonomy":"category","embeddable":true,"href":"https:\/\/lafilledecorinthe.com\/wordpress\/wp-json\/wp\/v2\/categories?post=7603"},{"taxonomy":"post_tag","embeddable":true,"href":"https:\/\/lafilledecorinthe.com\/wordpress\/wp-json\/wp\/v2\/tags?post=7603"}],"curies":[{"name":"wp","href":"https:\/\/api.w.org\/{rel}","templated":true}]}}