{"id":7558,"date":"2016-09-29T08:36:39","date_gmt":"2016-09-29T07:36:39","guid":{"rendered":"http:\/\/lafilledecorinthe.com\/wordpress\/?p=7558"},"modified":"2025-12-04T22:03:10","modified_gmt":"2025-12-04T21:03:10","slug":"ecole-et-cinema-93-ernest-et-celestine","status":"publish","type":"post","link":"https:\/\/lafilledecorinthe.com\/wordpress\/2016\/09\/ecole-et-cinema-93-ernest-et-celestine\/","title":{"rendered":"\u00ab\u00a0Ecole et cin\u00e9ma 93\u00a0\u00bb Ernest et C\u00e9lestine"},"content":{"rendered":"\n<p><strong>Projection-conf\u00e9rence :<\/strong><br><a title=\"\u00ab\u00a0Ernest et C\u00e9lestine\u00a0\u00bb, le film !\" href=\"https:\/\/lafilledecorinthe.com\/wordpress\/2012\/11\/ernest-et-celestine-le-film\/\"><em>Ernest et C\u00e9lestine <\/em><\/a>de Benjamin Renner, Vincent Patar et St\u00e9phane Aubier<br>Espace Simenon \u00e0 Rosny \/ Bois<br>Le lundi 3 octobre 2016<br>Cin\u00e9ma Le Trianon \u00e0 Romainville<br>Le lundi 10 octobre 2016<br>Cin\u00e9ma L&rsquo;Etoile de la Courneuve<br>Le jeudi 13 octobre 2016<\/p>\n\n\n\n<p>Document accompagnant la conf\u00e9rence&nbsp;<a href=\"https:\/\/lafilledecorinthe.com\/wordpress\/wp-content\/uploads\/2016\/09\/Ernest-et-Ce\u0301lestine.pdf\">ernest-et-celestine<\/a><\/p>\n\n\n\n<p>S\u00e9quence :&nbsp;<a href=\"https:\/\/lafilledecorinthe.com\/wordpress\/wp-content\/uploads\/2015\/03\/Hiver-printemps-.pdf\">Hiver- printemps<\/a><\/p>\n\n\n\n<p>Des interviews passionnants, des courts m\u00e9trages et une sc\u00e8ne coup\u00e9e&#8230; C&rsquo;est <a title=\"\u00ab&nbsp;Ecole et cin\u00e9ma 92\u2033 Ernest et C\u00e9lestine\" href=\"https:\/\/lafilledecorinthe.com\/wordpress\/2015\/03\/ecole-et-cinema-92-ernest-et-celestine\/\">ici<\/a> !<\/p>\n\n\n\n<p>A d\u00e9couvrir !<\/p>\n\n\n<div class=\"wp-block-image\">\n<figure class=\"aligncenter\"><a href=\"https:\/\/lafilledecorinthe.com\/wordpress\/wp-content\/uploads\/2016\/09\/IMG_5479.jpg\"><img loading=\"lazy\" decoding=\"async\" width=\"2448\" height=\"3264\" src=\"https:\/\/lafilledecorinthe.com\/wordpress\/wp-content\/uploads\/2016\/09\/IMG_5479.jpg\" alt=\"img_5479\" class=\"wp-image-7564\" srcset=\"https:\/\/lafilledecorinthe.com\/wordpress\/wp-content\/uploads\/2016\/09\/IMG_5479.jpg 2448w, https:\/\/lafilledecorinthe.com\/wordpress\/wp-content\/uploads\/2016\/09\/IMG_5479-510x680.jpg 510w, https:\/\/lafilledecorinthe.com\/wordpress\/wp-content\/uploads\/2016\/09\/IMG_5479-960x1280.jpg 960w, https:\/\/lafilledecorinthe.com\/wordpress\/wp-content\/uploads\/2016\/09\/IMG_5479-225x300.jpg 225w\" sizes=\"auto, (max-width: 2448px) 100vw, 2448px\" \/><\/a><\/figure>\n<\/div>\n\n\n<p> Une adaptation a \u00e9t\u00e9 r\u00e9alis\u00e9e en 1984 pour Weston Woods, \u00e0 d\u00e9couvrir <a href=\"https:\/\/www.youtube.com\/watch?v=xb2RB0TBWfk\" target=\"_blank\" rel=\"noopener\">ici<\/a>&nbsp;!<\/p>\n\n\n<div class=\"wp-block-image\">\n<figure class=\"aligncenter\"><a href=\"https:\/\/lafilledecorinthe.com\/wordpress\/wp-content\/uploads\/2016\/09\/doctor_desoto-311180084-large.jpeg\"><img loading=\"lazy\" decoding=\"async\" width=\"1296\" height=\"835\" src=\"https:\/\/lafilledecorinthe.com\/wordpress\/wp-content\/uploads\/2016\/09\/doctor_desoto-311180084-large.jpeg\" alt=\"doctor_desoto-311180084-large\" class=\"wp-image-12014\" srcset=\"https:\/\/lafilledecorinthe.com\/wordpress\/wp-content\/uploads\/2016\/09\/doctor_desoto-311180084-large.jpeg 1296w, https:\/\/lafilledecorinthe.com\/wordpress\/wp-content\/uploads\/2016\/09\/doctor_desoto-311180084-large-680x438.jpeg 680w, https:\/\/lafilledecorinthe.com\/wordpress\/wp-content\/uploads\/2016\/09\/doctor_desoto-311180084-large-1280x825.jpeg 1280w, https:\/\/lafilledecorinthe.com\/wordpress\/wp-content\/uploads\/2016\/09\/doctor_desoto-311180084-large-466x300.jpeg 466w\" sizes=\"auto, (max-width: 1296px) 100vw, 1296px\" \/><\/a><figcaption class=\"wp-element-caption\">Doctor De Soto, Michael Sporn, 1984<\/figcaption><\/figure>\n<\/div>\n\n\n<p>Et aussi&#8230;\u00a0\u00bbPetites souris et gros Matous\u00a0\u00bb au&nbsp;<a href=\"https:\/\/lafilledecorinthe.com\/wordpress\/wp-content\/uploads\/2016\/09\/Forum-des-images.pdf\">forum-des-images<\/a>&nbsp;et \u00ab\u00a0Esp\u00e8ces d&rsquo;Ours !\u00a0\u00bb au Jardin des Plantes.<\/p>\n\n\n<div class=\"wp-block-image\">\n<figure class=\"aligncenter\"><a href=\"https:\/\/lafilledecorinthe.com\/wordpress\/wp-content\/uploads\/2016\/09\/espe\u0300ces-dours-.jpg\"><img loading=\"lazy\" decoding=\"async\" width=\"452\" height=\"676\" src=\"https:\/\/lafilledecorinthe.com\/wordpress\/wp-content\/uploads\/2016\/09\/espe\u0300ces-dours-.jpg\" alt=\"especes-dours\" class=\"wp-image-7567\" srcset=\"https:\/\/lafilledecorinthe.com\/wordpress\/wp-content\/uploads\/2016\/09\/espe\u0300ces-dours-.jpg 452w, https:\/\/lafilledecorinthe.com\/wordpress\/wp-content\/uploads\/2016\/09\/espe\u0300ces-dours--201x300.jpg 201w\" sizes=\"auto, (max-width: 452px) 100vw, 452px\" \/><\/a><\/figure>\n<\/div>\n\n\n<p><\/p>\n","protected":false},"excerpt":{"rendered":"<p>Projection-conf\u00e9rence :Ernest et C\u00e9lestine de Benjamin Renner, Vincent Patar et St\u00e9phane AubierEspace Simenon \u00e0 Rosny \/ BoisLe lundi 3 octobre 2016Cin\u00e9ma Le Trianon \u00e0 RomainvilleLe lundi 10 octobre 2016Cin\u00e9ma L&rsquo;Etoile de la CourneuveLe jeudi 13 octobre 2016 Document accompagnant la conf\u00e9rence&nbsp;ernest-et-celestine S\u00e9quence :&nbsp;Hiver- printemps Des interviews passionnants, des courts m\u00e9trages et une sc\u00e8ne coup\u00e9e&#8230; C&rsquo;est&#8230;<\/p>\n","protected":false},"author":2,"featured_media":7559,"comment_status":"open","ping_status":"open","sticky":false,"template":"","format":"standard","meta":{"_kad_post_transparent":"","_kad_post_title":"","_kad_post_layout":"","_kad_post_sidebar_id":"","_kad_post_content_style":"","_kad_post_vertical_padding":"","_kad_post_feature":"","_kad_post_feature_position":"","_kad_post_header":false,"_kad_post_footer":false,"_kad_post_classname":"","footnotes":""},"categories":[8],"tags":[209,2215,1218,206,2216],"class_list":["post-7558","post","type-post","status-publish","format-standard","has-post-thumbnail","hentry","category-formations-adultes","tag-benjamin-renner","tag-docteur-de-soto","tag-ecole-et-cinema-93","tag-ernest-et-celestine","tag-weston-woods"],"_links":{"self":[{"href":"https:\/\/lafilledecorinthe.com\/wordpress\/wp-json\/wp\/v2\/posts\/7558","targetHints":{"allow":["GET"]}}],"collection":[{"href":"https:\/\/lafilledecorinthe.com\/wordpress\/wp-json\/wp\/v2\/posts"}],"about":[{"href":"https:\/\/lafilledecorinthe.com\/wordpress\/wp-json\/wp\/v2\/types\/post"}],"author":[{"embeddable":true,"href":"https:\/\/lafilledecorinthe.com\/wordpress\/wp-json\/wp\/v2\/users\/2"}],"replies":[{"embeddable":true,"href":"https:\/\/lafilledecorinthe.com\/wordpress\/wp-json\/wp\/v2\/comments?post=7558"}],"version-history":[{"count":11,"href":"https:\/\/lafilledecorinthe.com\/wordpress\/wp-json\/wp\/v2\/posts\/7558\/revisions"}],"predecessor-version":[{"id":14684,"href":"https:\/\/lafilledecorinthe.com\/wordpress\/wp-json\/wp\/v2\/posts\/7558\/revisions\/14684"}],"wp:featuredmedia":[{"embeddable":true,"href":"https:\/\/lafilledecorinthe.com\/wordpress\/wp-json\/wp\/v2\/media\/7559"}],"wp:attachment":[{"href":"https:\/\/lafilledecorinthe.com\/wordpress\/wp-json\/wp\/v2\/media?parent=7558"}],"wp:term":[{"taxonomy":"category","embeddable":true,"href":"https:\/\/lafilledecorinthe.com\/wordpress\/wp-json\/wp\/v2\/categories?post=7558"},{"taxonomy":"post_tag","embeddable":true,"href":"https:\/\/lafilledecorinthe.com\/wordpress\/wp-json\/wp\/v2\/tags?post=7558"}],"curies":[{"name":"wp","href":"https:\/\/api.w.org\/{rel}","templated":true}]}}