{"id":7513,"date":"2016-08-11T14:00:29","date_gmt":"2016-08-11T13:00:29","guid":{"rendered":"http:\/\/lafilledecorinthe.com\/wordpress\/?p=7513"},"modified":"2025-12-10T11:13:47","modified_gmt":"2025-12-10T10:13:47","slug":"a-bonne-ecole-afca-reca","status":"publish","type":"post","link":"https:\/\/lafilledecorinthe.com\/wordpress\/2016\/08\/a-bonne-ecole-afca-reca\/","title":{"rendered":"\u00ab\u00a0A bonne \u00e9cole\u00a0\u00bb  AFCA \/ RECA"},"content":{"rendered":"<div class=\"wp-block-image\">\n<figure class=\"aligncenter\"><a href=\"https:\/\/lafilledecorinthe.com\/wordpress\/wp-content\/uploads\/2016\/08\/pre_senatation2_.jpg\"><img loading=\"lazy\" decoding=\"async\" width=\"631\" height=\"495\" src=\"https:\/\/lafilledecorinthe.com\/wordpress\/wp-content\/uploads\/2016\/08\/pre_senatation2_.jpg\" alt=\"pre_senatation2_\" class=\"wp-image-7530\" srcset=\"https:\/\/lafilledecorinthe.com\/wordpress\/wp-content\/uploads\/2016\/08\/pre_senatation2_.jpg 631w, https:\/\/lafilledecorinthe.com\/wordpress\/wp-content\/uploads\/2016\/08\/pre_senatation2_-382x300.jpg 382w\" sizes=\"auto, (max-width: 631px) 100vw, 631px\" \/><\/a><\/figure>\n<\/div>\n\n\n<p>L&rsquo;<a href=\"http:\/\/www.afca.asso.fr\/actualites\/breves\/1149,-A-bonne-ecole-un-programme-de-courts-metrages-propose-par-l-AFCA\">AFCA<\/a> a concoct\u00e9 avec la complicit\u00e9 du R\u00e9seau des Ecoles fran\u00e7aises de Cin\u00e9ma d&rsquo;Animation (<a href=\"http:\/\/www.reca-animation.com\/\">RECA<\/a>) un programme de huit courts m\u00e9trages qui met \u00e0 l&rsquo;honneur le travail des \u00e9tudiants. Huit films de fin d&rsquo;\u00e9tudes r\u00e9alis\u00e9s entre 2010 et 2014 qui brillent par leur diversit\u00e9 tant au niveau des genres et des techniques\u00a0que\u00a0des styles\u00a0explor\u00e9s.<br>Les\u00a0talents individuels et le travail collectif sont la richesse de ce programme \u00e0 d\u00e9couvrir sans tarder !\u00a0Petits floril\u00e8ges d&rsquo;images et de vid\u00e9os pour d\u00e9couvrir les r\u00e9alisateurs de demain&#8230;<\/p>\n\n\n<div class=\"wp-block-image\">\n<figure class=\"aligncenter\"><a href=\"https:\/\/lafilledecorinthe.com\/wordpress\/wp-content\/uploads\/2016\/08\/lineup3.jpg\"><img loading=\"lazy\" decoding=\"async\" width=\"1600\" height=\"1038\" src=\"https:\/\/lafilledecorinthe.com\/wordpress\/wp-content\/uploads\/2016\/08\/lineup3.jpg\" alt=\"&quot;Rhapsodie pour un pot au feu&quot; \/ Gobelins\" class=\"wp-image-7520\" srcset=\"https:\/\/lafilledecorinthe.com\/wordpress\/wp-content\/uploads\/2016\/08\/lineup3.jpg 1600w, https:\/\/lafilledecorinthe.com\/wordpress\/wp-content\/uploads\/2016\/08\/lineup3-680x441.jpg 680w, https:\/\/lafilledecorinthe.com\/wordpress\/wp-content\/uploads\/2016\/08\/lineup3-1280x830.jpg 1280w, https:\/\/lafilledecorinthe.com\/wordpress\/wp-content\/uploads\/2016\/08\/lineup3-462x300.jpg 462w\" sizes=\"auto, (max-width: 1600px) 100vw, 1600px\" \/><\/a><figcaption class=\"wp-element-caption\">\u00ab\u00a0Rhapsodie pour un pot au feu\u00a0\u00bb \/ Gobelins \u00a0 \u00a0 \u00a0\u00a0<a href=\"http:\/\/stopmotion.ipert.fr\/rhapsodie-pour-un-pot-au-feu-making-of\/\" target=\"_blank\" rel=\"noopener\">Making of<\/a><\/figcaption><\/figure>\n<\/div>\n\n<div class=\"wp-block-image\">\n<figure class=\"aligncenter\"><a href=\"https:\/\/lafilledecorinthe.com\/wordpress\/wp-content\/uploads\/2016\/08\/making_of_meet_the_myth.jpg\"><img loading=\"lazy\" decoding=\"async\" width=\"963\" height=\"545\" src=\"https:\/\/lafilledecorinthe.com\/wordpress\/wp-content\/uploads\/2016\/08\/making_of_meet_the_myth.jpg\" alt=\"Meet the myth \/ ArtFX\" class=\"wp-image-7521\" srcset=\"https:\/\/lafilledecorinthe.com\/wordpress\/wp-content\/uploads\/2016\/08\/making_of_meet_the_myth.jpg 963w, https:\/\/lafilledecorinthe.com\/wordpress\/wp-content\/uploads\/2016\/08\/making_of_meet_the_myth-680x385.jpg 680w, https:\/\/lafilledecorinthe.com\/wordpress\/wp-content\/uploads\/2016\/08\/making_of_meet_the_myth-500x283.jpg 500w\" sizes=\"auto, (max-width: 963px) 100vw, 963px\" \/><\/a><figcaption class=\"wp-element-caption\">\u00ab\u00a0Meet the myth\u00a0\u00bb \/ ArtFX \u00a0 \u00a0 <a href=\"https:\/\/vimeo.com\/69343946\" target=\"_blank\" rel=\"noopener\">\u00a0\u00a0Making of<\/a><\/figcaption><\/figure>\n<\/div>\n\n<div class=\"wp-block-image\">\n<figure class=\"aligncenter\"><a href=\"https:\/\/lafilledecorinthe.com\/wordpress\/wp-content\/uploads\/2016\/08\/luz-recherches-perso-copie.jpg\"><img loading=\"lazy\" decoding=\"async\" width=\"1132\" height=\"1600\" src=\"https:\/\/lafilledecorinthe.com\/wordpress\/wp-content\/uploads\/2016\/08\/luz-recherches-perso-copie.jpg\" alt=\"luz recherches perso copie\" class=\"wp-image-7524\" srcset=\"https:\/\/lafilledecorinthe.com\/wordpress\/wp-content\/uploads\/2016\/08\/luz-recherches-perso-copie.jpg 1132w, https:\/\/lafilledecorinthe.com\/wordpress\/wp-content\/uploads\/2016\/08\/luz-recherches-perso-copie-481x680.jpg 481w, https:\/\/lafilledecorinthe.com\/wordpress\/wp-content\/uploads\/2016\/08\/luz-recherches-perso-copie-906x1280.jpg 906w, https:\/\/lafilledecorinthe.com\/wordpress\/wp-content\/uploads\/2016\/08\/luz-recherches-perso-copie-212x300.jpg 212w\" sizes=\"auto, (max-width: 1132px) 100vw, 1132px\" \/><\/a><figcaption class=\"wp-element-caption\">\u00ab\u00a0Luz\u00a0\u00bb \/ Ecole Pivaut, d&rsquo;autres<a href=\"http:\/\/luzsun.blogspot.fr\/\" target=\"_blank\" rel=\"noopener\"> images<\/a><\/figcaption><\/figure>\n<\/div>\n\n<div class=\"wp-block-image\">\n<figure class=\"aligncenter\"><a href=\"https:\/\/lafilledecorinthe.com\/wordpress\/wp-content\/uploads\/2016\/08\/Les_pieds_verts.jpg\"><img loading=\"lazy\" decoding=\"async\" width=\"963\" height=\"549\" src=\"https:\/\/lafilledecorinthe.com\/wordpress\/wp-content\/uploads\/2016\/08\/Les_pieds_verts.jpg\" alt=\"Les_pieds_verts\" class=\"wp-image-7527\" srcset=\"https:\/\/lafilledecorinthe.com\/wordpress\/wp-content\/uploads\/2016\/08\/Les_pieds_verts.jpg 963w, https:\/\/lafilledecorinthe.com\/wordpress\/wp-content\/uploads\/2016\/08\/Les_pieds_verts-680x388.jpg 680w, https:\/\/lafilledecorinthe.com\/wordpress\/wp-content\/uploads\/2016\/08\/Les_pieds_verts-500x285.jpg 500w\" sizes=\"auto, (max-width: 963px) 100vw, 963px\" \/><\/a><figcaption class=\"wp-element-caption\">\u00ab\u00a0Les pieds verts\u00a0\u00bb \/ La poudri\u00e8re \u00a0 \u00a0 \u00a0<a href=\"https:\/\/vimeo.com\/62411769\" target=\"_blank\" rel=\"noopener\">sc\u00e9nario<\/a><\/figcaption><\/figure>\n<\/div>\n\n\n<figure class=\"wp-block-embed is-type-video is-provider-vimeo wp-block-embed-vimeo wp-embed-aspect-16-9 wp-has-aspect-ratio\"><div class=\"wp-block-embed__wrapper\">\n<iframe loading=\"lazy\" title=\"Pieds verts (EXTRAIT)\" src=\"https:\/\/player.vimeo.com\/video\/51861086?dnt=1&amp;app_id=122963\" width=\"720\" height=\"405\" frameborder=\"0\" allow=\"autoplay; fullscreen; picture-in-picture; clipboard-write; encrypted-media; web-share\" referrerpolicy=\"strict-origin-when-cross-origin\"><\/iframe>\n<\/div><\/figure>\n\n\n<div class=\"wp-block-image\">\n<figure class=\"aligncenter\"><a href=\"https:\/\/lafilledecorinthe.com\/wordpress\/wp-content\/uploads\/2016\/08\/la-sole.jpg\"><img loading=\"lazy\" decoding=\"async\" width=\"500\" height=\"374\" src=\"https:\/\/lafilledecorinthe.com\/wordpress\/wp-content\/uploads\/2016\/08\/la-sole.jpg\" alt=\"la sole\" class=\"wp-image-7533\" srcset=\"https:\/\/lafilledecorinthe.com\/wordpress\/wp-content\/uploads\/2016\/08\/la-sole.jpg 500w, https:\/\/lafilledecorinthe.com\/wordpress\/wp-content\/uploads\/2016\/08\/la-sole-401x300.jpg 401w\" sizes=\"auto, (max-width: 500px) 100vw, 500px\" \/><\/a><figcaption class=\"wp-element-caption\">\u00ab\u00a0La sole, entre l&rsquo;eau et le sable\u00a0\u00bb \/ ENSAD<\/figcaption><\/figure>\n<\/div>\n\n<div class=\"wp-block-image\">\n<figure class=\"aligncenter\"><a href=\"https:\/\/lafilledecorinthe.com\/wordpress\/wp-content\/uploads\/2016\/08\/Forward.jpg\"><img loading=\"lazy\" decoding=\"async\" width=\"640\" height=\"410\" src=\"https:\/\/lafilledecorinthe.com\/wordpress\/wp-content\/uploads\/2016\/08\/Forward.jpg\" alt=\"La fine \u00e9quipe de &quot;Foward, March !&quot; \/ ESMA\" class=\"wp-image-7534\" srcset=\"https:\/\/lafilledecorinthe.com\/wordpress\/wp-content\/uploads\/2016\/08\/Forward.jpg 640w, https:\/\/lafilledecorinthe.com\/wordpress\/wp-content\/uploads\/2016\/08\/Forward-468x300.jpg 468w\" sizes=\"auto, (max-width: 640px) 100vw, 640px\" \/><\/a><figcaption class=\"wp-element-caption\">La fine \u00e9quipe de \u00ab\u00a0Foward, March !\u00a0\u00bb \/ ESMA<\/figcaption><\/figure>\n<\/div>\n\n\n<figure class=\"wp-block-embed is-type-video is-provider-vimeo wp-block-embed-vimeo wp-embed-aspect-16-9 wp-has-aspect-ratio\"><div class=\"wp-block-embed__wrapper\">\n<iframe loading=\"lazy\" title=\"Ang\u00e8le Chiodo, prim\u00e9e au Festival de Clermont Ferrand\" src=\"https:\/\/player.vimeo.com\/video\/37202969?dnt=1&amp;app_id=122963\" width=\"720\" height=\"405\" frameborder=\"0\" allow=\"autoplay; fullscreen; picture-in-picture; clipboard-write; encrypted-media; web-share\" referrerpolicy=\"strict-origin-when-cross-origin\"><\/iframe>\n<\/div><\/figure>\n\n\n<div class=\"wp-block-image\">\n<figure class=\"aligncenter\"><a href=\"https:\/\/lafilledecorinthe.com\/wordpress\/wp-content\/uploads\/2016\/08\/Le\u0301onard-Cohen.jpg\"><img loading=\"lazy\" decoding=\"async\" width=\"900\" height=\"500\" src=\"https:\/\/lafilledecorinthe.com\/wordpress\/wp-content\/uploads\/2016\/08\/Le\u0301onard-Cohen.jpg\" alt=\"&quot;Plato&quot; \/ ENSAD\" class=\"wp-image-7535\" srcset=\"https:\/\/lafilledecorinthe.com\/wordpress\/wp-content\/uploads\/2016\/08\/Le\u0301onard-Cohen.jpg 900w, https:\/\/lafilledecorinthe.com\/wordpress\/wp-content\/uploads\/2016\/08\/Le\u0301onard-Cohen-680x378.jpg 680w, https:\/\/lafilledecorinthe.com\/wordpress\/wp-content\/uploads\/2016\/08\/Le\u0301onard-Cohen-500x278.jpg 500w\" sizes=\"auto, (max-width: 900px) 100vw, 900px\" \/><\/a><figcaption class=\"wp-element-caption\">L\u00e9onard Cohen, EMCA\u00a0\u00bbPlato\u00a0\u00bb \/ ENSAD<\/figcaption><\/figure>\n<\/div>\n\n\n<figure class=\"wp-block-embed is-type-video is-provider-vimeo wp-block-embed-vimeo\"><div class=\"wp-block-embed__wrapper\">\n<iframe loading=\"lazy\" title=\"Plato\" src=\"https:\/\/player.vimeo.com\/video\/29504730?dnt=1&amp;app_id=122963\" width=\"720\" height=\"480\" frameborder=\"0\" allow=\"autoplay; fullscreen; picture-in-picture; clipboard-write; encrypted-media; web-share\" referrerpolicy=\"strict-origin-when-cross-origin\"><\/iframe>\n<\/div><\/figure>\n\n\n<div class=\"wp-block-image\">\n<figure class=\"aligncenter\"><a href=\"https:\/\/lafilledecorinthe.com\/wordpress\/wp-content\/uploads\/2016\/08\/Affiche.jpg\"><img loading=\"lazy\" decoding=\"async\" width=\"1000\" height=\"1363\" src=\"https:\/\/lafilledecorinthe.com\/wordpress\/wp-content\/uploads\/2016\/08\/Affiche.jpg\" alt=\"Affiche\" class=\"wp-image-7537\" srcset=\"https:\/\/lafilledecorinthe.com\/wordpress\/wp-content\/uploads\/2016\/08\/Affiche.jpg 1000w, https:\/\/lafilledecorinthe.com\/wordpress\/wp-content\/uploads\/2016\/08\/Affiche-499x680.jpg 499w, https:\/\/lafilledecorinthe.com\/wordpress\/wp-content\/uploads\/2016\/08\/Affiche-939x1280.jpg 939w, https:\/\/lafilledecorinthe.com\/wordpress\/wp-content\/uploads\/2016\/08\/Affiche-220x300.jpg 220w\" sizes=\"auto, (max-width: 1000px) 100vw, 1000px\" \/><\/a><figcaption class=\"wp-element-caption\">\u00ab\u00a0Franck Krabi\u00a0\u00bb \/ EMCA<\/figcaption><\/figure>\n<\/div>","protected":false},"excerpt":{"rendered":"<p>L&rsquo;AFCA a concoct\u00e9 avec la complicit\u00e9 du R\u00e9seau des Ecoles fran\u00e7aises de Cin\u00e9ma d&rsquo;Animation (RECA) un programme de huit courts m\u00e9trages qui met \u00e0 l&rsquo;honneur le travail des \u00e9tudiants. Huit films de fin d&rsquo;\u00e9tudes r\u00e9alis\u00e9s entre 2010 et 2014 qui brillent par leur diversit\u00e9 tant au niveau des genres et des techniques\u00a0que\u00a0des styles\u00a0explor\u00e9s.Les\u00a0talents individuels et&#8230;<\/p>\n","protected":false},"author":2,"featured_media":7530,"comment_status":"open","ping_status":"open","sticky":false,"template":"","format":"standard","meta":{"_kad_post_transparent":"","_kad_post_title":"","_kad_post_layout":"","_kad_post_sidebar_id":"","_kad_post_content_style":"","_kad_post_vertical_padding":"","_kad_post_feature":"","_kad_post_feature_position":"","_kad_post_header":false,"_kad_post_footer":false,"_kad_post_classname":"","footnotes":""},"categories":[6],"tags":[1294,1302,1304,1299,1300,1298,1297,1296,307,1301,1303,1295],"class_list":["post-7513","post","type-post","status-publish","format-standard","has-post-thumbnail","hentry","category-blog","tag-a-bonne-ecole","tag-foward","tag-franck-krabi","tag-les-pieds-verts","tag-les-pieds-verts-la-poudriere-scenario-vimeo-131226875-la-sole-la-sole","tag-luz","tag-meet-the-myth","tag-rhapsodie-pour-un-pot-au-feu","tag-afca","tag-entre-leau-et-le-sable","tag-march","tag-reca"],"_links":{"self":[{"href":"https:\/\/lafilledecorinthe.com\/wordpress\/wp-json\/wp\/v2\/posts\/7513","targetHints":{"allow":["GET"]}}],"collection":[{"href":"https:\/\/lafilledecorinthe.com\/wordpress\/wp-json\/wp\/v2\/posts"}],"about":[{"href":"https:\/\/lafilledecorinthe.com\/wordpress\/wp-json\/wp\/v2\/types\/post"}],"author":[{"embeddable":true,"href":"https:\/\/lafilledecorinthe.com\/wordpress\/wp-json\/wp\/v2\/users\/2"}],"replies":[{"embeddable":true,"href":"https:\/\/lafilledecorinthe.com\/wordpress\/wp-json\/wp\/v2\/comments?post=7513"}],"version-history":[{"count":27,"href":"https:\/\/lafilledecorinthe.com\/wordpress\/wp-json\/wp\/v2\/posts\/7513\/revisions"}],"predecessor-version":[{"id":15387,"href":"https:\/\/lafilledecorinthe.com\/wordpress\/wp-json\/wp\/v2\/posts\/7513\/revisions\/15387"}],"wp:featuredmedia":[{"embeddable":true,"href":"https:\/\/lafilledecorinthe.com\/wordpress\/wp-json\/wp\/v2\/media\/7530"}],"wp:attachment":[{"href":"https:\/\/lafilledecorinthe.com\/wordpress\/wp-json\/wp\/v2\/media?parent=7513"}],"wp:term":[{"taxonomy":"category","embeddable":true,"href":"https:\/\/lafilledecorinthe.com\/wordpress\/wp-json\/wp\/v2\/categories?post=7513"},{"taxonomy":"post_tag","embeddable":true,"href":"https:\/\/lafilledecorinthe.com\/wordpress\/wp-json\/wp\/v2\/tags?post=7513"}],"curies":[{"name":"wp","href":"https:\/\/api.w.org\/{rel}","templated":true}]}}