{"id":7456,"date":"2016-07-05T20:21:39","date_gmt":"2016-07-05T19:21:39","guid":{"rendered":"http:\/\/lafilledecorinthe.com\/wordpress\/?p=7456"},"modified":"2025-12-10T13:39:59","modified_gmt":"2025-12-10T12:39:59","slug":"georges-rousse-au-festival-du-regard","status":"publish","type":"post","link":"https:\/\/lafilledecorinthe.com\/wordpress\/2016\/07\/georges-rousse-au-festival-du-regard\/","title":{"rendered":"Georges Rousse au Festival du regard"},"content":{"rendered":"\n<p>Un lieu exceptionnel, le Man\u00e8ge Royal de Saint-Germain-en-Laye, accueille, le temps du <a href=\"http:\/\/www.festivalduregard.fr\/\" target=\"_blank\" rel=\"noopener\">Festival du regard<\/a>, 12&nbsp;images au format imposant de l&rsquo;artiste Georges Rousse. Nous sommes envahis&nbsp;par un sentiment de beaut\u00e9 et de pl\u00e9nitude ; est-ce l&rsquo;espace qui magnifie les oeuvres ou est-ce&nbsp;le lieu qui est&nbsp;magnifi\u00e9 par elles ? Depuis les ann\u00e9es 80, Georges Rousse&nbsp;d\u00e9veloppe une pratique artistique singuli\u00e8re, il cr\u00e9e des anamorphoses dans des lieux d\u00e9saffect\u00e9s. Il rend compte de son intervention uniquement&nbsp;par la photographie, les lieux n&rsquo;\u00e9tant pas accessibles au public. Seul le point de vue photographique r\u00e9unit les formes \u00e9clat\u00e9es et dispers\u00e9es dans l&rsquo;espace investi. Deux anamorphoses r\u00e9centes r\u00e9alis\u00e9es gr\u00e2ce \u00e0 la technique du collage compl\u00e8tent cette r\u00e9trospective des premi\u00e8res oeuvres picturales.<\/p>\n\n\n<div class=\"wp-block-image\">\n<figure class=\"aligncenter\"><a href=\"https:\/\/lafilledecorinthe.com\/wordpress\/wp-content\/uploads\/2016\/07\/R2.jpg\"><img loading=\"lazy\" decoding=\"async\" width=\"3264\" height=\"2448\" src=\"https:\/\/lafilledecorinthe.com\/wordpress\/wp-content\/uploads\/2016\/07\/R2.jpg\" alt=\"Bercy 1985\" class=\"wp-image-7458\" srcset=\"https:\/\/lafilledecorinthe.com\/wordpress\/wp-content\/uploads\/2016\/07\/R2.jpg 3264w, https:\/\/lafilledecorinthe.com\/wordpress\/wp-content\/uploads\/2016\/07\/R2-680x510.jpg 680w, https:\/\/lafilledecorinthe.com\/wordpress\/wp-content\/uploads\/2016\/07\/R2-1280x960.jpg 1280w, https:\/\/lafilledecorinthe.com\/wordpress\/wp-content\/uploads\/2016\/07\/R2-400x300.jpg 400w\" sizes=\"auto, (max-width: 3264px) 100vw, 3264px\" \/><\/a><figcaption class=\"wp-element-caption\">Bercy, 1985\u00a0 \u00a0 \u00a0 \u00a0 \u00a0 \u00a0 \u00a0 \u00a0 \u00a0 \u00a0 \u00a0\u00a0<em>\u00a0 \u00a0 \u00a0 \u00a0 \u00a0 \u00a0 \u00a0 \u00a0 \u00a0 \u00a0 \u00a0 \u00a0 \u00a0 \u00a0 \u00a0 \u00a0 \u00a0 \u00a0 \u00a0 \u00a0 \u00a0 \u00a0 \u00a0 \u00a0 \u00a0 \u00a0 \u00a0 \u00a0\u00a0<\/em><\/figcaption><\/figure>\n<\/div>\n\n<div class=\"wp-block-image\">\n<figure class=\"aligncenter\"><a href=\"https:\/\/lafilledecorinthe.com\/wordpress\/wp-content\/uploads\/2016\/07\/R3.jpg\"><img loading=\"lazy\" decoding=\"async\" width=\"3264\" height=\"2448\" src=\"https:\/\/lafilledecorinthe.com\/wordpress\/wp-content\/uploads\/2016\/07\/R3.jpg\" alt=\"R3\" class=\"wp-image-7459\" srcset=\"https:\/\/lafilledecorinthe.com\/wordpress\/wp-content\/uploads\/2016\/07\/R3.jpg 3264w, https:\/\/lafilledecorinthe.com\/wordpress\/wp-content\/uploads\/2016\/07\/R3-680x510.jpg 680w, https:\/\/lafilledecorinthe.com\/wordpress\/wp-content\/uploads\/2016\/07\/R3-1280x960.jpg 1280w, https:\/\/lafilledecorinthe.com\/wordpress\/wp-content\/uploads\/2016\/07\/R3-400x300.jpg 400w\" sizes=\"auto, (max-width: 3264px) 100vw, 3264px\" \/><\/a><figcaption class=\"wp-element-caption\">Argentan, 1997<\/figcaption><\/figure>\n<\/div>\n\n<div class=\"wp-block-image\">\n<figure class=\"aligncenter\"><a href=\"https:\/\/lafilledecorinthe.com\/wordpress\/wp-content\/uploads\/2016\/07\/R6.jpg\"><img loading=\"lazy\" decoding=\"async\" width=\"3264\" height=\"2448\" src=\"https:\/\/lafilledecorinthe.com\/wordpress\/wp-content\/uploads\/2016\/07\/R6.jpg\" alt=\"Abbaye-de-Fontevraud, 1985\" class=\"wp-image-7460\" srcset=\"https:\/\/lafilledecorinthe.com\/wordpress\/wp-content\/uploads\/2016\/07\/R6.jpg 3264w, https:\/\/lafilledecorinthe.com\/wordpress\/wp-content\/uploads\/2016\/07\/R6-680x510.jpg 680w, https:\/\/lafilledecorinthe.com\/wordpress\/wp-content\/uploads\/2016\/07\/R6-1280x960.jpg 1280w, https:\/\/lafilledecorinthe.com\/wordpress\/wp-content\/uploads\/2016\/07\/R6-400x300.jpg 400w\" sizes=\"auto, (max-width: 3264px) 100vw, 3264px\" \/><\/a><figcaption class=\"wp-element-caption\">Abbaye-de-Fontevraud, 1985<\/figcaption><\/figure>\n<\/div>\n\n<div class=\"wp-block-image\">\n<figure class=\"aligncenter\"><a href=\"https:\/\/lafilledecorinthe.com\/wordpress\/wp-content\/uploads\/2016\/07\/R5.jpg\"><img loading=\"lazy\" decoding=\"async\" width=\"3264\" height=\"2448\" src=\"https:\/\/lafilledecorinthe.com\/wordpress\/wp-content\/uploads\/2016\/07\/R5.jpg\" alt=\"Anglards, 2016\" class=\"wp-image-7461\" srcset=\"https:\/\/lafilledecorinthe.com\/wordpress\/wp-content\/uploads\/2016\/07\/R5.jpg 3264w, https:\/\/lafilledecorinthe.com\/wordpress\/wp-content\/uploads\/2016\/07\/R5-680x510.jpg 680w, https:\/\/lafilledecorinthe.com\/wordpress\/wp-content\/uploads\/2016\/07\/R5-1280x960.jpg 1280w, https:\/\/lafilledecorinthe.com\/wordpress\/wp-content\/uploads\/2016\/07\/R5-400x300.jpg 400w\" sizes=\"auto, (max-width: 3264px) 100vw, 3264px\" \/><\/a><figcaption class=\"wp-element-caption\">Anglards, 2016<\/figcaption><\/figure>\n<\/div>\n\n\n<p>Un film passionnant pour d\u00e9couvrir le processus de cr\u00e9ation des installations de Georges Rousse r\u00e9alis\u00e9 lors de son intervention dans la base sous-marine de Bordeaux en 2014.<\/p>\n\n\n\n<figure class=\"wp-block-embed is-type-video is-provider-vimeo wp-block-embed-vimeo wp-embed-aspect-16-9 wp-has-aspect-ratio\"><div class=\"wp-block-embed__wrapper\">\n<iframe loading=\"lazy\" title=\"2014 - Georges Rousse : Espace(s) - M\u00e9tamorphoses Po\u00e9tiques\" src=\"https:\/\/player.vimeo.com\/video\/111643342?dnt=1&amp;app_id=122963\" width=\"720\" height=\"405\" frameborder=\"0\" allow=\"autoplay; fullscreen; picture-in-picture; clipboard-write; encrypted-media; web-share\" referrerpolicy=\"strict-origin-when-cross-origin\"><\/iframe>\n<\/div><\/figure>\n","protected":false},"excerpt":{"rendered":"<p>Un lieu exceptionnel, le Man\u00e8ge Royal de Saint-Germain-en-Laye, accueille, le temps du Festival du regard, 12&nbsp;images au format imposant de l&rsquo;artiste Georges Rousse. Nous sommes envahis&nbsp;par un sentiment de beaut\u00e9 et de pl\u00e9nitude ; est-ce l&rsquo;espace qui magnifie les oeuvres ou est-ce&nbsp;le lieu qui est&nbsp;magnifi\u00e9 par elles ? Depuis les ann\u00e9es 80, Georges Rousse&nbsp;d\u00e9veloppe une&#8230;<\/p>\n","protected":false},"author":2,"featured_media":7457,"comment_status":"open","ping_status":"open","sticky":false,"template":"","format":"standard","meta":{"_kad_post_transparent":"","_kad_post_title":"","_kad_post_layout":"","_kad_post_sidebar_id":"","_kad_post_content_style":"","_kad_post_vertical_padding":"","_kad_post_feature":"","_kad_post_feature_position":"","_kad_post_header":false,"_kad_post_footer":false,"_kad_post_classname":"","footnotes":""},"categories":[6],"tags":[279,1280,148,1281,1282],"class_list":["post-7456","post","type-post","status-publish","format-standard","has-post-thumbnail","hentry","category-blog","tag-anamorphose","tag-festival-du-regard","tag-georges-rousse","tag-manege-royal","tag-saint-germain-en-laye"],"_links":{"self":[{"href":"https:\/\/lafilledecorinthe.com\/wordpress\/wp-json\/wp\/v2\/posts\/7456","targetHints":{"allow":["GET"]}}],"collection":[{"href":"https:\/\/lafilledecorinthe.com\/wordpress\/wp-json\/wp\/v2\/posts"}],"about":[{"href":"https:\/\/lafilledecorinthe.com\/wordpress\/wp-json\/wp\/v2\/types\/post"}],"author":[{"embeddable":true,"href":"https:\/\/lafilledecorinthe.com\/wordpress\/wp-json\/wp\/v2\/users\/2"}],"replies":[{"embeddable":true,"href":"https:\/\/lafilledecorinthe.com\/wordpress\/wp-json\/wp\/v2\/comments?post=7456"}],"version-history":[{"count":11,"href":"https:\/\/lafilledecorinthe.com\/wordpress\/wp-json\/wp\/v2\/posts\/7456\/revisions"}],"predecessor-version":[{"id":15430,"href":"https:\/\/lafilledecorinthe.com\/wordpress\/wp-json\/wp\/v2\/posts\/7456\/revisions\/15430"}],"wp:featuredmedia":[{"embeddable":true,"href":"https:\/\/lafilledecorinthe.com\/wordpress\/wp-json\/wp\/v2\/media\/7457"}],"wp:attachment":[{"href":"https:\/\/lafilledecorinthe.com\/wordpress\/wp-json\/wp\/v2\/media?parent=7456"}],"wp:term":[{"taxonomy":"category","embeddable":true,"href":"https:\/\/lafilledecorinthe.com\/wordpress\/wp-json\/wp\/v2\/categories?post=7456"},{"taxonomy":"post_tag","embeddable":true,"href":"https:\/\/lafilledecorinthe.com\/wordpress\/wp-json\/wp\/v2\/tags?post=7456"}],"curies":[{"name":"wp","href":"https:\/\/api.w.org\/{rel}","templated":true}]}}