{"id":7421,"date":"2016-06-23T07:39:08","date_gmt":"2016-06-23T06:39:08","guid":{"rendered":"http:\/\/lafilledecorinthe.com\/wordpress\/?p=7421"},"modified":"2025-12-10T17:30:48","modified_gmt":"2025-12-10T16:30:48","slug":"michele-lemieux-le-tout-et-la-partie","status":"publish","type":"post","link":"https:\/\/lafilledecorinthe.com\/wordpress\/2016\/06\/michele-lemieux-le-tout-et-la-partie\/","title":{"rendered":"Mich\u00e8le Lemieux, Le tout et la partie&#8230;"},"content":{"rendered":"\n<p>Mich\u00e8le Lemieux est l&rsquo;une des rares artistes&nbsp;\u00e0&nbsp;ma\u00eetriser&nbsp;cet instrument incroyable qu&rsquo;est l&rsquo;\u00e9cran d&rsquo;\u00e9pingles. Auteur reconnue d&rsquo;albums pour enfants et professeur de dessin et d&rsquo;illustration \u00e0 l&rsquo;\u00e9cole de design de l&rsquo;universit\u00e9 du Qu\u00e9bec, elle entre dans le monde du cin\u00e9ma d&rsquo;animation lorsque l&rsquo;ONF lui propose d&rsquo;adapter son livre, <a href=\"https:\/\/www.livresouverts.qc.ca\/index.php?p=il&amp;lo=47709\" target=\"_blank\" rel=\"noopener\"><em>Une nuit d&rsquo;orage<\/em><\/a>. Ce&nbsp;tr\u00e8s bel album alterne des phrases percutantes et des dessins en noir et blanc. Chaque double page traduit&nbsp;les interrogations&nbsp;d&rsquo;une petite fille sur le sens de la vie&#8230;<\/p>\n\n\n<div class=\"wp-block-image\">\n<figure class=\"aligncenter\"><a href=\"https:\/\/lafilledecorinthe.com\/wordpress\/wp-content\/uploads\/2016\/06\/IMG_3833.jpg\"><img loading=\"lazy\" decoding=\"async\" width=\"2760\" height=\"1972\" src=\"https:\/\/lafilledecorinthe.com\/wordpress\/wp-content\/uploads\/2016\/06\/IMG_3833.jpg\" alt=\"IMG_3833\" class=\"wp-image-7430\" srcset=\"https:\/\/lafilledecorinthe.com\/wordpress\/wp-content\/uploads\/2016\/06\/IMG_3833.jpg 2760w, https:\/\/lafilledecorinthe.com\/wordpress\/wp-content\/uploads\/2016\/06\/IMG_3833-680x486.jpg 680w, https:\/\/lafilledecorinthe.com\/wordpress\/wp-content\/uploads\/2016\/06\/IMG_3833-1280x915.jpg 1280w, https:\/\/lafilledecorinthe.com\/wordpress\/wp-content\/uploads\/2016\/06\/IMG_3833-420x300.jpg 420w\" sizes=\"auto, (max-width: 2760px) 100vw, 2760px\" \/><\/a><figcaption class=\"wp-element-caption\"><em>Imagine si on pouvait changer de corps<\/em>&#8230; Extrait d'\u00a0\u00bbUne nuit d&rsquo;orage\u00a0\u00bb, 400 coups, 2013 (premi\u00e8re \u00e9dition 1996)<\/figcaption><\/figure>\n<\/div>\n\n\n<p>En 2003, elle r\u00e9alise son <a href=\"https:\/\/www.nfb.ca\/film\/nuit_dorage\/\" target=\"_blank\" rel=\"noopener\">premier court m\u00e9trage<\/a>. Le mouvement, la couleur et le son s&rsquo;invitent dans sa ballade philosophique et po\u00e9tique. Elle rencontre alors le cin\u00e9aste <a href=\"https:\/\/www.nfb.ca\/explore-all-directors\/jacques-drouin\/\" target=\"_blank\" rel=\"noopener\">Jacques Drouin<\/a> qui l&rsquo;initie \u00e0 l&rsquo;\u00e9cran d&rsquo;\u00e9pingles. En 2012, elle sort son deuxi\u00e8me&nbsp;court m\u00e9trage r\u00e9alis\u00e9 avec cette technique d&rsquo;orf\u00e8vre, <em>Le grand ailleurs et le petit ici<\/em>.<\/p>\n\n\n\n<p>L&rsquo;exposition qui lui est consacr\u00e9e au Centre culturel canadien est remarquable. Orchestr\u00e9e par la photographe Angela Grauerholz, elle se d\u00e9ploie sur deux espaces. Le rez-de-chauss\u00e9e&nbsp;pr\u00e9sente sa m\u00e9thode&nbsp;de travail : les lectures qui l&rsquo;accompagnent, son m\u00e9tier d&rsquo;enseignante et surtout des centaines de dessins et de notes.<\/p>\n\n\n<div class=\"wp-block-image\">\n<figure class=\"aligncenter\"><a href=\"https:\/\/lafilledecorinthe.com\/wordpress\/wp-content\/uploads\/2016\/06\/Reeves.jpg\"><img loading=\"lazy\" decoding=\"async\" width=\"3264\" height=\"2448\" src=\"https:\/\/lafilledecorinthe.com\/wordpress\/wp-content\/uploads\/2016\/06\/Reeves.jpg\" alt=\"Reeves\" class=\"wp-image-7438\" srcset=\"https:\/\/lafilledecorinthe.com\/wordpress\/wp-content\/uploads\/2016\/06\/Reeves.jpg 3264w, https:\/\/lafilledecorinthe.com\/wordpress\/wp-content\/uploads\/2016\/06\/Reeves-680x510.jpg 680w, https:\/\/lafilledecorinthe.com\/wordpress\/wp-content\/uploads\/2016\/06\/Reeves-1280x960.jpg 1280w, https:\/\/lafilledecorinthe.com\/wordpress\/wp-content\/uploads\/2016\/06\/Reeves-400x300.jpg 400w\" sizes=\"auto, (max-width: 3264px) 100vw, 3264px\" \/><\/a><figcaption class=\"wp-element-caption\">Mais aussi Bachelard, Jung, Borges, Calvino, Kentridge&#8230;<\/figcaption><\/figure>\n<\/div>\n\n<div class=\"wp-block-image\">\n<figure class=\"aligncenter\"><a href=\"https:\/\/lafilledecorinthe.com\/wordpress\/wp-content\/uploads\/2016\/06\/IMG_3877.jpg\"><img loading=\"lazy\" decoding=\"async\" width=\"3264\" height=\"2448\" src=\"https:\/\/lafilledecorinthe.com\/wordpress\/wp-content\/uploads\/2016\/06\/IMG_3877.jpg\" alt=\"IMG_3877\" class=\"wp-image-7440\" srcset=\"https:\/\/lafilledecorinthe.com\/wordpress\/wp-content\/uploads\/2016\/06\/IMG_3877.jpg 3264w, https:\/\/lafilledecorinthe.com\/wordpress\/wp-content\/uploads\/2016\/06\/IMG_3877-680x510.jpg 680w, https:\/\/lafilledecorinthe.com\/wordpress\/wp-content\/uploads\/2016\/06\/IMG_3877-1280x960.jpg 1280w, https:\/\/lafilledecorinthe.com\/wordpress\/wp-content\/uploads\/2016\/06\/IMG_3877-400x300.jpg 400w\" sizes=\"auto, (max-width: 3264px) 100vw, 3264px\" \/><\/a><figcaption class=\"wp-element-caption\">Vid\u00e9o sur un cours de dessin \u00e0 l&rsquo;UQAM de Montr\u00e9al<\/figcaption><\/figure>\n<\/div>\n\n<div class=\"wp-block-image\">\n<figure class=\"aligncenter\"><a href=\"https:\/\/lafilledecorinthe.com\/wordpress\/wp-content\/uploads\/2016\/06\/IMG_3849.jpg\"><img loading=\"lazy\" decoding=\"async\" width=\"3264\" height=\"2448\" src=\"https:\/\/lafilledecorinthe.com\/wordpress\/wp-content\/uploads\/2016\/06\/IMG_3849.jpg\" alt=\"IMG_3849\" class=\"wp-image-7439\" srcset=\"https:\/\/lafilledecorinthe.com\/wordpress\/wp-content\/uploads\/2016\/06\/IMG_3849.jpg 3264w, https:\/\/lafilledecorinthe.com\/wordpress\/wp-content\/uploads\/2016\/06\/IMG_3849-680x510.jpg 680w, https:\/\/lafilledecorinthe.com\/wordpress\/wp-content\/uploads\/2016\/06\/IMG_3849-1280x960.jpg 1280w, https:\/\/lafilledecorinthe.com\/wordpress\/wp-content\/uploads\/2016\/06\/IMG_3849-400x300.jpg 400w\" sizes=\"auto, (max-width: 3264px) 100vw, 3264px\" \/><\/a><figcaption class=\"wp-element-caption\">Hommage \u00e0 d&rsquo;autres artistes : illustrateur, musicien, cin\u00e9aste<\/figcaption><\/figure>\n<\/div>\n\n<div class=\"wp-block-image\">\n<figure class=\"aligncenter\"><a href=\"https:\/\/lafilledecorinthe.com\/wordpress\/wp-content\/uploads\/2016\/06\/IMG_3886.jpg\"><img loading=\"lazy\" decoding=\"async\" width=\"3264\" height=\"2448\" src=\"https:\/\/lafilledecorinthe.com\/wordpress\/wp-content\/uploads\/2016\/06\/IMG_3886.jpg\" alt=\"Une s\u00e9lection de 100 doubles pages extraites des carnets d'esquisses\" class=\"wp-image-7442\" srcset=\"https:\/\/lafilledecorinthe.com\/wordpress\/wp-content\/uploads\/2016\/06\/IMG_3886.jpg 3264w, https:\/\/lafilledecorinthe.com\/wordpress\/wp-content\/uploads\/2016\/06\/IMG_3886-680x510.jpg 680w, https:\/\/lafilledecorinthe.com\/wordpress\/wp-content\/uploads\/2016\/06\/IMG_3886-1280x960.jpg 1280w, https:\/\/lafilledecorinthe.com\/wordpress\/wp-content\/uploads\/2016\/06\/IMG_3886-400x300.jpg 400w\" sizes=\"auto, (max-width: 3264px) 100vw, 3264px\" \/><\/a><figcaption class=\"wp-element-caption\">Une s\u00e9lection de 100 doubles pages extraites de ses carnets d&rsquo;esquisses<\/figcaption><\/figure>\n<\/div>\n\n<div class=\"wp-block-image\">\n<figure class=\"aligncenter\"><a href=\"https:\/\/lafilledecorinthe.com\/wordpress\/wp-content\/uploads\/2016\/06\/Angela.jpg\"><img loading=\"lazy\" decoding=\"async\" width=\"3264\" height=\"2448\" src=\"https:\/\/lafilledecorinthe.com\/wordpress\/wp-content\/uploads\/2016\/06\/Angela.jpg\" alt=\"Dialogue entre la commissaire et l'artiste, deux coll\u00e8gues, deux amies...\" class=\"wp-image-7443\" srcset=\"https:\/\/lafilledecorinthe.com\/wordpress\/wp-content\/uploads\/2016\/06\/Angela.jpg 3264w, https:\/\/lafilledecorinthe.com\/wordpress\/wp-content\/uploads\/2016\/06\/Angela-680x510.jpg 680w, https:\/\/lafilledecorinthe.com\/wordpress\/wp-content\/uploads\/2016\/06\/Angela-1280x960.jpg 1280w, https:\/\/lafilledecorinthe.com\/wordpress\/wp-content\/uploads\/2016\/06\/Angela-400x300.jpg 400w\" sizes=\"auto, (max-width: 3264px) 100vw, 3264px\" \/><\/a><figcaption class=\"wp-element-caption\">Dialogue entre la commissaire et l&rsquo;artiste : deux coll\u00e8gues, deux amies&#8230;<\/figcaption><\/figure>\n<\/div>\n\n\n<p>Les salles de l&rsquo;\u00e9tage, plong\u00e9es dans l&rsquo;obscurit\u00e9, sont d\u00e9di\u00e9es \u00e0 son travail sur l&rsquo;\u00e9cran d&rsquo;\u00e9pingles, elles mettent en valeur le dialogue qu&rsquo;elle&nbsp;entretient avec cet&nbsp;instrument ancien.&nbsp;L&rsquo;usage d&rsquo;une <em>nouvelle&nbsp;et d&rsquo;une ancienne technologie<\/em> lui permet de&nbsp;rendre sensible&nbsp;des th\u00e8mes universels et intemporels.<\/p>\n\n\n<div class=\"wp-block-image\">\n<figure class=\"aligncenter\"><a href=\"https:\/\/lafilledecorinthe.com\/wordpress\/wp-content\/uploads\/2016\/06\/vieux-anciens.jpg\"><img loading=\"lazy\" decoding=\"async\" width=\"3264\" height=\"2448\" src=\"https:\/\/lafilledecorinthe.com\/wordpress\/wp-content\/uploads\/2016\/06\/vieux-anciens.jpg\" alt=\"Vid\u00e9o montrant l'alliance entre l'\u00e9cran d'\u00e9pingles et l'informatique.\" class=\"wp-image-7445\" srcset=\"https:\/\/lafilledecorinthe.com\/wordpress\/wp-content\/uploads\/2016\/06\/vieux-anciens.jpg 3264w, https:\/\/lafilledecorinthe.com\/wordpress\/wp-content\/uploads\/2016\/06\/vieux-anciens-680x510.jpg 680w, https:\/\/lafilledecorinthe.com\/wordpress\/wp-content\/uploads\/2016\/06\/vieux-anciens-1280x960.jpg 1280w, https:\/\/lafilledecorinthe.com\/wordpress\/wp-content\/uploads\/2016\/06\/vieux-anciens-400x300.jpg 400w\" sizes=\"auto, (max-width: 3264px) 100vw, 3264px\" \/><\/a><figcaption class=\"wp-element-caption\">Vid\u00e9o montrant l&rsquo;alliance entre l&rsquo;\u00e9cran d&rsquo;\u00e9pingles et l&rsquo;informatique.<\/figcaption><\/figure>\n<\/div>\n\n\n<p><iframe loading=\"lazy\" title=\"YouTube video player\" src=\"https:\/\/www.youtube.com\/embed\/7EsWmzZiyFA?si=GNcjy3-N2MdBNKwi\" width=\"560\" height=\"315\" frameborder=\"0\" allowfullscreen=\"allowfullscreen\"><\/iframe><\/p>\n\n\n\n<p>Voir le film <em>Le grand&nbsp;Ailleurs et le petit Ici &#8230; <\/em><a href=\"https:\/\/www.youtube.com\/watch?v=rBpaSpV3ljY&amp;t=410s\">ici<br><\/a><\/p>\n\n\n<div class=\"wp-block-image\">\n<figure class=\"aligncenter\"><a href=\"https:\/\/lafilledecorinthe.com\/wordpress\/wp-content\/uploads\/2016\/06\/e\u0301cran-de\u0301pingle.jpg\"><img loading=\"lazy\" decoding=\"async\" width=\"2346\" height=\"1800\" src=\"https:\/\/lafilledecorinthe.com\/wordpress\/wp-content\/uploads\/2016\/06\/e\u0301cran-de\u0301pingle.jpg\" alt=\"e\u0301cran d'e\u0301pingle\" class=\"wp-image-14002\" srcset=\"https:\/\/lafilledecorinthe.com\/wordpress\/wp-content\/uploads\/2016\/06\/e\u0301cran-de\u0301pingle.jpg 2346w, https:\/\/lafilledecorinthe.com\/wordpress\/wp-content\/uploads\/2016\/06\/e\u0301cran-de\u0301pingle-680x522.jpg 680w, https:\/\/lafilledecorinthe.com\/wordpress\/wp-content\/uploads\/2016\/06\/e\u0301cran-de\u0301pingle-1280x982.jpg 1280w, https:\/\/lafilledecorinthe.com\/wordpress\/wp-content\/uploads\/2016\/06\/e\u0301cran-de\u0301pingle-391x300.jpg 391w\" sizes=\"auto, (max-width: 2346px) 100vw, 2346px\" \/><\/a><figcaption class=\"wp-element-caption\">L&rsquo;\u00e9cran d&rsquo;\u00e9pingle avec une image du film \u00ab\u00a0Le Grand Ailleurs et le Petit Ici\u00a0\u00bb<\/figcaption><\/figure>\n<\/div>","protected":false},"excerpt":{"rendered":"<p>Mich\u00e8le Lemieux est l&rsquo;une des rares artistes&nbsp;\u00e0&nbsp;ma\u00eetriser&nbsp;cet instrument incroyable qu&rsquo;est l&rsquo;\u00e9cran d&rsquo;\u00e9pingles. Auteur reconnue d&rsquo;albums pour enfants et professeur de dessin et d&rsquo;illustration \u00e0 l&rsquo;\u00e9cole de design de l&rsquo;universit\u00e9 du Qu\u00e9bec, elle entre dans le monde du cin\u00e9ma d&rsquo;animation lorsque l&rsquo;ONF lui propose d&rsquo;adapter son livre, Une nuit d&rsquo;orage. Ce&nbsp;tr\u00e8s bel album alterne des phrases&#8230;<\/p>\n","protected":false},"author":2,"featured_media":7426,"comment_status":"open","ping_status":"open","sticky":false,"template":"","format":"standard","meta":{"_kad_post_transparent":"","_kad_post_title":"","_kad_post_layout":"","_kad_post_sidebar_id":"","_kad_post_content_style":"","_kad_post_vertical_padding":"","_kad_post_feature":"","_kad_post_feature_position":"","_kad_post_header":false,"_kad_post_footer":false,"_kad_post_classname":"","footnotes":""},"categories":[6],"tags":[1271,1276,1277,1278,1269,1270,1275,1274,84,1279,1273,1268,1267,1223,1272],"class_list":["post-7421","post","type-post","status-publish","format-standard","has-post-thumbnail","hentry","category-blog","tag-alexandre-alexeieff-et-claire-parker","tag-bachelard","tag-borges","tag-calvino","tag-centre-culturel-canadien","tag-ecran-depingles","tag-hubert-reeves","tag-jacques-drouin","tag-jung","tag-kentridge","tag-le-grand-ailleurs-et-le-petit-ici","tag-le-tout-et-la-partie","tag-michele-lemieux","tag-onf","tag-une-nuit-dorage"],"_links":{"self":[{"href":"https:\/\/lafilledecorinthe.com\/wordpress\/wp-json\/wp\/v2\/posts\/7421","targetHints":{"allow":["GET"]}}],"collection":[{"href":"https:\/\/lafilledecorinthe.com\/wordpress\/wp-json\/wp\/v2\/posts"}],"about":[{"href":"https:\/\/lafilledecorinthe.com\/wordpress\/wp-json\/wp\/v2\/types\/post"}],"author":[{"embeddable":true,"href":"https:\/\/lafilledecorinthe.com\/wordpress\/wp-json\/wp\/v2\/users\/2"}],"replies":[{"embeddable":true,"href":"https:\/\/lafilledecorinthe.com\/wordpress\/wp-json\/wp\/v2\/comments?post=7421"}],"version-history":[{"count":27,"href":"https:\/\/lafilledecorinthe.com\/wordpress\/wp-json\/wp\/v2\/posts\/7421\/revisions"}],"predecessor-version":[{"id":15470,"href":"https:\/\/lafilledecorinthe.com\/wordpress\/wp-json\/wp\/v2\/posts\/7421\/revisions\/15470"}],"wp:featuredmedia":[{"embeddable":true,"href":"https:\/\/lafilledecorinthe.com\/wordpress\/wp-json\/wp\/v2\/media\/7426"}],"wp:attachment":[{"href":"https:\/\/lafilledecorinthe.com\/wordpress\/wp-json\/wp\/v2\/media?parent=7421"}],"wp:term":[{"taxonomy":"category","embeddable":true,"href":"https:\/\/lafilledecorinthe.com\/wordpress\/wp-json\/wp\/v2\/categories?post=7421"},{"taxonomy":"post_tag","embeddable":true,"href":"https:\/\/lafilledecorinthe.com\/wordpress\/wp-json\/wp\/v2\/tags?post=7421"}],"curies":[{"name":"wp","href":"https:\/\/api.w.org\/{rel}","templated":true}]}}