{"id":741,"date":"2012-04-30T09:58:41","date_gmt":"2012-04-30T08:58:41","guid":{"rendered":"http:\/\/lafilledecorinthe.com\/wordpress\/?p=741"},"modified":"2025-12-10T17:41:13","modified_gmt":"2025-12-10T16:41:13","slug":"clet-abraham-dans-le-trastevere","status":"publish","type":"post","link":"https:\/\/lafilledecorinthe.com\/wordpress\/2012\/04\/clet-abraham-dans-le-trastevere\/","title":{"rendered":"Clet Abraham dans le Trastevere"},"content":{"rendered":"\n<p>Clin d&rsquo;oeil sympathique des panneaux de signalisation lors d&rsquo;une promenade matinale dans le Trastevere de Rome.<\/p>\n\n\n<div class=\"wp-block-image\">\n<figure class=\"aligncenter\"><img loading=\"lazy\" decoding=\"async\" width=\"1280\" height=\"960\" src=\"https:\/\/lafilledecorinthe.com\/wordpress\/wp-content\/uploads\/2012\/04\/P1040397-1280x960.jpg\" alt=\"\" class=\"wp-image-742\" title=\"P1040397\" srcset=\"https:\/\/lafilledecorinthe.com\/wordpress\/wp-content\/uploads\/2012\/04\/P1040397-1280x960.jpg 1280w, https:\/\/lafilledecorinthe.com\/wordpress\/wp-content\/uploads\/2012\/04\/P1040397-680x510.jpg 680w, https:\/\/lafilledecorinthe.com\/wordpress\/wp-content\/uploads\/2012\/04\/P1040397-400x300.jpg 400w\" sizes=\"auto, (max-width: 1280px) 100vw, 1280px\" \/><\/figure>\n<\/div>\n\n\n<p><\/p>\n\n\n<div class=\"wp-block-image\">\n<figure class=\"aligncenter\"><a href=\"https:\/\/lafilledecorinthe.com\/wordpress\/wp-content\/uploads\/2012\/04\/P1040396.jpg\"><img loading=\"lazy\" decoding=\"async\" width=\"680\" height=\"510\" src=\"https:\/\/lafilledecorinthe.com\/wordpress\/wp-content\/uploads\/2012\/04\/P1040396-680x510.jpg\" alt=\"\" class=\"wp-image-743\" title=\"P1040396\" srcset=\"https:\/\/lafilledecorinthe.com\/wordpress\/wp-content\/uploads\/2012\/04\/P1040396-680x510.jpg 680w, https:\/\/lafilledecorinthe.com\/wordpress\/wp-content\/uploads\/2012\/04\/P1040396-400x300.jpg 400w, https:\/\/lafilledecorinthe.com\/wordpress\/wp-content\/uploads\/2012\/04\/P1040396.jpg 800w\" sizes=\"auto, (max-width: 680px) 100vw, 680px\" \/><\/a><\/figure>\n<\/div>\n\n\n<p><\/p>\n\n\n<div class=\"wp-block-image\">\n<figure class=\"aligncenter\"><a href=\"https:\/\/lafilledecorinthe.com\/wordpress\/wp-content\/uploads\/2012\/04\/P1040394.jpg\"><img loading=\"lazy\" decoding=\"async\" width=\"510\" height=\"680\" src=\"https:\/\/lafilledecorinthe.com\/wordpress\/wp-content\/uploads\/2012\/04\/P1040394-510x680.jpg\" alt=\"\" class=\"wp-image-744\" title=\"P1040394\" srcset=\"https:\/\/lafilledecorinthe.com\/wordpress\/wp-content\/uploads\/2012\/04\/P1040394-510x680.jpg 510w, https:\/\/lafilledecorinthe.com\/wordpress\/wp-content\/uploads\/2012\/04\/P1040394-225x300.jpg 225w, https:\/\/lafilledecorinthe.com\/wordpress\/wp-content\/uploads\/2012\/04\/P1040394.jpg 600w\" sizes=\"auto, (max-width: 510px) 100vw, 510px\" \/><\/a><\/figure>\n<\/div>\n\n\n<p><\/p>\n\n\n\n<p>A notre retour,&nbsp;j&rsquo;apprends que des panneaux identiques ont \u00e9t\u00e9 vus \u00e0 Paris. Petite recherche sur le net pour d\u00e9couvrir le nom de l&rsquo;artiste, il s&rsquo;agit de Clet Abraham, peintre et sculpteur fran\u00e7ais qui vit et travaille en Italie depuis 1990. Il a effectivement aussi d\u00e9pos\u00e9 ses autocollants dans les rues de Paris. Je vais ouvrir l&rsquo;oeil lors de mes prochaines ballades dans la capitale !<\/p>\n\n\n\n<p>Clet Abraham partage sa d\u00e9marche dans cet extrait de la s\u00e9rie documentaire &nbsp; &nbsp; &nbsp; &nbsp; &nbsp; &nbsp; &nbsp; &nbsp; &nbsp; &nbsp;<a href=\"http:\/\/vimeo.com\/36985178\" target=\"_blank\" rel=\"noopener\">\u00ab\u00a0Streetosphere\u00a0\u00bb<\/a> r\u00e9alis\u00e9e par Tanguy Malibert et Quentin Largou\u00ebt.<\/p>\n\n\n\n<p>Comme promis, quelques d\u00e9couvertes parisiennes&#8230;<\/p>\n\n\n<div class=\"wp-block-image\">\n<figure class=\"aligncenter\"><a href=\"https:\/\/lafilledecorinthe.com\/wordpress\/wp-content\/uploads\/2012\/04\/P10700181.jpg\"><img loading=\"lazy\" decoding=\"async\" width=\"800\" height=\"600\" src=\"https:\/\/lafilledecorinthe.com\/wordpress\/wp-content\/uploads\/2012\/04\/P10700181.jpg\" alt=\"P1070018\" class=\"wp-image-2085\" srcset=\"https:\/\/lafilledecorinthe.com\/wordpress\/wp-content\/uploads\/2012\/04\/P10700181.jpg 800w, https:\/\/lafilledecorinthe.com\/wordpress\/wp-content\/uploads\/2012\/04\/P10700181-680x510.jpg 680w, https:\/\/lafilledecorinthe.com\/wordpress\/wp-content\/uploads\/2012\/04\/P10700181-400x300.jpg 400w\" sizes=\"auto, (max-width: 800px) 100vw, 800px\" \/><\/a><\/figure>\n<\/div>\n\n\n<p><\/p>\n\n\n<div class=\"wp-block-image\">\n<figure class=\"aligncenter\"><a href=\"https:\/\/lafilledecorinthe.com\/wordpress\/wp-content\/uploads\/2012\/04\/P1070340.jpg\"><img loading=\"lazy\" decoding=\"async\" width=\"800\" height=\"600\" src=\"https:\/\/lafilledecorinthe.com\/wordpress\/wp-content\/uploads\/2012\/04\/P1070340.jpg\" alt=\"P1070340\" class=\"wp-image-2086\" srcset=\"https:\/\/lafilledecorinthe.com\/wordpress\/wp-content\/uploads\/2012\/04\/P1070340.jpg 800w, https:\/\/lafilledecorinthe.com\/wordpress\/wp-content\/uploads\/2012\/04\/P1070340-680x510.jpg 680w, https:\/\/lafilledecorinthe.com\/wordpress\/wp-content\/uploads\/2012\/04\/P1070340-400x300.jpg 400w\" sizes=\"auto, (max-width: 800px) 100vw, 800px\" \/><\/a><\/figure>\n<\/div>\n\n\n<p><\/p>\n\n\n<div class=\"wp-block-image\">\n<figure class=\"aligncenter\"><a href=\"https:\/\/lafilledecorinthe.com\/wordpress\/wp-content\/uploads\/2012\/04\/P1070338.jpg\"><img loading=\"lazy\" decoding=\"async\" width=\"800\" height=\"600\" src=\"https:\/\/lafilledecorinthe.com\/wordpress\/wp-content\/uploads\/2012\/04\/P1070338.jpg\" alt=\"P1070338\" class=\"wp-image-2087\" srcset=\"https:\/\/lafilledecorinthe.com\/wordpress\/wp-content\/uploads\/2012\/04\/P1070338.jpg 800w, https:\/\/lafilledecorinthe.com\/wordpress\/wp-content\/uploads\/2012\/04\/P1070338-680x510.jpg 680w, https:\/\/lafilledecorinthe.com\/wordpress\/wp-content\/uploads\/2012\/04\/P1070338-400x300.jpg 400w\" sizes=\"auto, (max-width: 800px) 100vw, 800px\" \/><\/a><\/figure>\n<\/div>\n\n\n<p>Clet Abraham a \u00e9t\u00e9 choisi pour r\u00e9aliser l&rsquo;affiche de la manifestation \u00ab\u00a0<a href=\"http:\/\/parisfacecachee.fr\/\" target=\"_blank\" rel=\"noopener\">Paris face cach\u00e9e<\/a>\u00a0\u00bb 2013.<\/p>\n\n\n<div class=\"wp-block-image\">\n<figure class=\"aligncenter\"><a href=\"https:\/\/lafilledecorinthe.com\/wordpress\/wp-content\/uploads\/2012\/04\/paris-face-cachee-2013.jpg\"><img loading=\"lazy\" decoding=\"async\" width=\"400\" height=\"267\" src=\"https:\/\/lafilledecorinthe.com\/wordpress\/wp-content\/uploads\/2012\/04\/paris-face-cachee-2013.jpg\" alt=\"Affiche de Clet Abraham\" class=\"wp-image-2089\"\/><\/a><figcaption class=\"wp-element-caption\">Affiche de Clet Abraham<\/figcaption><\/figure>\n<\/div>","protected":false},"excerpt":{"rendered":"<p>Clin d&rsquo;oeil sympathique des panneaux de signalisation lors d&rsquo;une promenade matinale dans le Trastevere de Rome. A notre retour,&nbsp;j&rsquo;apprends que des panneaux identiques ont \u00e9t\u00e9 vus \u00e0 Paris. Petite recherche sur le net pour d\u00e9couvrir le nom de l&rsquo;artiste, il s&rsquo;agit de Clet Abraham, peintre et sculpteur fran\u00e7ais qui vit et travaille en Italie depuis&#8230;<\/p>\n","protected":false},"author":2,"featured_media":15487,"comment_status":"open","ping_status":"open","sticky":false,"template":"","format":"standard","meta":{"_kad_post_transparent":"","_kad_post_title":"","_kad_post_layout":"","_kad_post_sidebar_id":"","_kad_post_content_style":"","_kad_post_vertical_padding":"","_kad_post_feature":"","_kad_post_feature_position":"","_kad_post_header":false,"_kad_post_footer":false,"_kad_post_classname":"","footnotes":""},"categories":[6,14],"tags":[87,92,91,88,89,328,329,327,90],"class_list":["post-741","post","type-post","status-publish","format-standard","has-post-thumbnail","hentry","category-blog","category-decouvertes-artistes","tag-clet-abraham","tag-largouet","tag-malibert","tag-panneau-detourne","tag-panneaux-de-signalisation","tag-paris","tag-paris-face-cachee","tag-rome","tag-street-art"],"_links":{"self":[{"href":"https:\/\/lafilledecorinthe.com\/wordpress\/wp-json\/wp\/v2\/posts\/741","targetHints":{"allow":["GET"]}}],"collection":[{"href":"https:\/\/lafilledecorinthe.com\/wordpress\/wp-json\/wp\/v2\/posts"}],"about":[{"href":"https:\/\/lafilledecorinthe.com\/wordpress\/wp-json\/wp\/v2\/types\/post"}],"author":[{"embeddable":true,"href":"https:\/\/lafilledecorinthe.com\/wordpress\/wp-json\/wp\/v2\/users\/2"}],"replies":[{"embeddable":true,"href":"https:\/\/lafilledecorinthe.com\/wordpress\/wp-json\/wp\/v2\/comments?post=741"}],"version-history":[{"count":11,"href":"https:\/\/lafilledecorinthe.com\/wordpress\/wp-json\/wp\/v2\/posts\/741\/revisions"}],"predecessor-version":[{"id":15486,"href":"https:\/\/lafilledecorinthe.com\/wordpress\/wp-json\/wp\/v2\/posts\/741\/revisions\/15486"}],"wp:featuredmedia":[{"embeddable":true,"href":"https:\/\/lafilledecorinthe.com\/wordpress\/wp-json\/wp\/v2\/media\/15487"}],"wp:attachment":[{"href":"https:\/\/lafilledecorinthe.com\/wordpress\/wp-json\/wp\/v2\/media?parent=741"}],"wp:term":[{"taxonomy":"category","embeddable":true,"href":"https:\/\/lafilledecorinthe.com\/wordpress\/wp-json\/wp\/v2\/categories?post=741"},{"taxonomy":"post_tag","embeddable":true,"href":"https:\/\/lafilledecorinthe.com\/wordpress\/wp-json\/wp\/v2\/tags?post=741"}],"curies":[{"name":"wp","href":"https:\/\/api.w.org\/{rel}","templated":true}]}}