{"id":7398,"date":"2016-06-17T10:42:44","date_gmt":"2016-06-17T09:42:44","guid":{"rendered":"http:\/\/lafilledecorinthe.com\/wordpress\/?p=7398"},"modified":"2025-12-07T22:03:08","modified_gmt":"2025-12-07T21:03:08","slug":"les-mysterieuses-retrouvailles-avec-deux-classes-de-cm2-de-gennevilliers","status":"publish","type":"post","link":"https:\/\/lafilledecorinthe.com\/wordpress\/2016\/06\/les-mysterieuses-retrouvailles-avec-deux-classes-de-cm2-de-gennevilliers\/","title":{"rendered":"\u00ab\u00a0Les myst\u00e9rieuses retrouvailles\u00a0\u00bb avec deux classes de CM2 de Gennevilliers&#8230;"},"content":{"rendered":"\n<p>Tout commence par le d\u00e9sir de deux enseignantes de travailler sur les contes d\u00e9tourn\u00e9s. Les \u00e9l\u00e8ves lisent, lisent&#8230; Et si \u00e0 leur tour, ils inventaient une histoire originale&#8230; Et si cette histoire devenait le sc\u00e9nario d&rsquo;un film d&rsquo;animation&#8230; Et si tous ensemble, ils r\u00e9alisaient ce film&#8230; Une bonne f\u00e9e, conseill\u00e8re p\u00e9dagogique, se penche alors sur\u00a0ce projet et l&rsquo;aide \u00e0 se concr\u00e9tiser.<br>Un dossier PEAC (Projet d&rsquo;Education Artistique et Culturelle) est d\u00e9pos\u00e9 et\u00a0les partenaires sont recherch\u00e9s&#8230;<\/p>\n\n\n\n<p>Je suis contact\u00e9e pour apporter un accompagnement&nbsp;technique et artistique lors d&rsquo;interventions&nbsp;ponctuelles&#8230;<\/p>\n\n\n<div class=\"wp-block-image\">\n<figure class=\"aligncenter\"><a href=\"https:\/\/lafilledecorinthe.com\/wordpress\/wp-content\/uploads\/2016\/06\/1.jpg\"><img loading=\"lazy\" decoding=\"async\" width=\"2352\" height=\"1696\" src=\"https:\/\/lafilledecorinthe.com\/wordpress\/wp-content\/uploads\/2016\/06\/1.jpg\" alt=\"1\" class=\"wp-image-7403\" srcset=\"https:\/\/lafilledecorinthe.com\/wordpress\/wp-content\/uploads\/2016\/06\/1.jpg 2352w, https:\/\/lafilledecorinthe.com\/wordpress\/wp-content\/uploads\/2016\/06\/1-680x490.jpg 680w, https:\/\/lafilledecorinthe.com\/wordpress\/wp-content\/uploads\/2016\/06\/1-1280x923.jpg 1280w, https:\/\/lafilledecorinthe.com\/wordpress\/wp-content\/uploads\/2016\/06\/1-416x300.jpg 416w\" sizes=\"auto, (max-width: 2352px) 100vw, 2352px\" \/><\/a><figcaption class=\"wp-element-caption\">Premi\u00e8re rencontre &#8211; premi\u00e8re question : pour vous, c&rsquo;est quoi le cin\u00e9ma d&rsquo;animation ?<\/figcaption><\/figure>\n<\/div>\n\n<div class=\"wp-block-image\">\n<figure class=\"aligncenter\"><a href=\"https:\/\/lafilledecorinthe.com\/wordpress\/wp-content\/uploads\/2016\/06\/1-bis.jpg\"><img loading=\"lazy\" decoding=\"async\" width=\"2592\" height=\"1936\" src=\"https:\/\/lafilledecorinthe.com\/wordpress\/wp-content\/uploads\/2016\/06\/1-bis.jpg\" alt=\"R\u00e9alisation d'une mini-s\u00e9quence anim\u00e9e pour comprendre la technique &quot;image par image&quot;\" class=\"wp-image-7404\" srcset=\"https:\/\/lafilledecorinthe.com\/wordpress\/wp-content\/uploads\/2016\/06\/1-bis.jpg 2592w, https:\/\/lafilledecorinthe.com\/wordpress\/wp-content\/uploads\/2016\/06\/1-bis-680x508.jpg 680w, https:\/\/lafilledecorinthe.com\/wordpress\/wp-content\/uploads\/2016\/06\/1-bis-1280x956.jpg 1280w, https:\/\/lafilledecorinthe.com\/wordpress\/wp-content\/uploads\/2016\/06\/1-bis-402x300.jpg 402w\" sizes=\"auto, (max-width: 2592px) 100vw, 2592px\" \/><\/a><figcaption class=\"wp-element-caption\">R\u00e9alisation d&rsquo;une mini-s\u00e9quence anim\u00e9e pour comprendre la technique \u00ab\u00a0image par image\u00a0\u00bb<\/figcaption><\/figure>\n<\/div>\n\n<div class=\"wp-block-image\">\n<figure class=\"aligncenter\"><a href=\"https:\/\/lafilledecorinthe.com\/wordpress\/wp-content\/uploads\/2016\/06\/2.jpg\"><img loading=\"lazy\" decoding=\"async\" width=\"2592\" height=\"1936\" src=\"https:\/\/lafilledecorinthe.com\/wordpress\/wp-content\/uploads\/2016\/06\/2.jpg\" alt=\"2\" class=\"wp-image-7400\" srcset=\"https:\/\/lafilledecorinthe.com\/wordpress\/wp-content\/uploads\/2016\/06\/2.jpg 2592w, https:\/\/lafilledecorinthe.com\/wordpress\/wp-content\/uploads\/2016\/06\/2-680x508.jpg 680w, https:\/\/lafilledecorinthe.com\/wordpress\/wp-content\/uploads\/2016\/06\/2-1280x956.jpg 1280w, https:\/\/lafilledecorinthe.com\/wordpress\/wp-content\/uploads\/2016\/06\/2-402x300.jpg 402w\" sizes=\"auto, (max-width: 2592px) 100vw, 2592px\" \/><\/a><figcaption class=\"wp-element-caption\">Deuxi\u00e8me rencontre &#8211; un petit d\u00e9tour historique avec le pionnier Emile Reynaud pour comprendre l&rsquo;interaction entre les personnages et les d\u00e9cors.<\/figcaption><\/figure>\n<\/div>\n\n<div class=\"wp-block-image\">\n<figure class=\"aligncenter\"><a href=\"https:\/\/lafilledecorinthe.com\/wordpress\/wp-content\/uploads\/2016\/06\/2bis.jpg\"><img loading=\"lazy\" decoding=\"async\" width=\"2592\" height=\"1936\" src=\"https:\/\/lafilledecorinthe.com\/wordpress\/wp-content\/uploads\/2016\/06\/2bis.jpg\" alt=\"Premiers croquis, premi\u00e8res propositions...\" class=\"wp-image-7406\" srcset=\"https:\/\/lafilledecorinthe.com\/wordpress\/wp-content\/uploads\/2016\/06\/2bis.jpg 2592w, https:\/\/lafilledecorinthe.com\/wordpress\/wp-content\/uploads\/2016\/06\/2bis-680x508.jpg 680w, https:\/\/lafilledecorinthe.com\/wordpress\/wp-content\/uploads\/2016\/06\/2bis-1280x956.jpg 1280w, https:\/\/lafilledecorinthe.com\/wordpress\/wp-content\/uploads\/2016\/06\/2bis-402x300.jpg 402w\" sizes=\"auto, (max-width: 2592px) 100vw, 2592px\" \/><\/a><figcaption class=\"wp-element-caption\">Premiers croquis, premi\u00e8res propositions&#8230;<\/figcaption><\/figure>\n<\/div>\n\n<div class=\"wp-block-image\">\n<figure class=\"aligncenter\"><a href=\"https:\/\/lafilledecorinthe.com\/wordpress\/wp-content\/uploads\/2016\/06\/2-ter.jpg\"><img loading=\"lazy\" decoding=\"async\" width=\"2592\" height=\"1936\" src=\"https:\/\/lafilledecorinthe.com\/wordpress\/wp-content\/uploads\/2016\/06\/2-ter.jpg\" alt=\"Les personnages sont cr\u00e9\u00e9s, entre dessin et d\u00e9tournement d'habits de poup\u00e9e... \" class=\"wp-image-7407\" srcset=\"https:\/\/lafilledecorinthe.com\/wordpress\/wp-content\/uploads\/2016\/06\/2-ter.jpg 2592w, https:\/\/lafilledecorinthe.com\/wordpress\/wp-content\/uploads\/2016\/06\/2-ter-680x508.jpg 680w, https:\/\/lafilledecorinthe.com\/wordpress\/wp-content\/uploads\/2016\/06\/2-ter-1280x956.jpg 1280w, https:\/\/lafilledecorinthe.com\/wordpress\/wp-content\/uploads\/2016\/06\/2-ter-402x300.jpg 402w\" sizes=\"auto, (max-width: 2592px) 100vw, 2592px\" \/><\/a><figcaption class=\"wp-element-caption\">Les personnages sont cr\u00e9\u00e9s, entre dessin et d\u00e9tournement d&rsquo;habits de poup\u00e9e&#8230;<\/figcaption><\/figure>\n<\/div>\n\n<div class=\"wp-block-image\">\n<figure class=\"aligncenter\"><a href=\"https:\/\/lafilledecorinthe.com\/wordpress\/wp-content\/uploads\/2016\/06\/3.jpg\"><img loading=\"lazy\" decoding=\"async\" width=\"1899\" height=\"1367\" src=\"https:\/\/lafilledecorinthe.com\/wordpress\/wp-content\/uploads\/2016\/06\/3.jpg\" alt=\"Troisi\u00e8me rencontre.  Les premi\u00e8res sc\u00e8nes sont tourn\u00e9es...\" class=\"wp-image-7408\" srcset=\"https:\/\/lafilledecorinthe.com\/wordpress\/wp-content\/uploads\/2016\/06\/3.jpg 1899w, https:\/\/lafilledecorinthe.com\/wordpress\/wp-content\/uploads\/2016\/06\/3-680x489.jpg 680w, https:\/\/lafilledecorinthe.com\/wordpress\/wp-content\/uploads\/2016\/06\/3-1280x921.jpg 1280w, https:\/\/lafilledecorinthe.com\/wordpress\/wp-content\/uploads\/2016\/06\/3-417x300.jpg 417w\" sizes=\"auto, (max-width: 1899px) 100vw, 1899px\" \/><\/a><figcaption class=\"wp-element-caption\">Troisi\u00e8me rencontre &#8211; Les premi\u00e8res sc\u00e8nes sont tourn\u00e9es&#8230;<\/figcaption><\/figure>\n<\/div>\n\n<div class=\"wp-block-image\">\n<figure class=\"aligncenter\"><a href=\"https:\/\/lafilledecorinthe.com\/wordpress\/wp-content\/uploads\/2016\/06\/3bis.jpg\"><img loading=\"lazy\" decoding=\"async\" width=\"2592\" height=\"1936\" src=\"https:\/\/lafilledecorinthe.com\/wordpress\/wp-content\/uploads\/2016\/06\/3bis.jpg\" alt=\"Barbe Bleue devenu Boubarde prend vie...\" class=\"wp-image-7409\" srcset=\"https:\/\/lafilledecorinthe.com\/wordpress\/wp-content\/uploads\/2016\/06\/3bis.jpg 2592w, https:\/\/lafilledecorinthe.com\/wordpress\/wp-content\/uploads\/2016\/06\/3bis-680x508.jpg 680w, https:\/\/lafilledecorinthe.com\/wordpress\/wp-content\/uploads\/2016\/06\/3bis-1280x956.jpg 1280w, https:\/\/lafilledecorinthe.com\/wordpress\/wp-content\/uploads\/2016\/06\/3bis-402x300.jpg 402w\" sizes=\"auto, (max-width: 2592px) 100vw, 2592px\" \/><\/a><figcaption class=\"wp-element-caption\">Barbe Bleue devenu Boubarde prend vie&#8230;<\/figcaption><\/figure>\n<\/div>\n\n<div class=\"wp-block-image\">\n<figure class=\"aligncenter\"><a href=\"https:\/\/lafilledecorinthe.com\/wordpress\/wp-content\/uploads\/2016\/06\/4.jpg\"><img loading=\"lazy\" decoding=\"async\" width=\"2592\" height=\"1936\" src=\"https:\/\/lafilledecorinthe.com\/wordpress\/wp-content\/uploads\/2016\/06\/4.jpg\" alt=\"Quatri\u00e8me rencontre. Les \u00e9l\u00e8ves sont de plus en plus autonomes.  Sc\u00e8ne apr\u00e8s sc\u00e8ne, le film se construit.\" class=\"wp-image-7411\" srcset=\"https:\/\/lafilledecorinthe.com\/wordpress\/wp-content\/uploads\/2016\/06\/4.jpg 2592w, https:\/\/lafilledecorinthe.com\/wordpress\/wp-content\/uploads\/2016\/06\/4-680x508.jpg 680w, https:\/\/lafilledecorinthe.com\/wordpress\/wp-content\/uploads\/2016\/06\/4-1280x956.jpg 1280w, https:\/\/lafilledecorinthe.com\/wordpress\/wp-content\/uploads\/2016\/06\/4-402x300.jpg 402w\" sizes=\"auto, (max-width: 2592px) 100vw, 2592px\" \/><\/a><figcaption class=\"wp-element-caption\">Quatri\u00e8me rencontre &#8211; Les \u00e9l\u00e8ves sont de plus en plus autonomes. Sc\u00e8ne apr\u00e8s sc\u00e8ne, le film se construit.<\/figcaption><\/figure>\n<\/div>\n\n<div class=\"wp-block-image\">\n<figure class=\"aligncenter\"><a href=\"https:\/\/lafilledecorinthe.com\/wordpress\/wp-content\/uploads\/2016\/06\/4-bis.jpg\"><img loading=\"lazy\" decoding=\"async\" width=\"2350\" height=\"1638\" src=\"https:\/\/lafilledecorinthe.com\/wordpress\/wp-content\/uploads\/2016\/06\/4-bis.jpg\" alt=\"H\u00e9ro\u00efnes de contes de f\u00e9e ou Rock Star ?\" class=\"wp-image-7412\" srcset=\"https:\/\/lafilledecorinthe.com\/wordpress\/wp-content\/uploads\/2016\/06\/4-bis.jpg 2350w, https:\/\/lafilledecorinthe.com\/wordpress\/wp-content\/uploads\/2016\/06\/4-bis-680x474.jpg 680w, https:\/\/lafilledecorinthe.com\/wordpress\/wp-content\/uploads\/2016\/06\/4-bis-1280x892.jpg 1280w, https:\/\/lafilledecorinthe.com\/wordpress\/wp-content\/uploads\/2016\/06\/4-bis-430x300.jpg 430w\" sizes=\"auto, (max-width: 2350px) 100vw, 2350px\" \/><\/a><figcaption class=\"wp-element-caption\">H\u00e9ro\u00efnes de contes de f\u00e9e ou Rock Star ?<\/figcaption><\/figure>\n<\/div>\n\n<div class=\"wp-block-image\">\n<figure class=\"aligncenter\"><a href=\"https:\/\/lafilledecorinthe.com\/wordpress\/wp-content\/uploads\/2016\/06\/5.jpg\"><img loading=\"lazy\" decoding=\"async\" width=\"2592\" height=\"1936\" src=\"https:\/\/lafilledecorinthe.com\/wordpress\/wp-content\/uploads\/2016\/06\/5.jpg\" alt=\"Cinqui\u00e8me rencontre : l'enregistrement des voix\" class=\"wp-image-7413\" srcset=\"https:\/\/lafilledecorinthe.com\/wordpress\/wp-content\/uploads\/2016\/06\/5.jpg 2592w, https:\/\/lafilledecorinthe.com\/wordpress\/wp-content\/uploads\/2016\/06\/5-680x508.jpg 680w, https:\/\/lafilledecorinthe.com\/wordpress\/wp-content\/uploads\/2016\/06\/5-1280x956.jpg 1280w, https:\/\/lafilledecorinthe.com\/wordpress\/wp-content\/uploads\/2016\/06\/5-402x300.jpg 402w\" sizes=\"auto, (max-width: 2592px) 100vw, 2592px\" \/><\/a><figcaption class=\"wp-element-caption\">Cinqui\u00e8me rencontre\u00a0&#8211; l&rsquo;enregistrement des voix<\/figcaption><\/figure>\n<\/div>\n\n<div class=\"wp-block-image\">\n<figure class=\"aligncenter\"><a href=\"https:\/\/lafilledecorinthe.com\/wordpress\/wp-content\/uploads\/2016\/06\/5bis.jpg\"><img loading=\"lazy\" decoding=\"async\" width=\"2592\" height=\"1936\" src=\"https:\/\/lafilledecorinthe.com\/wordpress\/wp-content\/uploads\/2016\/06\/5bis.jpg\" alt=\"Des acteurs se r\u00e9v\u00e8lent.\" class=\"wp-image-7414\" srcset=\"https:\/\/lafilledecorinthe.com\/wordpress\/wp-content\/uploads\/2016\/06\/5bis.jpg 2592w, https:\/\/lafilledecorinthe.com\/wordpress\/wp-content\/uploads\/2016\/06\/5bis-680x508.jpg 680w, https:\/\/lafilledecorinthe.com\/wordpress\/wp-content\/uploads\/2016\/06\/5bis-1280x956.jpg 1280w, https:\/\/lafilledecorinthe.com\/wordpress\/wp-content\/uploads\/2016\/06\/5bis-402x300.jpg 402w\" sizes=\"auto, (max-width: 2592px) 100vw, 2592px\" \/><\/a><figcaption class=\"wp-element-caption\">Des acteurs se r\u00e9v\u00e8lent.<\/figcaption><\/figure>\n<\/div>\n\n\n<p>Les \u00e9l\u00e8ves et leurs enseignantes ont fait vivre au quotidien ce projet jusqu&rsquo;\u00e0 la pr\u00e9sentation du film au cin\u00e9ma de la ville : leur fiert\u00e9 n&rsquo;avait d&rsquo;\u00e9gal que leur investissement.<br>BRAVO !<\/p>\n\n\n<div class=\"wp-block-image\">\n<figure class=\"aligncenter\"><a href=\"https:\/\/lafilledecorinthe.com\/wordpress\/wp-content\/uploads\/2016\/06\/Vigo.jpg\"><img loading=\"lazy\" decoding=\"async\" width=\"3014\" height=\"2002\" src=\"https:\/\/lafilledecorinthe.com\/wordpress\/wp-content\/uploads\/2016\/06\/Vigo.jpg\" alt=\"Toute l'\u00e9quipe au grand complet au cin\u00e9ma Jean Vigo de Genneviliers. 11-06-16\" class=\"wp-image-7418\" srcset=\"https:\/\/lafilledecorinthe.com\/wordpress\/wp-content\/uploads\/2016\/06\/Vigo.jpg 3014w, https:\/\/lafilledecorinthe.com\/wordpress\/wp-content\/uploads\/2016\/06\/Vigo-680x452.jpg 680w, https:\/\/lafilledecorinthe.com\/wordpress\/wp-content\/uploads\/2016\/06\/Vigo-1280x850.jpg 1280w, https:\/\/lafilledecorinthe.com\/wordpress\/wp-content\/uploads\/2016\/06\/Vigo-452x300.jpg 452w\" sizes=\"auto, (max-width: 3014px) 100vw, 3014px\" \/><\/a><figcaption class=\"wp-element-caption\">Toute l&rsquo;\u00e9quipe au grand complet au cin\u00e9ma Jean Vigo de Genneviliers. 11-06-16<\/figcaption><\/figure>\n<\/div>\n\n\n<figure class=\"wp-block-embed is-type-video is-provider-vimeo wp-block-embed-vimeo wp-embed-aspect-16-9 wp-has-aspect-ratio\"><div class=\"wp-block-embed__wrapper\">\n<iframe loading=\"lazy\" title=\"LES MYSTERIEUSES RETROUVAILLES\" src=\"https:\/\/player.vimeo.com\/video\/171693908?dnt=1&amp;app_id=122963\" width=\"720\" height=\"405\" frameborder=\"0\" allow=\"autoplay; fullscreen; picture-in-picture; clipboard-write; encrypted-media; web-share\" referrerpolicy=\"strict-origin-when-cross-origin\"><\/iframe>\n<\/div><\/figure>\n","protected":false},"excerpt":{"rendered":"<p>Tout commence par le d\u00e9sir de deux enseignantes de travailler sur les contes d\u00e9tourn\u00e9s. Les \u00e9l\u00e8ves lisent, lisent&#8230; Et si \u00e0 leur tour, ils inventaient une histoire originale&#8230; Et si cette histoire devenait le sc\u00e9nario d&rsquo;un film d&rsquo;animation&#8230; Et si tous ensemble, ils r\u00e9alisaient ce film&#8230; Une bonne f\u00e9e, conseill\u00e8re p\u00e9dagogique, se penche alors sur\u00a0ce&#8230;<\/p>\n","protected":false},"author":2,"featured_media":15065,"comment_status":"open","ping_status":"open","sticky":false,"template":"","format":"standard","meta":{"_kad_post_transparent":"","_kad_post_title":"","_kad_post_layout":"","_kad_post_sidebar_id":"","_kad_post_content_style":"","_kad_post_vertical_padding":"","_kad_post_feature":"","_kad_post_feature_position":"","_kad_post_header":false,"_kad_post_footer":false,"_kad_post_classname":"","footnotes":""},"categories":[7],"tags":[195,1264,199,122,1266,1265],"class_list":["post-7398","post","type-post","status-publish","format-standard","has-post-thumbnail","hentry","category-ateliers-enfants","tag-atelier-cinema-danimation","tag-contes-detournes","tag-emile-reynaud","tag-gennevilliers","tag-les-mysterieuses-retrouvailles","tag-peac"],"_links":{"self":[{"href":"https:\/\/lafilledecorinthe.com\/wordpress\/wp-json\/wp\/v2\/posts\/7398","targetHints":{"allow":["GET"]}}],"collection":[{"href":"https:\/\/lafilledecorinthe.com\/wordpress\/wp-json\/wp\/v2\/posts"}],"about":[{"href":"https:\/\/lafilledecorinthe.com\/wordpress\/wp-json\/wp\/v2\/types\/post"}],"author":[{"embeddable":true,"href":"https:\/\/lafilledecorinthe.com\/wordpress\/wp-json\/wp\/v2\/users\/2"}],"replies":[{"embeddable":true,"href":"https:\/\/lafilledecorinthe.com\/wordpress\/wp-json\/wp\/v2\/comments?post=7398"}],"version-history":[{"count":14,"href":"https:\/\/lafilledecorinthe.com\/wordpress\/wp-json\/wp\/v2\/posts\/7398\/revisions"}],"predecessor-version":[{"id":7422,"href":"https:\/\/lafilledecorinthe.com\/wordpress\/wp-json\/wp\/v2\/posts\/7398\/revisions\/7422"}],"wp:featuredmedia":[{"embeddable":true,"href":"https:\/\/lafilledecorinthe.com\/wordpress\/wp-json\/wp\/v2\/media\/15065"}],"wp:attachment":[{"href":"https:\/\/lafilledecorinthe.com\/wordpress\/wp-json\/wp\/v2\/media?parent=7398"}],"wp:term":[{"taxonomy":"category","embeddable":true,"href":"https:\/\/lafilledecorinthe.com\/wordpress\/wp-json\/wp\/v2\/categories?post=7398"},{"taxonomy":"post_tag","embeddable":true,"href":"https:\/\/lafilledecorinthe.com\/wordpress\/wp-json\/wp\/v2\/tags?post=7398"}],"curies":[{"name":"wp","href":"https:\/\/api.w.org\/{rel}","templated":true}]}}