{"id":7373,"date":"2016-05-31T14:56:13","date_gmt":"2016-05-31T13:56:13","guid":{"rendered":"http:\/\/lafilledecorinthe.com\/wordpress\/?p=7373"},"modified":"2025-12-07T22:06:53","modified_gmt":"2025-12-07T21:06:53","slug":"le-festival-de-cannes-sinvite-en-classe","status":"publish","type":"post","link":"https:\/\/lafilledecorinthe.com\/wordpress\/2016\/05\/le-festival-de-cannes-sinvite-en-classe\/","title":{"rendered":"Le festival de Cannes s&rsquo;invite en classe !"},"content":{"rendered":"\n<p>339 films sont sortis sur les \u00e9crans fran\u00e7ais depuis le mois de janvier 2016. Face \u00e0 cette proposition abondante,&nbsp;quelles sont les strat\u00e9gies utilis\u00e9es par les spectateurs pour choisir les films qu&rsquo;ils iront d\u00e9couvrir en salle ? Nous avons propos\u00e9 aux enfants d&rsquo;une classe de CM1 de r\u00e9agir devant les trois affiches et les trois bandes-annonces des films d&rsquo;animation s\u00e9lectionn\u00e9s&nbsp;cette ann\u00e9e au festival de&nbsp;Cannes.<\/p>\n\n\n<div class=\"wp-block-image\">\n<figure class=\"aligncenter\"><a href=\"https:\/\/lafilledecorinthe.com\/wordpress\/wp-content\/uploads\/2016\/05\/films.jpg\"><img loading=\"lazy\" decoding=\"async\" width=\"750\" height=\"548\" src=\"https:\/\/lafilledecorinthe.com\/wordpress\/wp-content\/uploads\/2016\/05\/films.jpg\" alt=\"films\" class=\"wp-image-7378\" srcset=\"https:\/\/lafilledecorinthe.com\/wordpress\/wp-content\/uploads\/2016\/05\/films.jpg 750w, https:\/\/lafilledecorinthe.com\/wordpress\/wp-content\/uploads\/2016\/05\/films-680x497.jpg 680w, https:\/\/lafilledecorinthe.com\/wordpress\/wp-content\/uploads\/2016\/05\/films-411x300.jpg 411w\" sizes=\"auto, (max-width: 750px) 100vw, 750px\" \/><\/a><\/figure>\n<\/div>\n\n\n<p>Les enfants ont choisi majoritairement de s&rsquo;exprimer sur \u00ab\u00a0La tortue rouge\u00a0\u00bb de Micha\u00ebl Dudok de Wit. Petite s\u00e9lection de leurs textes :<\/p>\n\n\n<div class=\"wp-block-image\">\n<figure class=\"aligncenter\"><a href=\"https:\/\/lafilledecorinthe.com\/wordpress\/wp-content\/uploads\/2016\/05\/courgette.jpg\"><img loading=\"lazy\" decoding=\"async\" width=\"2448\" height=\"3264\" src=\"https:\/\/lafilledecorinthe.com\/wordpress\/wp-content\/uploads\/2016\/05\/courgette.jpg\" alt=\"courgette\" class=\"wp-image-7380\" srcset=\"https:\/\/lafilledecorinthe.com\/wordpress\/wp-content\/uploads\/2016\/05\/courgette.jpg 2448w, https:\/\/lafilledecorinthe.com\/wordpress\/wp-content\/uploads\/2016\/05\/courgette-510x680.jpg 510w, https:\/\/lafilledecorinthe.com\/wordpress\/wp-content\/uploads\/2016\/05\/courgette-960x1280.jpg 960w, https:\/\/lafilledecorinthe.com\/wordpress\/wp-content\/uploads\/2016\/05\/courgette-225x300.jpg 225w\" sizes=\"auto, (max-width: 2448px) 100vw, 2448px\" \/><\/a><\/figure>\n<\/div>\n\n\n<p><\/p>\n\n\n\n<p>\u00ab\u00a0Au bout de trente secondes, je savais que j&rsquo;allais adorer ce film ! L&rsquo;histoire, la musique et les dessins me semblent PARFAITS ! Un film magnifique \u00e0 voir absolument.\u00a0\u00bb &nbsp; &nbsp; &nbsp; &nbsp; &nbsp; &nbsp; &nbsp; &nbsp; &nbsp; &nbsp; &nbsp; &nbsp; &nbsp; &nbsp; &nbsp; &nbsp; &nbsp; &nbsp; &nbsp; &nbsp; &nbsp; &nbsp; &nbsp; &nbsp; &nbsp; &nbsp; &nbsp; &nbsp; &nbsp; &nbsp; &nbsp; &nbsp; &nbsp; &nbsp; &nbsp; &nbsp; &nbsp; &nbsp; &nbsp; &nbsp; &nbsp; &nbsp; &nbsp; &nbsp; &nbsp; &nbsp; &nbsp; &nbsp; &nbsp; &nbsp; &nbsp; &nbsp; &nbsp; &nbsp; &nbsp; &nbsp; &nbsp; &nbsp; &nbsp; &nbsp; &nbsp; &nbsp; &nbsp; &nbsp; &nbsp; &nbsp; &nbsp; &nbsp; &nbsp;Antonin, 10 ans<\/p>\n\n\n\n<p>\u00a0\u00bb C&rsquo;est \u00ab\u00a0La tortue rouge\u00a0\u00bb que j&rsquo;ai envie d&rsquo;aller voir ! Car&#8230; j&rsquo;ai vu beaucoup de tortue mais jamais de rouge ! La bande annonce me rappelle aussi une super BD qui parle d&rsquo;un naufrage, Paola Cruso\u00e9. Enfin, je suis vraiment intrigu\u00e9e par la femme qui sort de l&rsquo;eau. Pas vous ? &nbsp; &nbsp; &nbsp; &nbsp; &nbsp; &nbsp; &nbsp; &nbsp; &nbsp; &nbsp; &nbsp; &nbsp; &nbsp; &nbsp; &nbsp; &nbsp; &nbsp; &nbsp; &nbsp; &nbsp; &nbsp; &nbsp; &nbsp; &nbsp; &nbsp; &nbsp; &nbsp; &nbsp; &nbsp; &nbsp; &nbsp; &nbsp; &nbsp; &nbsp; &nbsp; &nbsp; &nbsp; &nbsp; &nbsp; &nbsp; &nbsp; &nbsp; &nbsp; &nbsp; &nbsp; &nbsp; &nbsp; Camille, 9 ans<\/p>\n\n\n<div class=\"wp-block-image\">\n<figure class=\"aligncenter\"><a href=\"https:\/\/lafilledecorinthe.com\/wordpress\/wp-content\/uploads\/2016\/05\/paola.jpg\"><img loading=\"lazy\" decoding=\"async\" width=\"270\" height=\"364\" src=\"https:\/\/lafilledecorinthe.com\/wordpress\/wp-content\/uploads\/2016\/05\/paola.jpg\" alt=\"paola\" class=\"wp-image-7381\" srcset=\"https:\/\/lafilledecorinthe.com\/wordpress\/wp-content\/uploads\/2016\/05\/paola.jpg 270w, https:\/\/lafilledecorinthe.com\/wordpress\/wp-content\/uploads\/2016\/05\/paola-223x300.jpg 223w\" sizes=\"auto, (max-width: 270px) 100vw, 270px\" \/><\/a><\/figure>\n<\/div>\n\n\n<p>\u00ab\u00a0Je choisis \u00ab\u00a0La tortue rouge\u00a0\u00bb. La bande annonce montre vraiment qu&rsquo;il y a une histoire profonde. Les deux autres bandes annonces ne montrent que le d\u00e9but du film&#8230; J&rsquo;ai envie d&rsquo;aller voir ce film car je crois que le couple a eu un enfant qu&rsquo;ils ont perdu. J&rsquo;aimerais bien savoir s&rsquo;ils vont le retrouver&#8230;\u00a0\u00bb &nbsp; &nbsp; &nbsp; &nbsp; &nbsp; &nbsp; &nbsp; &nbsp; &nbsp; &nbsp; &nbsp; &nbsp; &nbsp; &nbsp; &nbsp; &nbsp; &nbsp; &nbsp;Sienna, 10 ans<\/p>\n\n\n\n<p>\u00ab\u00a0Je pr\u00e9f\u00e8re \u00ab\u00a0La tortue rouge\u00a0\u00bb car j&rsquo;aime bien les histoires de survie dans la nature. L&rsquo;homme doit se d\u00e9brouiller tout seul sur une \u00eele d\u00e9serte. Il rencontre une femme et ils ont un enfant. Ce que je pr\u00e9f\u00e8re par dessus tout c&rsquo;est le c\u00f4t\u00e9 d\u00e9vastateur de la nature. J&rsquo;imagine qu&rsquo;il y a une petite vague qui devient \u00e9norme et qui d\u00e9truit la for\u00eat tropicale.\u00a0\u00bb &nbsp;Rapha\u00ebl, 9 ans<\/p>\n\n\n\n<p>\u00ab\u00a0J&rsquo;aimerais bien voir&nbsp;\u00ab\u00a0La tortue rouge\u00a0\u00bb. C&rsquo;est un film de naufrag\u00e9, un homme s&rsquo;est \u00e9chou\u00e9 sur une \u00eele, le radeau qu&rsquo;il construit est cass\u00e9, il affronte un tsunami. On a l&rsquo;impression qu&rsquo;il rencontre une femme qui va changer sa vie car avec elle, on dirait qu&rsquo;il peut nager sans reprendre sa respiration. Ce film a l&rsquo;air \u00e9mouvant, il y a aussi de l&rsquo;aventure, un peu d&rsquo;action et il parle de la nature. Il y a aussi un grand myst\u00e8re, la tortue rouge &#8230; &nbsp; &nbsp; &nbsp; Armand, 9 ans<\/p>\n\n\n\n<p>\u00ab\u00a0J&rsquo;ai envie d&rsquo;aller voir&nbsp;\u00ab\u00a0La tortue rouge\u00a0\u00bb car je suis&nbsp;curieux de voir un humain s&rsquo;\u00e9chouer sur une \u00eele d\u00e9serte et vivre sans technologie en symbiose avec la nature. Ce film fait penser \u00e0 Robinson Cruso\u00e9. Les dessins sont beaux et expressifs.\u00a0\u00bb &nbsp; &nbsp; &nbsp; &nbsp; &nbsp; &nbsp; &nbsp; &nbsp; &nbsp; &nbsp; &nbsp; &nbsp; Marius, 9 ans<\/p>\n\n\n\n<p>\u00ab\u00a0Le film que je veux voir est&nbsp;\u00ab\u00a0La tortue rouge\u00a0\u00bb. On dirait qu&rsquo;il raconte une grande aventure \u00e9mouvante avec une inondation. Il y a aussi de la joie car le naufrag\u00e9 trouve une femme et ils font un enfant. J&rsquo;ai envie aussi de le voir car j&rsquo;adore les animaux et une tortue rouge, on en voit pas tous les jours ! Je trouve aussi qu&rsquo;il ressemble \u00e0&nbsp;Robinson Cruso\u00e9.\u00a0\u00bb &nbsp; &nbsp; &nbsp; &nbsp; Louka, 9 ans<\/p>\n\n\n\n<p>\u00ab\u00a0J&rsquo;ai envie de voir&nbsp;\u00ab\u00a0La tortue rouge\u00a0\u00bb car j&rsquo;aime les jeux et les films de survie. Il me fait penser \u00e0&nbsp;Robinson Cruso\u00e9.&nbsp;Au d\u00e9but le h\u00e9ros&nbsp;est seul, il n&rsquo;arrive pas \u00e0 quitter l&rsquo;\u00eele puis il rencontre une femme et il cr\u00e9e une famille. Il va vivre des aventures, un tsunami ? J&rsquo;ai aim\u00e9 la bande annonce.\u00a0\u00bb &nbsp; &nbsp; &nbsp; &nbsp; &nbsp; &nbsp; &nbsp; &nbsp; &nbsp; &nbsp; &nbsp; &nbsp; &nbsp; &nbsp; &nbsp; &nbsp; &nbsp; &nbsp; &nbsp; &nbsp; &nbsp; &nbsp; &nbsp; &nbsp;Gabriel, 9 ans<\/p>\n\n\n\n<p>\u00ab\u00a0La tortue rouge\u00a0\u00bb raconte l&rsquo;histoire d&rsquo;un gar\u00e7on rescap\u00e9 d&rsquo;un bateau \u00e0 cause d&rsquo;une temp\u00eate. Il arrive sur une \u00eele et son seul espoir est de pouvoir rentrer chez lui ! Un jour, il fait la connaissance d&rsquo;une tortue rouge et petit \u00e0 petit il s&rsquo;attache \u00e0 elle, il rencontre aussi des gens&#8230; L&rsquo;histoire semble \u00e9mouvante, tr\u00e8s belle et reposante. Je la conseille ! \u00a0\u00bb &nbsp; &nbsp; &nbsp; &nbsp; &nbsp; Juliette, 10 ans<\/p>\n\n\n\n<p>\u00ab\u00a0Parmi les trois films, c&rsquo;est&nbsp;\u00ab\u00a0La tortue rouge\u00a0\u00bb qui me tente le plus car les dessins sont magnifiques. Il me semble qu&rsquo;il y a plusieurs histoires, une histoire de tortue et une histoire d&rsquo;amour et qu&rsquo;elles vont toutes bien se terminer. J&rsquo;adore les histoires comme \u00e7a !\u00a0\u00bb Eug\u00e9nie, 10 ans<\/p>\n\n\n<div class=\"wp-block-image\">\n<figure class=\"aligncenter\"><a href=\"https:\/\/lafilledecorinthe.com\/wordpress\/wp-content\/uploads\/2016\/05\/tortue2.jpg\"><img loading=\"lazy\" decoding=\"async\" width=\"3264\" height=\"2448\" src=\"https:\/\/lafilledecorinthe.com\/wordpress\/wp-content\/uploads\/2016\/05\/tortue2.jpg\" alt=\"tortue2\" class=\"wp-image-7379\" srcset=\"https:\/\/lafilledecorinthe.com\/wordpress\/wp-content\/uploads\/2016\/05\/tortue2.jpg 3264w, https:\/\/lafilledecorinthe.com\/wordpress\/wp-content\/uploads\/2016\/05\/tortue2-680x510.jpg 680w, https:\/\/lafilledecorinthe.com\/wordpress\/wp-content\/uploads\/2016\/05\/tortue2-1280x960.jpg 1280w, https:\/\/lafilledecorinthe.com\/wordpress\/wp-content\/uploads\/2016\/05\/tortue2-400x300.jpg 400w\" sizes=\"auto, (max-width: 3264px) 100vw, 3264px\" \/><\/a><\/figure>\n<\/div>\n\n\n<p>\u00ab\u00a0Ma vie de courgette\u00a0\u00bb tente aussi beaucoup d&rsquo;enfants &#8230;<\/p>\n\n\n\n<p>\u00ab\u00a0J&rsquo;aimerais bien aller voir&nbsp;\u00ab\u00a0Ma vie de courgette\u00a0\u00bb car le film a l&rsquo;air dr\u00f4le et il est fait avec des figurines. J&rsquo;aimerais savoir pourquoi le petit gar\u00e7on s&rsquo;appelle Courgette. Son voisin de classe n&rsquo;a pas l&rsquo;air tr\u00e8s gentil. Je vais rarement voir ce genre de film.\u00a0\u00bb &nbsp; &nbsp; &nbsp; &nbsp; &nbsp; &nbsp;Ana\u00eb, 9 ans<\/p>\n\n\n\n<p>\u00ab\u00a0J&rsquo;ai pr\u00e9f\u00e9r\u00e9&nbsp;\u00ab\u00a0Ma vie de courgette\u00a0\u00bb, j&rsquo;aime l&rsquo;histoire. Le h\u00e9ros arrive dans une nouvelle classe, on se moque de lui. On aimerait savoir comment il va arriver \u00e0 supporter ces critiques m\u00e9chantes. Cette histoire peut nous arriver, on se met vraiment dans la peau du personnage. Les personnages sont bien faits, les d\u00e9cors sont tr\u00e8s enfantins&#8230;\u00a0\u00bb &nbsp; &nbsp; &nbsp; &nbsp;Ambre, 9 ans<\/p>\n\n\n\n<p>\u00ab\u00a0J&rsquo;ai tr\u00e8s envie d&rsquo;aller voir&nbsp;\u00ab\u00a0Ma vie de courgette\u00a0\u00bb car j&rsquo;aime bien le graphisme. J&rsquo;aime bien aussi l&rsquo;histoire, que les \u00e9l\u00e8ves ne soient pas tr\u00e8s gentils avec Courgette. On a l&rsquo;impression qu&rsquo;il y a aussi un peu d&rsquo;aventure.\u00a0\u00bb &nbsp; &nbsp; &nbsp; &nbsp; &nbsp; &nbsp; &nbsp; &nbsp; &nbsp; &nbsp; &nbsp; &nbsp; &nbsp; &nbsp; &nbsp; &nbsp; &nbsp; &nbsp;Evan, 9 ans<\/p>\n\n\n\n<p><br><em>\u00ab\u00a0Mon film pr\u00e9f\u00e9r\u00e9 est\u00a0\u00ab\u00a0Ma vie de courgette\u00a0\u00bb, il raconte l&rsquo;arriv\u00e9e d&rsquo;un nouvel \u00e9l\u00e8ve dans une classe. Les autres enfants\u00a0ne font pas d&rsquo;effort, ils se moquent de lui. \u00c7a n&rsquo;est pas dr\u00f4le pour Courgette. L&rsquo;histoire ressemble \u00e0 la vie r\u00e9elle mais en m\u00eame temps les personnages sont faits en p\u00e2te \u00e0 modeler. Vous y croyez, vous ?\u00a0\u00bb \u00a0 \u00a0 \u00a0 \u00a0 \u00a0 \u00a0 \u00a0 \u00a0Andr\u00e9a, 9 ans<\/em><\/p>\n\n\n\n<p><br><em>\u00ab\u00a0J&rsquo;aimerais aller voir\u00a0\u00ab\u00a0Ma vie de courgette\u00a0\u00bb car cela peut \u00eatre int\u00e9ressant de voir comment un enfant qui n&rsquo;a pas d&rsquo;amis au d\u00e9but va se d\u00e9brouiller. Les personnages sont plut\u00f4t bien faits et j&rsquo;ai l&rsquo;impression que chacun des \u00e9l\u00e8ves a un caract\u00e8re diff\u00e9rent&#8230;\u00a0\u00bb \u00a0 \u00a0 \u00a0 \u00a0Julia 8 ans<\/em><\/p>\n\n\n\n<p><br><em>\u00ab\u00a0Ce film me donne envie, je veux savoir si les \u00e9l\u00e8ves continuent \u00e0 se moquer de lui ou s&rsquo;ils deviennent amis. Est-ce qu&rsquo;ils le traitent \u00a0encore de patate ?\u00a0\u00bb \u00a0 \u00a0 \u00a0 \u00a0 \u00a0 \u00a0 \u00a0 \u00a0 \u00a0 \u00a0 \u00a0<\/em><\/p>\n\n\n\n<p><br><em>\u00ab\u00a0Parmi les trois films, je voudrais aller voir \u00ab\u00a0La jeune fille sans mains\u00a0\u00bb \u00a0car je voudrais savoir comment elle fait dans sa vie quotidienne. Comment elle s&rsquo;habille\u00a0?\u00a0Comment elle mange ? Se fait-elle des amies ? Les gens la regardent-ils bizarrement ? Peut-elle vivre normalement malgr\u00e9 son handicap ? \u00a0 \u00a0 \u00a0 \u00a0 \u00a0 \u00a0 \u00a0 \u00a0 \u00a0 \u00a0 \u00a0 \u00a0 \u00a0 \u00a0 C\u00e9line, 9 ans<\/em><\/p>\n","protected":false},"excerpt":{"rendered":"<p>339 films sont sortis sur les \u00e9crans fran\u00e7ais depuis le mois de janvier 2016. Face \u00e0 cette proposition abondante,&nbsp;quelles sont les strat\u00e9gies utilis\u00e9es par les spectateurs pour choisir les films qu&rsquo;ils iront d\u00e9couvrir en salle ? Nous avons propos\u00e9 aux enfants d&rsquo;une classe de CM1 de r\u00e9agir devant les trois affiches et les trois bandes-annonces&#8230;<\/p>\n","protected":false},"author":2,"featured_media":7376,"comment_status":"open","ping_status":"open","sticky":false,"template":"","format":"standard","meta":{"_kad_post_transparent":"","_kad_post_title":"","_kad_post_layout":"","_kad_post_sidebar_id":"","_kad_post_content_style":"","_kad_post_vertical_padding":"","_kad_post_feature":"","_kad_post_feature_position":"","_kad_post_header":false,"_kad_post_footer":false,"_kad_post_classname":"","footnotes":""},"categories":[7],"tags":[1262,1258,1259,1260,1255,1254,619,1261,1256,1257,1263],"class_list":["post-7373","post","type-post","status-publish","format-standard","has-post-thumbnail","hentry","category-ateliers-enfants","tag-la-jeune-fille-sans-mains","tag-la-tortue-rouge","tag-la-tortue-rouge-de-michael-dudok-de-wit","tag-ma-vie-de-courgette","tag-affiche","tag-atelier-cinema","tag-bande-annonce","tag-claude-barras","tag-festival-de-cannes","tag-films-danimation","tag-sebastien-laudenbach"],"_links":{"self":[{"href":"https:\/\/lafilledecorinthe.com\/wordpress\/wp-json\/wp\/v2\/posts\/7373","targetHints":{"allow":["GET"]}}],"collection":[{"href":"https:\/\/lafilledecorinthe.com\/wordpress\/wp-json\/wp\/v2\/posts"}],"about":[{"href":"https:\/\/lafilledecorinthe.com\/wordpress\/wp-json\/wp\/v2\/types\/post"}],"author":[{"embeddable":true,"href":"https:\/\/lafilledecorinthe.com\/wordpress\/wp-json\/wp\/v2\/users\/2"}],"replies":[{"embeddable":true,"href":"https:\/\/lafilledecorinthe.com\/wordpress\/wp-json\/wp\/v2\/comments?post=7373"}],"version-history":[{"count":17,"href":"https:\/\/lafilledecorinthe.com\/wordpress\/wp-json\/wp\/v2\/posts\/7373\/revisions"}],"predecessor-version":[{"id":15067,"href":"https:\/\/lafilledecorinthe.com\/wordpress\/wp-json\/wp\/v2\/posts\/7373\/revisions\/15067"}],"wp:featuredmedia":[{"embeddable":true,"href":"https:\/\/lafilledecorinthe.com\/wordpress\/wp-json\/wp\/v2\/media\/7376"}],"wp:attachment":[{"href":"https:\/\/lafilledecorinthe.com\/wordpress\/wp-json\/wp\/v2\/media?parent=7373"}],"wp:term":[{"taxonomy":"category","embeddable":true,"href":"https:\/\/lafilledecorinthe.com\/wordpress\/wp-json\/wp\/v2\/categories?post=7373"},{"taxonomy":"post_tag","embeddable":true,"href":"https:\/\/lafilledecorinthe.com\/wordpress\/wp-json\/wp\/v2\/tags?post=7373"}],"curies":[{"name":"wp","href":"https:\/\/api.w.org\/{rel}","templated":true}]}}