{"id":7336,"date":"2016-04-14T18:46:09","date_gmt":"2016-04-14T17:46:09","guid":{"rendered":"http:\/\/lafilledecorinthe.com\/wordpress\/?p=7336"},"modified":"2025-12-08T09:13:59","modified_gmt":"2025-12-08T08:13:59","slug":"enfances-au-cinema-le-petit-monde-de-leo","status":"publish","type":"post","link":"https:\/\/lafilledecorinthe.com\/wordpress\/2016\/04\/enfances-au-cinema-le-petit-monde-de-leo\/","title":{"rendered":"Enfances au cin\u00e9ma : Le petit monde de L\u00e9o"},"content":{"rendered":"\n<p><\/p>\n\n\n\n<p><em>Le petit monde de L\u00e9o <\/em>ouvre la programmation 2015&nbsp;&#8211;&nbsp;2016 &nbsp;de <a href=\"http:\/\/www.enfancesaucinema.net\/\" target=\"_blank\" rel=\"noopener\"><em>Mon premier cin\u00e9ma<\/em><\/a>. Une formidable&nbsp;occasion de d\u00e9couvrir le travail de deux grands cr\u00e9ateurs, le c\u00e9l\u00e8bre&nbsp;auteur-illustrateur Leo Lionni et le&nbsp;cin\u00e9aste Giulo Gianini&#8230;<\/p>\n\n\n\n<p>Quelles sont les ressemblances et les diff\u00e9rences entre l&rsquo;histoire de l&rsquo;album et l&rsquo;histoire du film ?<\/p>\n\n\n<div class=\"wp-block-image\">\n<figure class=\"aligncenter\"><a href=\"https:\/\/lafilledecorinthe.com\/wordpress\/wp-content\/uploads\/2016\/04\/comparaison-.jpg\"><img loading=\"lazy\" decoding=\"async\" width=\"2733\" height=\"2015\" src=\"https:\/\/lafilledecorinthe.com\/wordpress\/wp-content\/uploads\/2016\/04\/comparaison-.jpg\" alt=\"La classe de PS-GS d'Agathe  Cymer \" class=\"wp-image-7338\" srcset=\"https:\/\/lafilledecorinthe.com\/wordpress\/wp-content\/uploads\/2016\/04\/comparaison-.jpg 2733w, https:\/\/lafilledecorinthe.com\/wordpress\/wp-content\/uploads\/2016\/04\/comparaison--680x501.jpg 680w, https:\/\/lafilledecorinthe.com\/wordpress\/wp-content\/uploads\/2016\/04\/comparaison--1280x944.jpg 1280w, https:\/\/lafilledecorinthe.com\/wordpress\/wp-content\/uploads\/2016\/04\/comparaison--407x300.jpg 407w\" sizes=\"auto, (max-width: 2733px) 100vw, 2733px\" \/><\/a><figcaption class=\"wp-element-caption\">La classe de PS-GS d&rsquo;Agathe Cymer<\/figcaption><\/figure>\n<\/div>\n\n\n<p>Lire des photogrammes pour mieux comprendre l&rsquo;histoire&#8230;<\/p>\n\n\n<div class=\"wp-block-image\">\n<figure class=\"aligncenter\"><a href=\"https:\/\/lafilledecorinthe.com\/wordpress\/wp-content\/uploads\/2016\/04\/IMG_0081.jpg\"><img loading=\"lazy\" decoding=\"async\" width=\"2592\" height=\"1936\" src=\"https:\/\/lafilledecorinthe.com\/wordpress\/wp-content\/uploads\/2016\/04\/IMG_0081.jpg\" alt=\"La classe de MS de Maya Forbin et les \u00e9l\u00e8ves de Camille\" class=\"wp-image-7339\" srcset=\"https:\/\/lafilledecorinthe.com\/wordpress\/wp-content\/uploads\/2016\/04\/IMG_0081.jpg 2592w, https:\/\/lafilledecorinthe.com\/wordpress\/wp-content\/uploads\/2016\/04\/IMG_0081-680x508.jpg 680w, https:\/\/lafilledecorinthe.com\/wordpress\/wp-content\/uploads\/2016\/04\/IMG_0081-1280x956.jpg 1280w, https:\/\/lafilledecorinthe.com\/wordpress\/wp-content\/uploads\/2016\/04\/IMG_0081-402x300.jpg 402w\" sizes=\"auto, (max-width: 2592px) 100vw, 2592px\" \/><\/a><figcaption class=\"wp-element-caption\">La classe de MS de Maya Forbin et les \u00e9l\u00e8ves de Camille<\/figcaption><\/figure>\n<\/div>\n\n\n<p>Chaque enfant donne des couleurs \u00e0 son petit mulot.<\/p>\n\n\n<div class=\"wp-block-image\">\n<figure class=\"aligncenter\"><a href=\"https:\/\/lafilledecorinthe.com\/wordpress\/wp-content\/uploads\/2016\/04\/Dessin.jpg\"><img loading=\"lazy\" decoding=\"async\" width=\"2592\" height=\"1936\" src=\"https:\/\/lafilledecorinthe.com\/wordpress\/wp-content\/uploads\/2016\/04\/Dessin.jpg\" alt=\"La classe de MS-GS de Maryse Masse-Gay\" class=\"wp-image-7340\" srcset=\"https:\/\/lafilledecorinthe.com\/wordpress\/wp-content\/uploads\/2016\/04\/Dessin.jpg 2592w, https:\/\/lafilledecorinthe.com\/wordpress\/wp-content\/uploads\/2016\/04\/Dessin-680x508.jpg 680w, https:\/\/lafilledecorinthe.com\/wordpress\/wp-content\/uploads\/2016\/04\/Dessin-1280x956.jpg 1280w, https:\/\/lafilledecorinthe.com\/wordpress\/wp-content\/uploads\/2016\/04\/Dessin-402x300.jpg 402w\" sizes=\"auto, (max-width: 2592px) 100vw, 2592px\" \/><\/a><figcaption class=\"wp-element-caption\">La classe de MS-GS de Maryse Masse-Gay<\/figcaption><\/figure>\n<\/div>\n\n\n<p>Et maintenant, place \u00e0 l&rsquo;animation ! Bouger petit \u00e0 petit les mulots&#8230;<\/p>\n\n\n<div class=\"wp-block-image\">\n<figure class=\"aligncenter\"><a href=\"https:\/\/lafilledecorinthe.com\/wordpress\/wp-content\/uploads\/2016\/04\/IMG_9975.jpg\"><img loading=\"lazy\" decoding=\"async\" width=\"1911\" height=\"1399\" src=\"https:\/\/lafilledecorinthe.com\/wordpress\/wp-content\/uploads\/2016\/04\/IMG_9975.jpg\" alt=\"La classe de PS de Florence Salvador\" class=\"wp-image-7341\" srcset=\"https:\/\/lafilledecorinthe.com\/wordpress\/wp-content\/uploads\/2016\/04\/IMG_9975.jpg 1911w, https:\/\/lafilledecorinthe.com\/wordpress\/wp-content\/uploads\/2016\/04\/IMG_9975-680x498.jpg 680w, https:\/\/lafilledecorinthe.com\/wordpress\/wp-content\/uploads\/2016\/04\/IMG_9975-1280x937.jpg 1280w, https:\/\/lafilledecorinthe.com\/wordpress\/wp-content\/uploads\/2016\/04\/IMG_9975-410x300.jpg 410w\" sizes=\"auto, (max-width: 1911px) 100vw, 1911px\" \/><\/a><figcaption class=\"wp-element-caption\">La classe de PS de Florence Salvador<\/figcaption><\/figure>\n<\/div>\n\n\n<p>&#8230; Et \u00eatre tr\u00e8s attentif pour prendre les photos au signal de son copain-animateur.<\/p>\n\n\n<div class=\"wp-block-image\">\n<figure class=\"aligncenter\"><a href=\"https:\/\/lafilledecorinthe.com\/wordpress\/wp-content\/uploads\/2016\/04\/photo.jpg\"><img loading=\"lazy\" decoding=\"async\" width=\"1205\" height=\"816\" src=\"https:\/\/lafilledecorinthe.com\/wordpress\/wp-content\/uploads\/2016\/04\/photo.jpg\" alt=\"La classe de Suzy Lampreia\" class=\"wp-image-7342\" srcset=\"https:\/\/lafilledecorinthe.com\/wordpress\/wp-content\/uploads\/2016\/04\/photo.jpg 1205w, https:\/\/lafilledecorinthe.com\/wordpress\/wp-content\/uploads\/2016\/04\/photo-680x460.jpg 680w, https:\/\/lafilledecorinthe.com\/wordpress\/wp-content\/uploads\/2016\/04\/photo-443x300.jpg 443w\" sizes=\"auto, (max-width: 1205px) 100vw, 1205px\" \/><\/a><figcaption class=\"wp-element-caption\">La classe de MS de Suzy Lampreia<\/figcaption><\/figure>\n<\/div>\n\n\n<p>Et maintenant voici nos s\u00e9quences anim\u00e9es !<br><iframe loading=\"lazy\" title=\"vimeo-player\" src=\"https:\/\/player.vimeo.com\/video\/162862155?h=70e62bfc38\" width=\"640\" height=\"360\" frameborder=\"0\" allowfullscreen=\"allowfullscreen\"><\/iframe><\/p>\n\n\n\n<p>Musique :&nbsp;http:\/\/www.musicscreen.be\/, <em>Travelling&nbsp;<\/em>sous licence creative commons<\/p>\n","protected":false},"excerpt":{"rendered":"<p>Le petit monde de L\u00e9o ouvre la programmation 2015&nbsp;&#8211;&nbsp;2016 &nbsp;de Mon premier cin\u00e9ma. Une formidable&nbsp;occasion de d\u00e9couvrir le travail de deux grands cr\u00e9ateurs, le c\u00e9l\u00e8bre&nbsp;auteur-illustrateur Leo Lionni et le&nbsp;cin\u00e9aste Giulo Gianini&#8230; Quelles sont les ressemblances et les diff\u00e9rences entre l&rsquo;histoire de l&rsquo;album et l&rsquo;histoire du film ? Lire des photogrammes pour mieux comprendre l&rsquo;histoire&#8230; Chaque&#8230;<\/p>\n","protected":false},"author":2,"featured_media":7337,"comment_status":"open","ping_status":"open","sticky":false,"template":"","format":"standard","meta":{"_kad_post_transparent":"","_kad_post_title":"","_kad_post_layout":"","_kad_post_sidebar_id":"","_kad_post_content_style":"","_kad_post_vertical_padding":"","_kad_post_feature":"","_kad_post_feature_position":"","_kad_post_header":false,"_kad_post_footer":false,"_kad_post_classname":"","footnotes":""},"categories":[7],"tags":[353,1250,1249,36,354],"class_list":["post-7336","post","type-post","status-publish","format-standard","has-post-thumbnail","hentry","category-ateliers-enfants","tag-enfances-au-cinema","tag-giulo-gianini","tag-le-petit-monde-de-leo","tag-leo-lionni","tag-mon-premier-cinema"],"_links":{"self":[{"href":"https:\/\/lafilledecorinthe.com\/wordpress\/wp-json\/wp\/v2\/posts\/7336","targetHints":{"allow":["GET"]}}],"collection":[{"href":"https:\/\/lafilledecorinthe.com\/wordpress\/wp-json\/wp\/v2\/posts"}],"about":[{"href":"https:\/\/lafilledecorinthe.com\/wordpress\/wp-json\/wp\/v2\/types\/post"}],"author":[{"embeddable":true,"href":"https:\/\/lafilledecorinthe.com\/wordpress\/wp-json\/wp\/v2\/users\/2"}],"replies":[{"embeddable":true,"href":"https:\/\/lafilledecorinthe.com\/wordpress\/wp-json\/wp\/v2\/comments?post=7336"}],"version-history":[{"count":9,"href":"https:\/\/lafilledecorinthe.com\/wordpress\/wp-json\/wp\/v2\/posts\/7336\/revisions"}],"predecessor-version":[{"id":15135,"href":"https:\/\/lafilledecorinthe.com\/wordpress\/wp-json\/wp\/v2\/posts\/7336\/revisions\/15135"}],"wp:featuredmedia":[{"embeddable":true,"href":"https:\/\/lafilledecorinthe.com\/wordpress\/wp-json\/wp\/v2\/media\/7337"}],"wp:attachment":[{"href":"https:\/\/lafilledecorinthe.com\/wordpress\/wp-json\/wp\/v2\/media?parent=7336"}],"wp:term":[{"taxonomy":"category","embeddable":true,"href":"https:\/\/lafilledecorinthe.com\/wordpress\/wp-json\/wp\/v2\/categories?post=7336"},{"taxonomy":"post_tag","embeddable":true,"href":"https:\/\/lafilledecorinthe.com\/wordpress\/wp-json\/wp\/v2\/tags?post=7336"}],"curies":[{"name":"wp","href":"https:\/\/api.w.org\/{rel}","templated":true}]}}