{"id":7279,"date":"2016-03-07T16:38:18","date_gmt":"2016-03-07T15:38:18","guid":{"rendered":"http:\/\/lafilledecorinthe.com\/wordpress\/?p=7279"},"modified":"2025-12-06T22:06:40","modified_gmt":"2025-12-06T21:06:40","slug":"ecole-et-cinema-93-lhomme-qui-retrecit","status":"publish","type":"post","link":"https:\/\/lafilledecorinthe.com\/wordpress\/2016\/03\/ecole-et-cinema-93-lhomme-qui-retrecit\/","title":{"rendered":"\u00ab\u00a0Ecole et cin\u00e9ma 93\u00a0\u00bb L&rsquo;homme qui r\u00e9tr\u00e9cit"},"content":{"rendered":"\n<p><strong>Projection-conf\u00e9rence :<br><\/strong>\u00ab\u00a0L&rsquo;homme qui r\u00e9tr\u00e9cit\u00a0\u00bb<br>de Jack Arnold<\/p>\n\n\n\n<p>Au cin\u00e9ma Espace 1789 de Saint Ouen<br>Jeudi 10 mars 2016<\/p>\n\n\n\n<p><strong>Document accompagnant la conf\u00e9rence :<\/strong>\u00a0<a href=\"https:\/\/lafilledecorinthe.com\/wordpress\/wp-content\/uploads\/2016\/02\/lhomme-qui-re%CC%81tre%CC%81cit-.pdf\">l&rsquo;homme qui r\u00e9tr\u00e9cit<\/a><\/p>\n\n\n\n<p><strong>Photogrammes :\u00a0<\/strong><a href=\"https:\/\/lafilledecorinthe.com\/wordpress\/wp-content\/uploads\/2016\/03\/chat-et-araigne%CC%81e.pdf\">chat et araign\u00e9e<\/a><\/p>\n\n\n<div class=\"wp-block-image\">\n<figure class=\"aligncenter\"><a href=\"https:\/\/lafilledecorinthe.com\/wordpress\/wp-content\/uploads\/2016\/03\/gato_mac-_foto-Ceci\u0301lia-Bastos-1-21.jpg\"><img loading=\"lazy\" decoding=\"async\" width=\"1759\" height=\"1136\" src=\"https:\/\/lafilledecorinthe.com\/wordpress\/wp-content\/uploads\/2016\/03\/gato_mac-_foto-Ceci\u0301lia-Bastos-1-21.jpg\" alt=\"Le chat de Nina Pandolfo au mus\u00e9e d'Art Contemporain de Sao Paulo \" class=\"wp-image-7316\" srcset=\"https:\/\/lafilledecorinthe.com\/wordpress\/wp-content\/uploads\/2016\/03\/gato_mac-_foto-Ceci\u0301lia-Bastos-1-21.jpg 1759w, https:\/\/lafilledecorinthe.com\/wordpress\/wp-content\/uploads\/2016\/03\/gato_mac-_foto-Ceci\u0301lia-Bastos-1-21-680x439.jpg 680w, https:\/\/lafilledecorinthe.com\/wordpress\/wp-content\/uploads\/2016\/03\/gato_mac-_foto-Ceci\u0301lia-Bastos-1-21-1280x827.jpg 1280w, https:\/\/lafilledecorinthe.com\/wordpress\/wp-content\/uploads\/2016\/03\/gato_mac-_foto-Ceci\u0301lia-Bastos-1-21-465x300.jpg 465w\" sizes=\"auto, (max-width: 1759px) 100vw, 1759px\" \/><\/a><figcaption class=\"wp-element-caption\"><em>Le chat<\/em> de Nina Pandolfo au mus\u00e9e d&rsquo;Art Contemporain de Sao Paulo<\/figcaption><\/figure>\n<\/div>\n\n<div class=\"wp-block-image\">\n<figure class=\"aligncenter\"><a href=\"https:\/\/lafilledecorinthe.com\/wordpress\/wp-content\/uploads\/2016\/03\/Maman.jpg\"><img loading=\"lazy\" decoding=\"async\" width=\"702\" height=\"514\" src=\"https:\/\/lafilledecorinthe.com\/wordpress\/wp-content\/uploads\/2016\/03\/Maman.jpg\" alt=\"Maman de Louise Bourgeois, Tate Modern , 1999\" class=\"wp-image-7317\" srcset=\"https:\/\/lafilledecorinthe.com\/wordpress\/wp-content\/uploads\/2016\/03\/Maman.jpg 702w, https:\/\/lafilledecorinthe.com\/wordpress\/wp-content\/uploads\/2016\/03\/Maman-680x498.jpg 680w, https:\/\/lafilledecorinthe.com\/wordpress\/wp-content\/uploads\/2016\/03\/Maman-410x300.jpg 410w\" sizes=\"auto, (max-width: 702px) 100vw, 702px\" \/><\/a><figcaption class=\"wp-element-caption\"><em>Maman<\/em> de Louise Bourgeois, Tate Modern , 1999<\/figcaption><\/figure>\n<\/div>\n\n\n<p>D\u00e9couvrir d&rsquo;autres artistes qui jouent avec notre perception de l&rsquo;\u00e9chelle,\u00a0<a href=\"http:\/\/www.laboiteverte.fr\/gros-probleme-dechelle-images\/\" target=\"_blank\" rel=\"noreferrer noopener\">Petros Crisostomou&#8230;<\/a><\/p>\n\n\n<div class=\"wp-block-image\">\n<figure class=\"aligncenter\"><a href=\"https:\/\/lafilledecorinthe.com\/wordpress\/wp-content\/uploads\/2016\/03\/Petros-Crisostomou.jpg\"><img loading=\"lazy\" decoding=\"async\" width=\"800\" height=\"645\" src=\"https:\/\/lafilledecorinthe.com\/wordpress\/wp-content\/uploads\/2016\/03\/Petros-Crisostomou.jpg\" alt=\"Petros Crisostomou\" class=\"wp-image-7319\" srcset=\"https:\/\/lafilledecorinthe.com\/wordpress\/wp-content\/uploads\/2016\/03\/Petros-Crisostomou.jpg 800w, https:\/\/lafilledecorinthe.com\/wordpress\/wp-content\/uploads\/2016\/03\/Petros-Crisostomou-680x548.jpg 680w, https:\/\/lafilledecorinthe.com\/wordpress\/wp-content\/uploads\/2016\/03\/Petros-Crisostomou-372x300.jpg 372w\" sizes=\"auto, (max-width: 800px) 100vw, 800px\" \/><\/a><figcaption class=\"wp-element-caption\">Petros Crisostomou<\/figcaption><\/figure>\n<\/div>\n\n\n<p>Documents et vid\u00e9os en lien avec\u00a0<em>L&rsquo;homme qui r\u00e9tr\u00e9cit<\/em>, c&rsquo;est<a href=\"https:\/\/lafilledecorinthe.com\/wordpress\/2014\/03\/ecole-et-cinema-92-lhomme-qui-retrecit\/\" target=\"_blank\" rel=\"noreferrer noopener\">\u00a0ici<\/a>\u00a0et\u00a0<a href=\"https:\/\/lafilledecorinthe.com\/wordpress\/2014\/06\/je-nen-crois-pas-mes-yeux\/\" target=\"_blank\" rel=\"noreferrer noopener\">l\u00e0<\/a>\u00a0!<\/p>\n\n\n\n<p><\/p>\n","protected":false},"excerpt":{"rendered":"<p>Projection-conf\u00e9rence :\u00ab\u00a0L&rsquo;homme qui r\u00e9tr\u00e9cit\u00a0\u00bbde Jack Arnold Au cin\u00e9ma Espace 1789 de Saint OuenJeudi 10 mars 2016 Document accompagnant la conf\u00e9rence :\u00a0l&rsquo;homme qui r\u00e9tr\u00e9cit Photogrammes :\u00a0chat et araign\u00e9e D\u00e9couvrir d&rsquo;autres artistes qui jouent avec notre perception de l&rsquo;\u00e9chelle,\u00a0Petros Crisostomou&#8230; Documents et vid\u00e9os en lien avec\u00a0L&rsquo;homme qui r\u00e9tr\u00e9cit, c&rsquo;est\u00a0ici\u00a0et\u00a0l\u00e0\u00a0!<\/p>\n","protected":false},"author":2,"featured_media":7309,"comment_status":"open","ping_status":"open","sticky":false,"template":"","format":"standard","meta":{"_kad_post_transparent":"","_kad_post_title":"","_kad_post_layout":"","_kad_post_sidebar_id":"","_kad_post_content_style":"","_kad_post_vertical_padding":"","_kad_post_feature":"","_kad_post_feature_position":"","_kad_post_header":false,"_kad_post_footer":false,"_kad_post_classname":"","footnotes":""},"categories":[8],"tags":[24,1240,711,709,1247,1248,1241],"class_list":["post-7279","post","type-post","status-publish","format-standard","has-post-thumbnail","hentry","category-formations-adultes","tag-ecole-et-cinema","tag-espace-1789-de-saint-ouen","tag-jack-arnold","tag-lhomme-qui-retrecit","tag-le-chat-de-nina-pandolfo","tag-maman-de-louise-bourgeois","tag-petros-crisostomou"],"_links":{"self":[{"href":"https:\/\/lafilledecorinthe.com\/wordpress\/wp-json\/wp\/v2\/posts\/7279","targetHints":{"allow":["GET"]}}],"collection":[{"href":"https:\/\/lafilledecorinthe.com\/wordpress\/wp-json\/wp\/v2\/posts"}],"about":[{"href":"https:\/\/lafilledecorinthe.com\/wordpress\/wp-json\/wp\/v2\/types\/post"}],"author":[{"embeddable":true,"href":"https:\/\/lafilledecorinthe.com\/wordpress\/wp-json\/wp\/v2\/users\/2"}],"replies":[{"embeddable":true,"href":"https:\/\/lafilledecorinthe.com\/wordpress\/wp-json\/wp\/v2\/comments?post=7279"}],"version-history":[{"count":12,"href":"https:\/\/lafilledecorinthe.com\/wordpress\/wp-json\/wp\/v2\/posts\/7279\/revisions"}],"predecessor-version":[{"id":14824,"href":"https:\/\/lafilledecorinthe.com\/wordpress\/wp-json\/wp\/v2\/posts\/7279\/revisions\/14824"}],"wp:featuredmedia":[{"embeddable":true,"href":"https:\/\/lafilledecorinthe.com\/wordpress\/wp-json\/wp\/v2\/media\/7309"}],"wp:attachment":[{"href":"https:\/\/lafilledecorinthe.com\/wordpress\/wp-json\/wp\/v2\/media?parent=7279"}],"wp:term":[{"taxonomy":"category","embeddable":true,"href":"https:\/\/lafilledecorinthe.com\/wordpress\/wp-json\/wp\/v2\/categories?post=7279"},{"taxonomy":"post_tag","embeddable":true,"href":"https:\/\/lafilledecorinthe.com\/wordpress\/wp-json\/wp\/v2\/tags?post=7279"}],"curies":[{"name":"wp","href":"https:\/\/api.w.org\/{rel}","templated":true}]}}