{"id":7264,"date":"2016-02-28T10:43:25","date_gmt":"2016-02-28T09:43:25","guid":{"rendered":"http:\/\/lafilledecorinthe.com\/wordpress\/?p=7264"},"modified":"2025-12-07T22:17:51","modified_gmt":"2025-12-07T21:17:51","slug":"les-enfants-dabord-au-jeu-de-paume-11","status":"publish","type":"post","link":"https:\/\/lafilledecorinthe.com\/wordpress\/2016\/02\/les-enfants-dabord-au-jeu-de-paume-11\/","title":{"rendered":"\u00ab\u00a0Les enfants d&rsquo;abord !\u00a0\u00bb au Jeu de Paume 11"},"content":{"rendered":"\n<p>Deux nouvelles expositions\u00a0occupent l&rsquo;espace du Jeu de Paume : l&rsquo;artiste contemporaine portugaise, Helena Almeida et le photographe d&rsquo;origine hongroise, Fran\u00e7ois Kollar. S&rsquo;il est difficile d&rsquo;imaginer deux approches du m\u00e9dium photographique\u00a0plus \u00e9loign\u00e9es, il est toutefois possible de confronter leur travail\u00a0gr\u00e2ce \u00e0 la notion de cadre qui s&rsquo;explore \u00e0 l&rsquo;infini&#8230;cadre photographique bien s\u00fbr mais aussi cadre de travail, cadre de l&rsquo;atelier, cadre de la page imprim\u00e9e, cadre de la toile ..<br><em>Les enfants d&rsquo;abord !\u00a0<\/em>propose une nouvelle visite-atelier pour jouer avec les <em>Variations sur le cadre.<\/em><\/p>\n\n\n<div class=\"wp-block-image\">\n<figure class=\"aligncenter\"><a href=\"https:\/\/lafilledecorinthe.com\/wordpress\/wp-content\/uploads\/2016\/02\/13.jpg\"><img loading=\"lazy\" decoding=\"async\" width=\"2592\" height=\"1936\" src=\"https:\/\/lafilledecorinthe.com\/wordpress\/wp-content\/uploads\/2016\/02\/13.jpg\" alt=\"Entreront-ils tous dans le cadre ?\" class=\"wp-image-7331\" srcset=\"https:\/\/lafilledecorinthe.com\/wordpress\/wp-content\/uploads\/2016\/02\/13.jpg 2592w, https:\/\/lafilledecorinthe.com\/wordpress\/wp-content\/uploads\/2016\/02\/13-680x508.jpg 680w, https:\/\/lafilledecorinthe.com\/wordpress\/wp-content\/uploads\/2016\/02\/13-1280x956.jpg 1280w, https:\/\/lafilledecorinthe.com\/wordpress\/wp-content\/uploads\/2016\/02\/13-402x300.jpg 402w\" sizes=\"auto, (max-width: 2592px) 100vw, 2592px\" \/><\/a><figcaption class=\"wp-element-caption\">Entreront-ils tous dans le cadre ?<\/figcaption><\/figure>\n<\/div>\n\n<div class=\"wp-block-image\">\n<figure class=\"aligncenter\"><a href=\"https:\/\/lafilledecorinthe.com\/wordpress\/wp-content\/uploads\/2016\/02\/visite-Kollar.jpg\"><img loading=\"lazy\" decoding=\"async\" width=\"2717\" height=\"1926\" src=\"https:\/\/lafilledecorinthe.com\/wordpress\/wp-content\/uploads\/2016\/02\/visite-Kollar.jpg\" alt=\"&quot;Fran\u00e7ois Kollar (1904-1979). Un ouvrier du regard&quot;\" class=\"wp-image-7289\" srcset=\"https:\/\/lafilledecorinthe.com\/wordpress\/wp-content\/uploads\/2016\/02\/visite-Kollar.jpg 2717w, https:\/\/lafilledecorinthe.com\/wordpress\/wp-content\/uploads\/2016\/02\/visite-Kollar-680x482.jpg 680w, https:\/\/lafilledecorinthe.com\/wordpress\/wp-content\/uploads\/2016\/02\/visite-Kollar-1280x907.jpg 1280w, https:\/\/lafilledecorinthe.com\/wordpress\/wp-content\/uploads\/2016\/02\/visite-Kollar-423x300.jpg 423w\" sizes=\"auto, (max-width: 2717px) 100vw, 2717px\" \/><\/a><figcaption class=\"wp-element-caption\">Visite de l&rsquo;exposition \u00ab\u00a0Fran\u00e7ois Kollar (1904-1979). Un ouvrier du regard\u00a0\u00bb<\/figcaption><\/figure>\n<\/div>\n\n<div class=\"wp-block-image\">\n<figure class=\"aligncenter\"><a href=\"https:\/\/lafilledecorinthe.com\/wordpress\/wp-content\/uploads\/2016\/02\/visite-FB.jpg\"><img loading=\"lazy\" decoding=\"async\" width=\"3456\" height=\"2304\" src=\"https:\/\/lafilledecorinthe.com\/wordpress\/wp-content\/uploads\/2016\/02\/visite-FB.jpg\" alt=\"visite FB\" class=\"wp-image-7292\" srcset=\"https:\/\/lafilledecorinthe.com\/wordpress\/wp-content\/uploads\/2016\/02\/visite-FB.jpg 3456w, https:\/\/lafilledecorinthe.com\/wordpress\/wp-content\/uploads\/2016\/02\/visite-FB-680x453.jpg 680w, https:\/\/lafilledecorinthe.com\/wordpress\/wp-content\/uploads\/2016\/02\/visite-FB-1280x853.jpg 1280w, https:\/\/lafilledecorinthe.com\/wordpress\/wp-content\/uploads\/2016\/02\/visite-FB-450x300.jpg 450w\" sizes=\"auto, (max-width: 3456px) 100vw, 3456px\" \/><\/a><figcaption class=\"wp-element-caption\">Visite de l&rsquo;exposition Helena Almeida. Corpus<\/figcaption><\/figure>\n<\/div>\n\n<div class=\"wp-block-image\">\n<figure class=\"aligncenter\"><a href=\"https:\/\/lafilledecorinthe.com\/wordpress\/wp-content\/uploads\/2016\/02\/croquis.jpg\"><img loading=\"lazy\" decoding=\"async\" width=\"2895\" height=\"1930\" src=\"https:\/\/lafilledecorinthe.com\/wordpress\/wp-content\/uploads\/2016\/02\/croquis.jpg\" alt=\"Chaque enfant imagine une s\u00e9quence photographique dans laquelle il va se mettre en sc\u00e8ne\" class=\"wp-image-7293\" srcset=\"https:\/\/lafilledecorinthe.com\/wordpress\/wp-content\/uploads\/2016\/02\/croquis.jpg 2895w, https:\/\/lafilledecorinthe.com\/wordpress\/wp-content\/uploads\/2016\/02\/croquis-680x453.jpg 680w, https:\/\/lafilledecorinthe.com\/wordpress\/wp-content\/uploads\/2016\/02\/croquis-1280x853.jpg 1280w, https:\/\/lafilledecorinthe.com\/wordpress\/wp-content\/uploads\/2016\/02\/croquis-450x300.jpg 450w\" sizes=\"auto, (max-width: 2895px) 100vw, 2895px\" \/><\/a><figcaption class=\"wp-element-caption\">Chaque enfant imagine une s\u00e9quence photographique dans laquelle il va se mettre en sc\u00e8ne&#8230;<\/figcaption><\/figure>\n<\/div>\n\n<div class=\"wp-block-image\">\n<figure class=\"aligncenter\"><a href=\"https:\/\/lafilledecorinthe.com\/wordpress\/wp-content\/uploads\/2016\/02\/12.jpg\"><img loading=\"lazy\" decoding=\"async\" width=\"3456\" height=\"2304\" src=\"https:\/\/lafilledecorinthe.com\/wordpress\/wp-content\/uploads\/2016\/02\/12.jpg\" alt=\"... et joue  le r\u00f4le du photographe...\" class=\"wp-image-7294\" srcset=\"https:\/\/lafilledecorinthe.com\/wordpress\/wp-content\/uploads\/2016\/02\/12.jpg 3456w, https:\/\/lafilledecorinthe.com\/wordpress\/wp-content\/uploads\/2016\/02\/12-680x453.jpg 680w, https:\/\/lafilledecorinthe.com\/wordpress\/wp-content\/uploads\/2016\/02\/12-1280x853.jpg 1280w, https:\/\/lafilledecorinthe.com\/wordpress\/wp-content\/uploads\/2016\/02\/12-450x300.jpg 450w\" sizes=\"auto, (max-width: 3456px) 100vw, 3456px\" \/><\/a><figcaption class=\"wp-element-caption\">&#8230; il\u00a0joue le r\u00f4le du photographe&#8230;<\/figcaption><\/figure>\n<\/div>\n\n<div class=\"wp-block-image\">\n<figure class=\"aligncenter\"><a href=\"https:\/\/lafilledecorinthe.com\/wordpress\/wp-content\/uploads\/2016\/02\/21.jpg\"><img loading=\"lazy\" decoding=\"async\" width=\"3456\" height=\"2304\" src=\"https:\/\/lafilledecorinthe.com\/wordpress\/wp-content\/uploads\/2016\/02\/21.jpg\" alt=\"... puis du com\u00e9dien !\" class=\"wp-image-7295\" srcset=\"https:\/\/lafilledecorinthe.com\/wordpress\/wp-content\/uploads\/2016\/02\/21.jpg 3456w, https:\/\/lafilledecorinthe.com\/wordpress\/wp-content\/uploads\/2016\/02\/21-680x453.jpg 680w, https:\/\/lafilledecorinthe.com\/wordpress\/wp-content\/uploads\/2016\/02\/21-1280x853.jpg 1280w, https:\/\/lafilledecorinthe.com\/wordpress\/wp-content\/uploads\/2016\/02\/21-450x300.jpg 450w\" sizes=\"auto, (max-width: 3456px) 100vw, 3456px\" \/><\/a><figcaption class=\"wp-element-caption\">&#8230; puis le r\u00f4le du mod\u00e8le\u00a0!<\/figcaption><\/figure>\n<\/div>\n\n<div class=\"wp-block-image\">\n<figure class=\"aligncenter\"><a href=\"https:\/\/lafilledecorinthe.com\/wordpress\/wp-content\/uploads\/2016\/02\/porte-folio.jpg\"><img loading=\"lazy\" decoding=\"async\" width=\"2592\" height=\"1936\" src=\"https:\/\/lafilledecorinthe.com\/wordpress\/wp-content\/uploads\/2016\/02\/porte-folio.jpg\" alt=\"... et r\u00e9alise son porte-folio num\u00e9rique.\" class=\"wp-image-7329\" srcset=\"https:\/\/lafilledecorinthe.com\/wordpress\/wp-content\/uploads\/2016\/02\/porte-folio.jpg 2592w, https:\/\/lafilledecorinthe.com\/wordpress\/wp-content\/uploads\/2016\/02\/porte-folio-680x508.jpg 680w, https:\/\/lafilledecorinthe.com\/wordpress\/wp-content\/uploads\/2016\/02\/porte-folio-1280x956.jpg 1280w, https:\/\/lafilledecorinthe.com\/wordpress\/wp-content\/uploads\/2016\/02\/porte-folio-402x300.jpg 402w\" sizes=\"auto, (max-width: 2592px) 100vw, 2592px\" \/><\/a><figcaption class=\"wp-element-caption\">&#8230; et r\u00e9alise son porte-folio num\u00e9rique.<\/figcaption><\/figure>\n<\/div>","protected":false},"excerpt":{"rendered":"<p>Deux nouvelles expositions\u00a0occupent l&rsquo;espace du Jeu de Paume : l&rsquo;artiste contemporaine portugaise, Helena Almeida et le photographe d&rsquo;origine hongroise, Fran\u00e7ois Kollar. S&rsquo;il est difficile d&rsquo;imaginer deux approches du m\u00e9dium photographique\u00a0plus \u00e9loign\u00e9es, il est toutefois possible de confronter leur travail\u00a0gr\u00e2ce \u00e0 la notion de cadre qui s&rsquo;explore \u00e0 l&rsquo;infini&#8230;cadre photographique bien s\u00fbr mais aussi cadre de&#8230;<\/p>\n","protected":false},"author":2,"featured_media":7327,"comment_status":"open","ping_status":"open","sticky":false,"template":"","format":"standard","meta":{"_kad_post_transparent":"","_kad_post_title":"","_kad_post_layout":"","_kad_post_sidebar_id":"","_kad_post_content_style":"","_kad_post_vertical_padding":"","_kad_post_feature":"","_kad_post_feature_position":"","_kad_post_header":false,"_kad_post_footer":false,"_kad_post_classname":"","footnotes":""},"categories":[7],"tags":[1238,1239,48,190,73],"class_list":["post-7264","post","type-post","status-publish","format-standard","has-post-thumbnail","hentry","category-ateliers-enfants","tag-francois-kollar","tag-helena-almeida","tag-jeu-de-paume","tag-les-enfants-dabord","tag-visite-atelier"],"_links":{"self":[{"href":"https:\/\/lafilledecorinthe.com\/wordpress\/wp-json\/wp\/v2\/posts\/7264","targetHints":{"allow":["GET"]}}],"collection":[{"href":"https:\/\/lafilledecorinthe.com\/wordpress\/wp-json\/wp\/v2\/posts"}],"about":[{"href":"https:\/\/lafilledecorinthe.com\/wordpress\/wp-json\/wp\/v2\/types\/post"}],"author":[{"embeddable":true,"href":"https:\/\/lafilledecorinthe.com\/wordpress\/wp-json\/wp\/v2\/users\/2"}],"replies":[{"embeddable":true,"href":"https:\/\/lafilledecorinthe.com\/wordpress\/wp-json\/wp\/v2\/comments?post=7264"}],"version-history":[{"count":23,"href":"https:\/\/lafilledecorinthe.com\/wordpress\/wp-json\/wp\/v2\/posts\/7264\/revisions"}],"predecessor-version":[{"id":15084,"href":"https:\/\/lafilledecorinthe.com\/wordpress\/wp-json\/wp\/v2\/posts\/7264\/revisions\/15084"}],"wp:featuredmedia":[{"embeddable":true,"href":"https:\/\/lafilledecorinthe.com\/wordpress\/wp-json\/wp\/v2\/media\/7327"}],"wp:attachment":[{"href":"https:\/\/lafilledecorinthe.com\/wordpress\/wp-json\/wp\/v2\/media?parent=7264"}],"wp:term":[{"taxonomy":"category","embeddable":true,"href":"https:\/\/lafilledecorinthe.com\/wordpress\/wp-json\/wp\/v2\/categories?post=7264"},{"taxonomy":"post_tag","embeddable":true,"href":"https:\/\/lafilledecorinthe.com\/wordpress\/wp-json\/wp\/v2\/tags?post=7264"}],"curies":[{"name":"wp","href":"https:\/\/api.w.org\/{rel}","templated":true}]}}