{"id":7243,"date":"2016-02-18T10:20:13","date_gmt":"2016-02-18T09:20:13","guid":{"rendered":"http:\/\/lafilledecorinthe.com\/wordpress\/?p=7243"},"modified":"2025-12-07T22:21:28","modified_gmt":"2025-12-07T21:21:28","slug":"ferda-la-fourmi-au-select-dantony","status":"publish","type":"post","link":"https:\/\/lafilledecorinthe.com\/wordpress\/2016\/02\/ferda-la-fourmi-au-select-dantony\/","title":{"rendered":"\u00ab\u00a0Ferda la fourmi\u00a0\u00bb au S\u00e9lect d&rsquo;Antony"},"content":{"rendered":"\n<p><em>Le film d&rsquo;animation est un conte de f\u00e9es mobile du XXe si\u00e8cle. Mon objectif est de faire revivre les objets : des jouets, des marionnettes ou des objets quelconques qui entourent les enfants. Je pense que tous les enfants ressentent le besoin de beaut\u00e9, du sentiment et surtout de la joie. Et c&rsquo;est ce que j&rsquo;essaie de leur procurer par l&rsquo;interm\u00e9diaire de mes films. &nbsp; &nbsp; &nbsp; &nbsp; &nbsp; &nbsp; &nbsp; &nbsp; &nbsp; &nbsp; &nbsp; &nbsp; &nbsp; &nbsp; &nbsp; &nbsp; &nbsp; &nbsp; &nbsp;<\/em>Hermina Tyrlova, extrait du \u00ab\u00a0quatre pages\u00a0\u00bb&nbsp;r\u00e9alis\u00e9&nbsp;par&nbsp;<a href=\"http:\/\/www.malavidafilms.com\/cinema\/ferda?PHPSESSID=48551fcde477d68e40e03b1fc33412bb\">Malavida<\/a><\/p>\n\n\n\n<p>Moins connue en France que sa concitoyenne <em>La Petite Taupe, Ferda<\/em>&nbsp;est une h\u00e9ro\u00efne en R\u00e9publique Tch\u00e8que. Cr\u00e9\u00e9e en 1933 par Ondrej Sekora sous la forme d&rsquo;une bande dessin\u00e9e, elle a pris vie sous les doigts agiles d&rsquo;Hermina Tyrlova. Ferda donne son nom \u00e0&nbsp;un programme de cinq courts m\u00e9trages r\u00e9alis\u00e9s entre 1968 et 1986 par une&nbsp;grande dame de l&rsquo;animation tch\u00e8que. A d\u00e9couvrir sur nos \u00e9crans !<\/p>\n\n\n<div class=\"wp-block-image\">\n<figure class=\"aligncenter\"><a href=\"https:\/\/lafilledecorinthe.com\/wordpress\/wp-content\/uploads\/2016\/02\/livre2.jpg\"><img loading=\"lazy\" decoding=\"async\" width=\"278\" height=\"400\" src=\"https:\/\/lafilledecorinthe.com\/wordpress\/wp-content\/uploads\/2016\/02\/livre2.jpg\" alt=\"livre2\" class=\"wp-image-7245\" srcset=\"https:\/\/lafilledecorinthe.com\/wordpress\/wp-content\/uploads\/2016\/02\/livre2.jpg 278w, https:\/\/lafilledecorinthe.com\/wordpress\/wp-content\/uploads\/2016\/02\/livre2-209x300.jpg 209w\" sizes=\"auto, (max-width: 278px) 100vw, 278px\" \/><\/a><\/figure>\n<\/div>\n\n\n<p>A notre tour, nous donnons vie \u00e0 des bouchons et des bonbons !<\/p>\n\n\n<div class=\"wp-block-image\">\n<figure class=\"aligncenter\"><a href=\"https:\/\/lafilledecorinthe.com\/wordpress\/wp-content\/uploads\/2016\/02\/2.jpg\"><img loading=\"lazy\" decoding=\"async\" width=\"2211\" height=\"1613\" src=\"https:\/\/lafilledecorinthe.com\/wordpress\/wp-content\/uploads\/2016\/02\/2.jpg\" alt=\"Quelle patience et minutie pour cette jeune demoiselle de quatre ans !\" class=\"wp-image-7248\" srcset=\"https:\/\/lafilledecorinthe.com\/wordpress\/wp-content\/uploads\/2016\/02\/2.jpg 2211w, https:\/\/lafilledecorinthe.com\/wordpress\/wp-content\/uploads\/2016\/02\/2-680x496.jpg 680w, https:\/\/lafilledecorinthe.com\/wordpress\/wp-content\/uploads\/2016\/02\/2-1280x934.jpg 1280w, https:\/\/lafilledecorinthe.com\/wordpress\/wp-content\/uploads\/2016\/02\/2-411x300.jpg 411w\" sizes=\"auto, (max-width: 2211px) 100vw, 2211px\" \/><\/a><figcaption class=\"wp-element-caption\">Quelle patience et quelle minutie pour cette jeune demoiselle de quatre ans !<\/figcaption><\/figure>\n<\/div>\n\n<div class=\"wp-block-image\">\n<figure class=\"aligncenter\"><a href=\"https:\/\/lafilledecorinthe.com\/wordpress\/wp-content\/uploads\/2016\/02\/atelier-Ferda-15.jpg\"><img loading=\"lazy\" decoding=\"async\" width=\"5152\" height=\"3864\" src=\"https:\/\/lafilledecorinthe.com\/wordpress\/wp-content\/uploads\/2016\/02\/atelier-Ferda-15.jpg\" alt=\"atelier Ferda (15)\" class=\"wp-image-7259\" srcset=\"https:\/\/lafilledecorinthe.com\/wordpress\/wp-content\/uploads\/2016\/02\/atelier-Ferda-15.jpg 5152w, https:\/\/lafilledecorinthe.com\/wordpress\/wp-content\/uploads\/2016\/02\/atelier-Ferda-15-680x510.jpg 680w, https:\/\/lafilledecorinthe.com\/wordpress\/wp-content\/uploads\/2016\/02\/atelier-Ferda-15-1280x960.jpg 1280w, https:\/\/lafilledecorinthe.com\/wordpress\/wp-content\/uploads\/2016\/02\/atelier-Ferda-15-400x300.jpg 400w\" sizes=\"auto, (max-width: 5152px) 100vw, 5152px\" \/><\/a><figcaption class=\"wp-element-caption\">L&rsquo;autonomie s&rsquo;apprend tr\u00e8s vite !<\/figcaption><\/figure>\n<\/div>\n\n\n<p>&nbsp;<\/p>\n\n\n<div class=\"wp-block-image\">\n<figure class=\"aligncenter\"><a href=\"https:\/\/lafilledecorinthe.com\/wordpress\/wp-content\/uploads\/2016\/02\/3.jpg\"><img loading=\"lazy\" decoding=\"async\" width=\"1629\" height=\"2098\" src=\"https:\/\/lafilledecorinthe.com\/wordpress\/wp-content\/uploads\/2016\/02\/3.jpg\" alt=\"Les trois animatrices crient en choeur &quot; photo&quot; \u00e0 l'op\u00e9rateur !\" class=\"wp-image-7249\" srcset=\"https:\/\/lafilledecorinthe.com\/wordpress\/wp-content\/uploads\/2016\/02\/3.jpg 1629w, https:\/\/lafilledecorinthe.com\/wordpress\/wp-content\/uploads\/2016\/02\/3-528x680.jpg 528w, https:\/\/lafilledecorinthe.com\/wordpress\/wp-content\/uploads\/2016\/02\/3-994x1280.jpg 994w, https:\/\/lafilledecorinthe.com\/wordpress\/wp-content\/uploads\/2016\/02\/3-233x300.jpg 233w\" sizes=\"auto, (max-width: 1629px) 100vw, 1629px\" \/><\/a><figcaption class=\"wp-element-caption\">Les trois animatrices crient en choeur \u00a0\u00bb photo\u00a0\u00bb \u00e0 l&rsquo;op\u00e9rateur !<\/figcaption><\/figure>\n<\/div>\n\n<div class=\"wp-block-image\">\n<figure class=\"aligncenter\"><a href=\"https:\/\/lafilledecorinthe.com\/wordpress\/wp-content\/uploads\/2016\/02\/thaumatrope.jpg\"><img loading=\"lazy\" decoding=\"async\" width=\"1936\" height=\"2592\" src=\"https:\/\/lafilledecorinthe.com\/wordpress\/wp-content\/uploads\/2016\/02\/thaumatrope.jpg\" alt=\"Et pour finir chaque enfant r\u00e9alise son thaumatrope.\" class=\"wp-image-7250\" srcset=\"https:\/\/lafilledecorinthe.com\/wordpress\/wp-content\/uploads\/2016\/02\/thaumatrope.jpg 1936w, https:\/\/lafilledecorinthe.com\/wordpress\/wp-content\/uploads\/2016\/02\/thaumatrope-508x680.jpg 508w, https:\/\/lafilledecorinthe.com\/wordpress\/wp-content\/uploads\/2016\/02\/thaumatrope-956x1280.jpg 956w, https:\/\/lafilledecorinthe.com\/wordpress\/wp-content\/uploads\/2016\/02\/thaumatrope-224x300.jpg 224w\" sizes=\"auto, (max-width: 1936px) 100vw, 1936px\" \/><\/a><figcaption class=\"wp-element-caption\">Et pour finir chaque enfant r\u00e9alise son thaumatrope.<\/figcaption><\/figure>\n<\/div>\n\n<div class=\"wp-block-image\">\n<figure class=\"aligncenter\"><a href=\"https:\/\/lafilledecorinthe.com\/wordpress\/wp-content\/uploads\/2016\/02\/atelier-Ferda-23.jpg\"><img loading=\"lazy\" decoding=\"async\" width=\"800\" height=\"592\" src=\"https:\/\/lafilledecorinthe.com\/wordpress\/wp-content\/uploads\/2016\/02\/atelier-Ferda-23.jpg\" alt=\"atelier Ferda (23)\" class=\"wp-image-7261\" srcset=\"https:\/\/lafilledecorinthe.com\/wordpress\/wp-content\/uploads\/2016\/02\/atelier-Ferda-23.jpg 800w, https:\/\/lafilledecorinthe.com\/wordpress\/wp-content\/uploads\/2016\/02\/atelier-Ferda-23-680x503.jpg 680w, https:\/\/lafilledecorinthe.com\/wordpress\/wp-content\/uploads\/2016\/02\/atelier-Ferda-23-405x300.jpg 405w\" sizes=\"auto, (max-width: 800px) 100vw, 800px\" \/><\/a><figcaption class=\"wp-element-caption\">Les grands n&rsquo;h\u00e9sitent pas \u00e0 participer !<\/figcaption><\/figure>\n<\/div>\n\n\n<p>Et voil\u00e0 le travail !<\/p>\n\n\n\n<figure class=\"wp-block-embed is-type-video is-provider-vimeo wp-block-embed-vimeo wp-embed-aspect-16-9 wp-has-aspect-ratio\"><div class=\"wp-block-embed__wrapper\">\n<iframe loading=\"lazy\" title=\"Ferda\" src=\"https:\/\/player.vimeo.com\/video\/155796117?dnt=1&amp;app_id=122963\" width=\"720\" height=\"405\" frameborder=\"0\" allow=\"autoplay; fullscreen; picture-in-picture; clipboard-write; encrypted-media; web-share\" referrerpolicy=\"strict-origin-when-cross-origin\"><\/iframe>\n<\/div><\/figure>\n","protected":false},"excerpt":{"rendered":"<p>Le film d&rsquo;animation est un conte de f\u00e9es mobile du XXe si\u00e8cle. Mon objectif est de faire revivre les objets : des jouets, des marionnettes ou des objets quelconques qui entourent les enfants. Je pense que tous les enfants ressentent le besoin de beaut\u00e9, du sentiment et surtout de la joie. Et c&rsquo;est ce que&#8230;<\/p>\n","protected":false},"author":2,"featured_media":15086,"comment_status":"open","ping_status":"open","sticky":false,"template":"","format":"standard","meta":{"_kad_post_transparent":"","_kad_post_title":"","_kad_post_layout":"","_kad_post_sidebar_id":"","_kad_post_content_style":"","_kad_post_vertical_padding":"","_kad_post_feature":"","_kad_post_feature_position":"","_kad_post_header":false,"_kad_post_footer":false,"_kad_post_classname":"","footnotes":""},"categories":[7],"tags":[1234,1237,1236,1235],"class_list":["post-7243","post","type-post","status-publish","format-standard","has-post-thumbnail","hentry","category-ateliers-enfants","tag-ferda-la-fourmi","tag-hermina-tyrlova","tag-ondrej-sekora","tag-select-dantony"],"_links":{"self":[{"href":"https:\/\/lafilledecorinthe.com\/wordpress\/wp-json\/wp\/v2\/posts\/7243","targetHints":{"allow":["GET"]}}],"collection":[{"href":"https:\/\/lafilledecorinthe.com\/wordpress\/wp-json\/wp\/v2\/posts"}],"about":[{"href":"https:\/\/lafilledecorinthe.com\/wordpress\/wp-json\/wp\/v2\/types\/post"}],"author":[{"embeddable":true,"href":"https:\/\/lafilledecorinthe.com\/wordpress\/wp-json\/wp\/v2\/users\/2"}],"replies":[{"embeddable":true,"href":"https:\/\/lafilledecorinthe.com\/wordpress\/wp-json\/wp\/v2\/comments?post=7243"}],"version-history":[{"count":14,"href":"https:\/\/lafilledecorinthe.com\/wordpress\/wp-json\/wp\/v2\/posts\/7243\/revisions"}],"predecessor-version":[{"id":15085,"href":"https:\/\/lafilledecorinthe.com\/wordpress\/wp-json\/wp\/v2\/posts\/7243\/revisions\/15085"}],"wp:featuredmedia":[{"embeddable":true,"href":"https:\/\/lafilledecorinthe.com\/wordpress\/wp-json\/wp\/v2\/media\/15086"}],"wp:attachment":[{"href":"https:\/\/lafilledecorinthe.com\/wordpress\/wp-json\/wp\/v2\/media?parent=7243"}],"wp:term":[{"taxonomy":"category","embeddable":true,"href":"https:\/\/lafilledecorinthe.com\/wordpress\/wp-json\/wp\/v2\/categories?post=7243"},{"taxonomy":"post_tag","embeddable":true,"href":"https:\/\/lafilledecorinthe.com\/wordpress\/wp-json\/wp\/v2\/tags?post=7243"}],"curies":[{"name":"wp","href":"https:\/\/api.w.org\/{rel}","templated":true}]}}