{"id":717,"date":"2012-04-25T15:15:42","date_gmt":"2012-04-25T14:15:42","guid":{"rendered":"http:\/\/lafilledecorinthe.com\/wordpress\/?p=717"},"modified":"2025-12-10T17:39:52","modified_gmt":"2025-12-10T16:39:52","slug":"couleur-de-peau-miel-de-jung-et-boileau","status":"publish","type":"post","link":"https:\/\/lafilledecorinthe.com\/wordpress\/2012\/04\/couleur-de-peau-miel-de-jung-et-boileau\/","title":{"rendered":"\u00ab\u00a0Couleur de peau : miel\u00a0\u00bb de Jung et Boileau"},"content":{"rendered":"\n<p class=\"has-text-align-left\">Jung r\u00e9ussit dans son roman graphique \u00ab\u00a0Couleur de peau : miel\u00a0\u00bb \u00e0 nous offrir un r\u00e9cit tr\u00e8s personnel et universel \u00e0 la fois. Il raconte son adoption \u00e0 l&rsquo;\u00e2ge de 5 ans par une famille belge. Son r\u00e9cit chronologique, de la naissance \u00e0 \u00ab\u00a0aujourd&rsquo;hui\u00a0\u00bb, articule diff\u00e9rents registres qui s&rsquo;entrelacent ; la chronique de son enfance et de son adolescence, des donn\u00e9es sur l&rsquo;adoption des enfants cor\u00e9ens, ses interrogations d&rsquo;adulte et aussi les r\u00eaves et les cauchemars qui l&rsquo;ont accompagn\u00e9 tout au long de son parcours. Ses dessins tr\u00e8s expressifs sont en noir et blanc, son style graphique est volontairement tr\u00e8s fluctuant, de la caricature au dessin artistique.<\/p>\n\n\n\n<figure class=\"wp-block-image size-full\"><img loading=\"lazy\" decoding=\"async\" width=\"856\" height=\"1200\" src=\"https:\/\/lafilledecorinthe.com\/wordpress\/wp-content\/uploads\/2012\/04\/22couleur-de-peau-miel22-JUNG-tome-1-Quadrants.webp\" alt=\"\" class=\"wp-image-15435\" srcset=\"https:\/\/lafilledecorinthe.com\/wordpress\/wp-content\/uploads\/2012\/04\/22couleur-de-peau-miel22-JUNG-tome-1-Quadrants.webp 856w, https:\/\/lafilledecorinthe.com\/wordpress\/wp-content\/uploads\/2012\/04\/22couleur-de-peau-miel22-JUNG-tome-1-Quadrants-485x680.webp 485w, https:\/\/lafilledecorinthe.com\/wordpress\/wp-content\/uploads\/2012\/04\/22couleur-de-peau-miel22-JUNG-tome-1-Quadrants-768x1077.webp 768w\" sizes=\"auto, (max-width: 856px) 100vw, 856px\" \/><\/figure>\n\n\n\n<p>L&rsquo;adaptation de la BD au cin\u00e9ma est n\u00e9e d&rsquo;une rencontre, celle de Jung avec le r\u00e9alisateur documentariste Laurent Boileau. Ils font ensemble le choix d&rsquo;accentuer la forme composite du livre m\u00e9langeant des prises de vues r\u00e9elles \u00e0 l&rsquo;animation. Des extraits de films familiaux tourn\u00e9s en Super 8, des films d&rsquo;actualit\u00e9 et des s\u00e9quences film\u00e9es lors du retour de Jung en Cor\u00e9e viennent compl\u00e9ter l&rsquo;animation du r\u00e9cit.<\/p>\n\n\n<div class=\"wp-block-image\">\n<figure class=\"aligncenter size-medium\"><a href=\"https:\/\/lafilledecorinthe.com\/wordpress\/wp-content\/uploads\/2012\/04\/03-CPM_018.jpg\"><img loading=\"lazy\" decoding=\"async\" width=\"680\" height=\"366\" src=\"https:\/\/lafilledecorinthe.com\/wordpress\/wp-content\/uploads\/2012\/04\/03-CPM_018-680x366.jpg\" alt=\"\" class=\"wp-image-723\" srcset=\"https:\/\/lafilledecorinthe.com\/wordpress\/wp-content\/uploads\/2012\/04\/03-CPM_018-680x366.jpg 680w, https:\/\/lafilledecorinthe.com\/wordpress\/wp-content\/uploads\/2012\/04\/03-CPM_018-1280x689.jpg 1280w, https:\/\/lafilledecorinthe.com\/wordpress\/wp-content\/uploads\/2012\/04\/03-CPM_018-500x269.jpg 500w, https:\/\/lafilledecorinthe.com\/wordpress\/wp-content\/uploads\/2012\/04\/03-CPM_018.jpg 1972w\" sizes=\"auto, (max-width: 680px) 100vw, 680px\" \/><\/a><figcaption class=\"wp-element-caption\">\u00ab\u00a0Couleur de peau : miel\u00a0\u00bb BOILEAU &amp;JUNG Gebeka Films<\/figcaption><\/figure>\n<\/div>\n\n\n<p>Ce choix formel est au service de l&rsquo;histoire, il rend compte de la complexit\u00e9 des origines, des relations qui se tissent, des points de vue qui se compl\u00e8tent. J&rsquo;ai \u00e9t\u00e9 particuli\u00e8rement touch\u00e9e par les liens de Jung avec sa m\u00e8re adoptive, par l&rsquo;importance de la parole et des gestes dans l&rsquo;expression de leurs sentiments. L&rsquo;adoption est \u00e0 double sens, rencontre fragile s&rsquo;il en est !<\/p>\n\n\n\n<p>A la fin du tome 2, Jung annon\u00e7ait son voyage en Cor\u00e9e qu&rsquo;il a r\u00e9alis\u00e9 pour le film. Au del\u00e0 d&rsquo;une stricte adaptation, c&rsquo;est \u00e0 un v\u00e9ritable passage de t\u00e9moin auquel nous assistons. Et pour notre plus grand bonheur, ce n&rsquo;est pas termin\u00e9, Jung travaille au tome 3 de la BD.<\/p>\n","protected":false},"excerpt":{"rendered":"<p>Jung r\u00e9ussit dans son roman graphique \u00ab\u00a0Couleur de peau : miel\u00a0\u00bb \u00e0 nous offrir un r\u00e9cit tr\u00e8s personnel et universel \u00e0 la fois. Il raconte son adoption \u00e0 l&rsquo;\u00e2ge de 5 ans par une famille belge. Son r\u00e9cit chronologique, de la naissance \u00e0 \u00ab\u00a0aujourd&rsquo;hui\u00a0\u00bb, articule diff\u00e9rents registres qui s&rsquo;entrelacent ; la chronique de son enfance&#8230;<\/p>\n","protected":false},"author":2,"featured_media":15484,"comment_status":"open","ping_status":"open","sticky":false,"template":"","format":"standard","meta":{"_kad_post_transparent":"","_kad_post_title":"","_kad_post_layout":"","_kad_post_sidebar_id":"","_kad_post_content_style":"","_kad_post_vertical_padding":"","_kad_post_feature":"","_kad_post_feature_position":"","_kad_post_header":false,"_kad_post_footer":false,"_kad_post_classname":"","footnotes":""},"categories":[6,13],"tags":[12,86,85,47,84],"class_list":["post-717","post","type-post","status-publish","format-standard","has-post-thumbnail","hentry","category-blog","category-sorties-culturelles","tag-adaptation","tag-adoption","tag-boileau","tag-coree","tag-jung"],"_links":{"self":[{"href":"https:\/\/lafilledecorinthe.com\/wordpress\/wp-json\/wp\/v2\/posts\/717","targetHints":{"allow":["GET"]}}],"collection":[{"href":"https:\/\/lafilledecorinthe.com\/wordpress\/wp-json\/wp\/v2\/posts"}],"about":[{"href":"https:\/\/lafilledecorinthe.com\/wordpress\/wp-json\/wp\/v2\/types\/post"}],"author":[{"embeddable":true,"href":"https:\/\/lafilledecorinthe.com\/wordpress\/wp-json\/wp\/v2\/users\/2"}],"replies":[{"embeddable":true,"href":"https:\/\/lafilledecorinthe.com\/wordpress\/wp-json\/wp\/v2\/comments?post=717"}],"version-history":[{"count":16,"href":"https:\/\/lafilledecorinthe.com\/wordpress\/wp-json\/wp\/v2\/posts\/717\/revisions"}],"predecessor-version":[{"id":15483,"href":"https:\/\/lafilledecorinthe.com\/wordpress\/wp-json\/wp\/v2\/posts\/717\/revisions\/15483"}],"wp:featuredmedia":[{"embeddable":true,"href":"https:\/\/lafilledecorinthe.com\/wordpress\/wp-json\/wp\/v2\/media\/15484"}],"wp:attachment":[{"href":"https:\/\/lafilledecorinthe.com\/wordpress\/wp-json\/wp\/v2\/media?parent=717"}],"wp:term":[{"taxonomy":"category","embeddable":true,"href":"https:\/\/lafilledecorinthe.com\/wordpress\/wp-json\/wp\/v2\/categories?post=717"},{"taxonomy":"post_tag","embeddable":true,"href":"https:\/\/lafilledecorinthe.com\/wordpress\/wp-json\/wp\/v2\/tags?post=717"}],"curies":[{"name":"wp","href":"https:\/\/api.w.org\/{rel}","templated":true}]}}