{"id":7136,"date":"2016-01-27T17:15:13","date_gmt":"2016-01-27T16:15:13","guid":{"rendered":"http:\/\/lafilledecorinthe.com\/wordpress\/?p=7136"},"modified":"2025-12-05T16:51:42","modified_gmt":"2025-12-05T15:51:42","slug":"ecole-et-cinema-93-jeux-dimages-de-norman-mclaren","status":"publish","type":"post","link":"https:\/\/lafilledecorinthe.com\/wordpress\/2016\/01\/ecole-et-cinema-93-jeux-dimages-de-norman-mclaren\/","title":{"rendered":"Ecole et cin\u00e9ma 93 : Jeux d&rsquo;images de Norman McLaren"},"content":{"rendered":"\n<p class=\"has-text-align-left\"><em>\u00ab\u00a0Mon but \u00e9tait d&rsquo;essayer de faire comprendre au spectateur de fa\u00e7on tr\u00e8s m\u00e9thodique et tr\u00e8s rigoureuse, comment s&rsquo;\u00e9tablissent les correspondances entre le son et la musique\u00a0\u00bb<\/em><br>Norman McLaren cit\u00e9\u00a0sur le site <a href=\"http:\/\/www.sonore-visuel.fr\/artiste\/norman-mclaren\" target=\"_blank\" rel=\"noopener\">Sonore Visuel<\/a><\/p>\n\n\n\n<p class=\"has-text-align-left\"><strong>Projection-conf\u00e9rence :<\/strong><br>Jeux d&rsquo;images de Norman McLaren<br><a href=\"http:\/\/www.enfants-de-cinema.com\/2011\/films\/jeux-images.html\" target=\"_blank\" rel=\"noopener\">Programme<\/a> de sept courts m\u00e9trages<br>Cin\u00e9ma l&rsquo;Etoile de la Courneuve<br>Jeudi 4 f\u00e9vrier 2016<br>Espace des Arts, salle Philippe Noiret des Pavillons sous bois<br>Lundi 15 f\u00e9vrier 2016<\/p>\n\n\n\n<p class=\"has-text-align-left\">Document accompagnant la conf\u00e9rence&nbsp;<a href=\"https:\/\/lafilledecorinthe.com\/wordpress\/wp-content\/uploads\/2016\/01\/Jeux-dimages.pdf\">Jeux d&rsquo;images<\/a><\/p>\n\n\n\n<p class=\"has-text-align-left\">Photogrammes de <em>Blinkity Blank<\/em> :&nbsp;<a href=\"https:\/\/lafilledecorinthe.com\/wordpress\/wp-content\/uploads\/2016\/01\/une-histoire-doiseau-.pdf\">une histoire d&rsquo;oiseau&nbsp;<\/a>et&nbsp;<a href=\"https:\/\/lafilledecorinthe.com\/wordpress\/wp-content\/uploads\/2016\/01\/dun-oiseau-a\u0300-lautre-salade-de-fruits-.pdf\">d&rsquo;un oiseau a\u0300 l&rsquo;autre &#8211; salade de fruits !<\/a><\/p>\n\n\n\n<p class=\"has-text-align-left\">Un tr\u00e8s beau documentaire anim\u00e9 sur l&rsquo;oeuvre de Norman McLaren :<\/p>\n\n\n\n<p><iframe loading=\"lazy\" src=\"https:\/\/www.onf.ca\/film\/negatifs_de_mclaren\/embed\/player\" width=\"560\" height=\"315\" frameborder=\"0\"><\/iframe><\/p>\n\n\n\n<p><a href=\"https:\/\/www.onf.ca\/film\/negatifs_de_mclaren\" target=\"_blank\" rel=\"noopener\"><em>Les n\u00e9gatifs de McLaren<\/em><\/a> par <a title=\"plus de films par  Marie-Jos\u00e9e Saint-Pierre\" href=\"https:\/\/www.onf.ca\/explorer-tous-les-cineastes\/marie-josee-saint-pierre\/\" target=\"_blank\" rel=\"noopener\">Marie-Jos\u00e9e Saint-Pierre<\/a>, <a href=\"https:\/\/www.onf.ca\" target=\"_blank\" rel=\"noopener\">Office national du film du Canada<\/a><\/p>\n\n\n\n<p>La m\u00e9thode de travail de Norman McLaren pour dessiner du son :<\/p>\n\n\n\n<p><iframe loading=\"lazy\" src=\"https:\/\/www.nfb.ca\/film\/pen_point_percussion\/embed\/player\" width=\"560\" height=\"315\" frameborder=\"0\"><\/iframe><\/p>\n\n\n\n<p><a href=\"https:\/\/www.nfb.ca\/film\/pen_point_percussion\" target=\"_blank\" rel=\"noopener\"><em>Pen Point Percussion<\/em><\/a> by <a title=\"more films by Norman McLaren\" href=\"https:\/\/www.nfb.ca\/explore-all-directors\/norman-mclaren\/\" target=\"_blank\" rel=\"noopener\">Norman McLaren<\/a>, <a href=\"https:\/\/www.nfb.ca\" target=\"_blank\" rel=\"noopener\">National Film Board of Canada<\/a><\/p>\n\n\n\n<p>Ravi Shankar a particip\u00e9 \u00e0 la musique d&rsquo;<em>Il \u00e9tait une chaise.<\/em><br>Pour d\u00e9couvrir son instrument, le sitar :<\/p>\n\n\n\n<figure class=\"wp-block-embed is-type-video is-provider-youtube wp-block-embed-youtube wp-embed-aspect-16-9 wp-has-aspect-ratio\"><div class=\"wp-block-embed__wrapper\">\n<iframe loading=\"lazy\" title=\"Ravi Shankar - Tenth Decade in Concert: Live In Escondido (Goonga Sitar)\" width=\"720\" height=\"405\" src=\"https:\/\/www.youtube.com\/embed\/8FWEJiCNPUg?feature=oembed\" frameborder=\"0\" allow=\"accelerometer; autoplay; clipboard-write; encrypted-media; gyroscope; picture-in-picture; web-share\" referrerpolicy=\"strict-origin-when-cross-origin\" allowfullscreen><\/iframe>\n<\/div><\/figure>\n\n\n\n<p>Un&nbsp;album de Bruno Heitz explore aussi la r\u00e9volte d&rsquo;une chaise face \u00e0 tous ces derri\u00e8res impudents &#8230; tr\u00e8s dr\u00f4le !<\/p>\n\n\n<div class=\"wp-block-image\">\n<figure class=\"aligncenter\"><a href=\"https:\/\/lafilledecorinthe.com\/wordpress\/wp-content\/uploads\/2016\/01\/il-e\u0301tait-une-chaise-1.jpg\"><img loading=\"lazy\" decoding=\"async\" width=\"2606\" height=\"2379\" src=\"https:\/\/lafilledecorinthe.com\/wordpress\/wp-content\/uploads\/2016\/01\/il-e\u0301tait-une-chaise-1.jpg\" alt=\"Il \u00e9tait une chaise de Bruno Heitz, Editions Belize, 2007\" class=\"wp-image-7173\" srcset=\"https:\/\/lafilledecorinthe.com\/wordpress\/wp-content\/uploads\/2016\/01\/il-e\u0301tait-une-chaise-1.jpg 2606w, https:\/\/lafilledecorinthe.com\/wordpress\/wp-content\/uploads\/2016\/01\/il-e\u0301tait-une-chaise-1-680x621.jpg 680w, https:\/\/lafilledecorinthe.com\/wordpress\/wp-content\/uploads\/2016\/01\/il-e\u0301tait-une-chaise-1-1280x1169.jpg 1280w, https:\/\/lafilledecorinthe.com\/wordpress\/wp-content\/uploads\/2016\/01\/il-e\u0301tait-une-chaise-1-329x300.jpg 329w\" sizes=\"auto, (max-width: 2606px) 100vw, 2606px\" \/><\/a><figcaption class=\"wp-element-caption\">Il \u00e9tait une chaise de Bruno Heitz, Editions Belize, 2007<\/figcaption><\/figure>\n<\/div>","protected":false},"excerpt":{"rendered":"<p>\u00ab\u00a0Mon but \u00e9tait d&rsquo;essayer de faire comprendre au spectateur de fa\u00e7on tr\u00e8s m\u00e9thodique et tr\u00e8s rigoureuse, comment s&rsquo;\u00e9tablissent les correspondances entre le son et la musique\u00a0\u00bbNorman McLaren cit\u00e9\u00a0sur le site Sonore Visuel Projection-conf\u00e9rence :Jeux d&rsquo;images de Norman McLarenProgramme de sept courts m\u00e9tragesCin\u00e9ma l&rsquo;Etoile de la CourneuveJeudi 4 f\u00e9vrier 2016Espace des Arts, salle Philippe Noiret des&#8230;<\/p>\n","protected":false},"author":2,"featured_media":7137,"comment_status":"open","ping_status":"open","sticky":false,"template":"","format":"standard","meta":{"_kad_post_transparent":"","_kad_post_title":"","_kad_post_layout":"","_kad_post_sidebar_id":"","_kad_post_content_style":"","_kad_post_vertical_padding":"","_kad_post_feature":"","_kad_post_feature_position":"","_kad_post_header":false,"_kad_post_footer":false,"_kad_post_classname":"","footnotes":""},"categories":[8],"tags":[1225,1226,1219,1218,1227,1109,1221,1222,570,1223,1224,1220],"class_list":["post-7136","post","type-post","status-publish","format-standard","has-post-thumbnail","hentry","category-formations-adultes","tag-blinkity-blank","tag-bruno-heitz","tag-cinema-letoile-de-la-courneuve","tag-ecole-et-cinema-93","tag-il-etait-une-chaise","tag-jeux-dimages","tag-les-negatifs-de-mclaren","tag-marie-josee-saint-pierre","tag-norman-mclaren","tag-onf","tag-ravi-shankar","tag-salle-philippe-noiret-des-pavillons-sous-bois"],"_links":{"self":[{"href":"https:\/\/lafilledecorinthe.com\/wordpress\/wp-json\/wp\/v2\/posts\/7136","targetHints":{"allow":["GET"]}}],"collection":[{"href":"https:\/\/lafilledecorinthe.com\/wordpress\/wp-json\/wp\/v2\/posts"}],"about":[{"href":"https:\/\/lafilledecorinthe.com\/wordpress\/wp-json\/wp\/v2\/types\/post"}],"author":[{"embeddable":true,"href":"https:\/\/lafilledecorinthe.com\/wordpress\/wp-json\/wp\/v2\/users\/2"}],"replies":[{"embeddable":true,"href":"https:\/\/lafilledecorinthe.com\/wordpress\/wp-json\/wp\/v2\/comments?post=7136"}],"version-history":[{"count":38,"href":"https:\/\/lafilledecorinthe.com\/wordpress\/wp-json\/wp\/v2\/posts\/7136\/revisions"}],"predecessor-version":[{"id":14695,"href":"https:\/\/lafilledecorinthe.com\/wordpress\/wp-json\/wp\/v2\/posts\/7136\/revisions\/14695"}],"wp:featuredmedia":[{"embeddable":true,"href":"https:\/\/lafilledecorinthe.com\/wordpress\/wp-json\/wp\/v2\/media\/7137"}],"wp:attachment":[{"href":"https:\/\/lafilledecorinthe.com\/wordpress\/wp-json\/wp\/v2\/media?parent=7136"}],"wp:term":[{"taxonomy":"category","embeddable":true,"href":"https:\/\/lafilledecorinthe.com\/wordpress\/wp-json\/wp\/v2\/categories?post=7136"},{"taxonomy":"post_tag","embeddable":true,"href":"https:\/\/lafilledecorinthe.com\/wordpress\/wp-json\/wp\/v2\/tags?post=7136"}],"curies":[{"name":"wp","href":"https:\/\/api.w.org\/{rel}","templated":true}]}}