{"id":7056,"date":"2016-01-17T15:17:57","date_gmt":"2016-01-17T14:17:57","guid":{"rendered":"http:\/\/lafilledecorinthe.com\/wordpress\/?p=7056"},"modified":"2025-12-07T08:44:52","modified_gmt":"2025-12-07T07:44:52","slug":"souriez-vous-etes-filmes-a-lecole-guy-moquet-de-malakoff","status":"publish","type":"post","link":"https:\/\/lafilledecorinthe.com\/wordpress\/2016\/01\/souriez-vous-etes-filmes-a-lecole-guy-moquet-de-malakoff\/","title":{"rendered":"\u00ab\u00a0Souriez, vous \u00eates film\u00e9s !\u00a0\u00bb \u00e0 l&rsquo;\u00e9cole Guy Moqu\u00eat de Malakoff"},"content":{"rendered":"\n<p>Les deux classes de CP de Claudine Moissard et de Val\u00e9rie M\u00e9ridan sont engag\u00e9es dans un tr\u00e8s beau projet sur l&rsquo;image,<em>&nbsp;\u00ab\u00a0Souriez, vous \u00eates film\u00e9s !\u00a0\u00bb.&nbsp;<\/em>Dans ce cadre, je suis all\u00e9e animer un atelier d&rsquo;initiation au cin\u00e9ma d&rsquo;animation&#8230;<\/p>\n\n\n\n<p>L&rsquo;histoire des images qui bougent commencent tr\u00e8s t\u00f4t&#8230;&nbsp;Lorsque l&rsquo;homme a pris conscience de son ombre et de son potentiel cr\u00e9atif !<\/p>\n\n\n<div class=\"wp-block-image\">\n<figure class=\"aligncenter\"><a href=\"https:\/\/lafilledecorinthe.com\/wordpress\/wp-content\/uploads\/2016\/01\/ombre-vache.jpg\"><img loading=\"lazy\" decoding=\"async\" width=\"3141\" height=\"2364\" src=\"https:\/\/lafilledecorinthe.com\/wordpress\/wp-content\/uploads\/2016\/01\/ombre-vache.jpg\" alt=\"Oh ! La belle vache !\" class=\"wp-image-7058\" srcset=\"https:\/\/lafilledecorinthe.com\/wordpress\/wp-content\/uploads\/2016\/01\/ombre-vache.jpg 3141w, https:\/\/lafilledecorinthe.com\/wordpress\/wp-content\/uploads\/2016\/01\/ombre-vache-680x512.jpg 680w, https:\/\/lafilledecorinthe.com\/wordpress\/wp-content\/uploads\/2016\/01\/ombre-vache-1280x963.jpg 1280w, https:\/\/lafilledecorinthe.com\/wordpress\/wp-content\/uploads\/2016\/01\/ombre-vache-399x300.jpg 399w\" sizes=\"auto, (max-width: 3141px) 100vw, 3141px\" \/><\/a><figcaption class=\"wp-element-caption\">Oh ! La belle vache !<\/figcaption><\/figure>\n<\/div>\n\n<div class=\"wp-block-image\">\n<figure class=\"aligncenter\"><a href=\"https:\/\/lafilledecorinthe.com\/wordpress\/wp-content\/uploads\/2016\/01\/ombre2.jpg\"><img loading=\"lazy\" decoding=\"async\" width=\"2048\" height=\"1430\" src=\"https:\/\/lafilledecorinthe.com\/wordpress\/wp-content\/uploads\/2016\/01\/ombre2.jpg\" alt=\"L'utilisation de marionnettes augmente encore les possibilit\u00e9s de cr\u00e9ation...\" class=\"wp-image-7061\" srcset=\"https:\/\/lafilledecorinthe.com\/wordpress\/wp-content\/uploads\/2016\/01\/ombre2.jpg 2048w, https:\/\/lafilledecorinthe.com\/wordpress\/wp-content\/uploads\/2016\/01\/ombre2-680x475.jpg 680w, https:\/\/lafilledecorinthe.com\/wordpress\/wp-content\/uploads\/2016\/01\/ombre2-1280x894.jpg 1280w, https:\/\/lafilledecorinthe.com\/wordpress\/wp-content\/uploads\/2016\/01\/ombre2-430x300.jpg 430w\" sizes=\"auto, (max-width: 2048px) 100vw, 2048px\" \/><\/a><figcaption class=\"wp-element-caption\">L&rsquo;utilisation de marionnettes augmente encore les possibilit\u00e9s de cr\u00e9ation&#8230;<\/figcaption><\/figure>\n<\/div>\n\n\n<p>La d\u00e9couverte et la manipulation des jouets optiques du pr\u00e9-cin\u00e9ma provoquent un v\u00e9ritable \u00e9merveillement !<\/p>\n\n\n<div class=\"wp-block-image\">\n<figure class=\"aligncenter\"><a href=\"https:\/\/lafilledecorinthe.com\/wordpress\/wp-content\/uploads\/2016\/01\/zootrope.jpg\"><img loading=\"lazy\" decoding=\"async\" width=\"3817\" height=\"2962\" src=\"https:\/\/lafilledecorinthe.com\/wordpress\/wp-content\/uploads\/2016\/01\/zootrope.jpg\" alt=\"Du zootrope ... \" class=\"wp-image-7062\" srcset=\"https:\/\/lafilledecorinthe.com\/wordpress\/wp-content\/uploads\/2016\/01\/zootrope.jpg 3817w, https:\/\/lafilledecorinthe.com\/wordpress\/wp-content\/uploads\/2016\/01\/zootrope-680x528.jpg 680w, https:\/\/lafilledecorinthe.com\/wordpress\/wp-content\/uploads\/2016\/01\/zootrope-1280x993.jpg 1280w, https:\/\/lafilledecorinthe.com\/wordpress\/wp-content\/uploads\/2016\/01\/zootrope-387x300.jpg 387w\" sizes=\"auto, (max-width: 3817px) 100vw, 3817px\" \/><\/a><figcaption class=\"wp-element-caption\">Du zootrope &#8230;<\/figcaption><\/figure>\n<\/div>\n\n<div class=\"wp-block-image\">\n<figure class=\"aligncenter\"><a href=\"https:\/\/lafilledecorinthe.com\/wordpress\/wp-content\/uploads\/2016\/01\/IMG_8506.jpg\"><img loading=\"lazy\" decoding=\"async\" width=\"1936\" height=\"2592\" src=\"https:\/\/lafilledecorinthe.com\/wordpress\/wp-content\/uploads\/2016\/01\/IMG_8506.jpg\" alt=\"... au folioscope.\" class=\"wp-image-7063\" srcset=\"https:\/\/lafilledecorinthe.com\/wordpress\/wp-content\/uploads\/2016\/01\/IMG_8506.jpg 1936w, https:\/\/lafilledecorinthe.com\/wordpress\/wp-content\/uploads\/2016\/01\/IMG_8506-508x680.jpg 508w, https:\/\/lafilledecorinthe.com\/wordpress\/wp-content\/uploads\/2016\/01\/IMG_8506-956x1280.jpg 956w, https:\/\/lafilledecorinthe.com\/wordpress\/wp-content\/uploads\/2016\/01\/IMG_8506-224x300.jpg 224w\" sizes=\"auto, (max-width: 1936px) 100vw, 1936px\" \/><\/a><figcaption class=\"wp-element-caption\">&#8230; au folioscope.<\/figcaption><\/figure>\n<\/div>\n\n\n<p>Il ne nous reste plus qu&rsquo;\u00e0 r\u00e9aliser une petite s\u00e9quence anim\u00e9e pour parfaire cette matin\u00e9e !<\/p>\n\n\n<div class=\"wp-block-image\">\n<figure class=\"aligncenter\"><a href=\"https:\/\/lafilledecorinthe.com\/wordpress\/wp-content\/uploads\/2016\/01\/moineau.jpg\"><img loading=\"lazy\" decoding=\"async\" width=\"4608\" height=\"3456\" src=\"https:\/\/lafilledecorinthe.com\/wordpress\/wp-content\/uploads\/2016\/01\/moineau.jpg\" alt=\"Les CPA en pleine action ! \" class=\"wp-image-7066\" srcset=\"https:\/\/lafilledecorinthe.com\/wordpress\/wp-content\/uploads\/2016\/01\/moineau.jpg 4608w, https:\/\/lafilledecorinthe.com\/wordpress\/wp-content\/uploads\/2016\/01\/moineau-680x510.jpg 680w, https:\/\/lafilledecorinthe.com\/wordpress\/wp-content\/uploads\/2016\/01\/moineau-1280x960.jpg 1280w, https:\/\/lafilledecorinthe.com\/wordpress\/wp-content\/uploads\/2016\/01\/moineau-400x300.jpg 400w\" sizes=\"auto, (max-width: 4608px) 100vw, 4608px\" \/><\/a><figcaption class=\"wp-element-caption\">Les CPA en pleine action !<\/figcaption><\/figure>\n<\/div>\n\n<div class=\"wp-block-image\">\n<figure class=\"aligncenter\"><a href=\"https:\/\/lafilledecorinthe.com\/wordpress\/wp-content\/uploads\/2016\/01\/IMG_8564bis.jpg\"><img loading=\"lazy\" decoding=\"async\" width=\"800\" height=\"554\" src=\"https:\/\/lafilledecorinthe.com\/wordpress\/wp-content\/uploads\/2016\/01\/IMG_8564bis.jpg\" alt=\"Les cpb au grand complet !\" class=\"wp-image-7178\" srcset=\"https:\/\/lafilledecorinthe.com\/wordpress\/wp-content\/uploads\/2016\/01\/IMG_8564bis.jpg 800w, https:\/\/lafilledecorinthe.com\/wordpress\/wp-content\/uploads\/2016\/01\/IMG_8564bis-680x471.jpg 680w, https:\/\/lafilledecorinthe.com\/wordpress\/wp-content\/uploads\/2016\/01\/IMG_8564bis-433x300.jpg 433w\" sizes=\"auto, (max-width: 800px) 100vw, 800px\" \/><\/a><figcaption class=\"wp-element-caption\">Les CPB au grand complet !<\/figcaption><\/figure>\n<\/div>","protected":false},"excerpt":{"rendered":"<p>Les deux classes de CP de Claudine Moissard et de Val\u00e9rie M\u00e9ridan sont engag\u00e9es dans un tr\u00e8s beau projet sur l&rsquo;image,&nbsp;\u00ab\u00a0Souriez, vous \u00eates film\u00e9s !\u00a0\u00bb.&nbsp;Dans ce cadre, je suis all\u00e9e animer un atelier d&rsquo;initiation au cin\u00e9ma d&rsquo;animation&#8230; L&rsquo;histoire des images qui bougent commencent tr\u00e8s t\u00f4t&#8230;&nbsp;Lorsque l&rsquo;homme a pris conscience de son ombre et de son&#8230;<\/p>\n","protected":false},"author":2,"featured_media":7057,"comment_status":"open","ping_status":"open","sticky":false,"template":"","format":"standard","meta":{"_kad_post_transparent":"","_kad_post_title":"","_kad_post_layout":"","_kad_post_sidebar_id":"","_kad_post_content_style":"","_kad_post_vertical_padding":"","_kad_post_feature":"","_kad_post_feature_position":"","_kad_post_header":false,"_kad_post_footer":false,"_kad_post_classname":"","footnotes":""},"categories":[7],"tags":[195,1188,412],"class_list":["post-7056","post","type-post","status-publish","format-standard","has-post-thumbnail","hentry","category-ateliers-enfants","tag-atelier-cinema-danimation","tag-ecole-elementaire-guy-moquet","tag-malakoff"],"_links":{"self":[{"href":"https:\/\/lafilledecorinthe.com\/wordpress\/wp-json\/wp\/v2\/posts\/7056","targetHints":{"allow":["GET"]}}],"collection":[{"href":"https:\/\/lafilledecorinthe.com\/wordpress\/wp-json\/wp\/v2\/posts"}],"about":[{"href":"https:\/\/lafilledecorinthe.com\/wordpress\/wp-json\/wp\/v2\/types\/post"}],"author":[{"embeddable":true,"href":"https:\/\/lafilledecorinthe.com\/wordpress\/wp-json\/wp\/v2\/users\/2"}],"replies":[{"embeddable":true,"href":"https:\/\/lafilledecorinthe.com\/wordpress\/wp-json\/wp\/v2\/comments?post=7056"}],"version-history":[{"count":7,"href":"https:\/\/lafilledecorinthe.com\/wordpress\/wp-json\/wp\/v2\/posts\/7056\/revisions"}],"predecessor-version":[{"id":14877,"href":"https:\/\/lafilledecorinthe.com\/wordpress\/wp-json\/wp\/v2\/posts\/7056\/revisions\/14877"}],"wp:featuredmedia":[{"embeddable":true,"href":"https:\/\/lafilledecorinthe.com\/wordpress\/wp-json\/wp\/v2\/media\/7057"}],"wp:attachment":[{"href":"https:\/\/lafilledecorinthe.com\/wordpress\/wp-json\/wp\/v2\/media?parent=7056"}],"wp:term":[{"taxonomy":"category","embeddable":true,"href":"https:\/\/lafilledecorinthe.com\/wordpress\/wp-json\/wp\/v2\/categories?post=7056"},{"taxonomy":"post_tag","embeddable":true,"href":"https:\/\/lafilledecorinthe.com\/wordpress\/wp-json\/wp\/v2\/tags?post=7056"}],"curies":[{"name":"wp","href":"https:\/\/api.w.org\/{rel}","templated":true}]}}