{"id":7016,"date":"2016-01-03T16:36:45","date_gmt":"2016-01-03T15:36:45","guid":{"rendered":"http:\/\/lafilledecorinthe.com\/wordpress\/?p=7016"},"modified":"2025-12-06T19:15:28","modified_gmt":"2025-12-06T18:15:28","slug":"ecole-et-cinema-79-le-cirque-de-charles-chaplin","status":"publish","type":"post","link":"https:\/\/lafilledecorinthe.com\/wordpress\/2016\/01\/ecole-et-cinema-79-le-cirque-de-charles-chaplin\/","title":{"rendered":"\u00ab\u00a0Ecole et cin\u00e9ma 79\u00a0\u00bb Le Cirque de Charles Chaplin"},"content":{"rendered":"\n<p><em>\u00a0\u00bb Un de mes amis a d\u00e9clar\u00e9 un jour que toutes les formes d&rsquo;art sont des lettres d&rsquo;amour que l&rsquo;artiste adresse au monde. Mon moyen d&rsquo;expression, c&rsquo;est le cin\u00e9ma, bien s\u00fbr. Je dois avouer que, pour un comique, s&rsquo;exprimer par le biais d&rsquo;un film n&rsquo;a rien d&rsquo;un exercice dr\u00f4le. En r\u00e8gle g\u00e9n\u00e9rale, ceux de mes films qui ont le plus fait rire le public ont \u00e9t\u00e9 les plus douloureux \u00e0 r\u00e9aliser.\u00a0\u00bb<\/em><br>Charles Chaplin dans Les Archives Charlie Chaplin, 2015<\/p>\n\n\n\n<p><em>\u00ab\u00a0La lumi\u00e8re baisse, les rideaux s&rsquo;\u00e9cartent et l&rsquo;organiste Henrietta Cameron commence son introduction musicale au Cirque de Chaplin.<\/em><br><em>Il est fabuleux ! Il fait toutes sortes de choses avec son corps et son visage. Il se tient droit comme un automate, fait virevolter sa canne, jaillit de la cage aux lions et grimpe \u00e0 un poteau &#8211; je n&rsquo;ai jamais rien vu d&rsquo;aussi dr\u00f4le.\u00a0\u00bb<\/em><br>Dr Jerry et Mr Lewis, Stock-Cin\u00e9ma, 1982<\/p>\n\n\n\n<p><strong>Projection &#8211; conf\u00e9rence<\/strong><\/p>\n\n\n\n<p>Le Cirque de Charles Chaplin<br>Cin\u00e9ma Le Moulin du Roc \u00e0 Niort<br>Mercredi 6 janvier 2016<\/p>\n\n\n\n<p>Document accompagnant la conf\u00e9rence&nbsp;<a href=\"https:\/\/lafilledecorinthe.com\/wordpress\/wp-content\/uploads\/2016\/01\/Le-Cirque2.pdf\">Le Cirque<\/a><\/p>\n\n\n\n<p>Photogrammes&nbsp;<a href=\"https:\/\/lafilledecorinthe.com\/wordpress\/wp-content\/uploads\/2016\/01\/Plans-et-angles-de-vue.pdf\">Plans et angles de vue<\/a><\/p>\n\n\n\n<p>La premi\u00e8re apparition de Charlot au cin\u00e9ma &#8230;<\/p>\n\n\n\n<figure class=\"wp-block-embed is-type-video is-provider-youtube wp-block-embed-youtube wp-embed-aspect-16-9 wp-has-aspect-ratio\"><div class=\"wp-block-embed__wrapper\">\n<iframe loading=\"lazy\" title=\"Charlot est content de lui (1914) avec Charlie Chaplin - HD VOST FR - Film complet\" width=\"720\" height=\"405\" src=\"https:\/\/www.youtube.com\/embed\/FBy8cXOv5gI?start=3&#038;feature=oembed\" frameborder=\"0\" allow=\"accelerometer; autoplay; clipboard-write; encrypted-media; gyroscope; picture-in-picture; web-share\" referrerpolicy=\"strict-origin-when-cross-origin\" allowfullscreen><\/iframe>\n<\/div><\/figure>\n\n\n\n<p>La l\u00e9gende de<em> Guillaume Tell &#8230;<\/em><\/p>\n\n\n<div class=\"wp-block-image\">\n<figure class=\"aligncenter\"><a href=\"https:\/\/lafilledecorinthe.com\/wordpress\/wp-content\/uploads\/2016\/01\/Illustration-de-Guillaume-Tell-Collection-particulie\u0300re-AKG-Berlin.jpg\"><img loading=\"lazy\" decoding=\"async\" width=\"680\" height=\"419\" src=\"https:\/\/lafilledecorinthe.com\/wordpress\/wp-content\/uploads\/2016\/01\/Illustration-de-Guillaume-Tell-Collection-particulie\u0300re-AKG-Berlin.jpg\" alt=\"Illustration de Guillaume Tell Collection particulie\u0300re AKG Berlin\" class=\"wp-image-7024\" srcset=\"https:\/\/lafilledecorinthe.com\/wordpress\/wp-content\/uploads\/2016\/01\/Illustration-de-Guillaume-Tell-Collection-particulie\u0300re-AKG-Berlin.jpg 680w, https:\/\/lafilledecorinthe.com\/wordpress\/wp-content\/uploads\/2016\/01\/Illustration-de-Guillaume-Tell-Collection-particulie\u0300re-AKG-Berlin-487x300.jpg 487w\" sizes=\"auto, (max-width: 680px) 100vw, 680px\" \/><\/a><figcaption class=\"wp-element-caption\">Collection particulie\u0300re AKG Berlin<\/figcaption><\/figure>\n<\/div>\n\n\n<p>A la fin du XIX \u00e8me si\u00e8cle,&nbsp;les clowns Footit et Chocolat s&#8217;emparent de la l\u00e9gende&nbsp;de Guillaume Tell.&nbsp;Footit place une pomme sur la t\u00eate de Chocolat puis avec un fusil, il lui lance un jet d&rsquo;eau \u00e0 la figure. Finalement les deux clowns mangent la pomme ensemble&#8230;<\/p>\n\n\n<div class=\"wp-block-image\">\n<figure class=\"aligncenter size-full is-resized\"><a href=\"https:\/\/lafilledecorinthe.com\/wordpress\/wp-content\/uploads\/2016\/01\/GuillaumeTell2b.jpg\"><img loading=\"lazy\" decoding=\"async\" width=\"300\" height=\"285\" src=\"https:\/\/lafilledecorinthe.com\/wordpress\/wp-content\/uploads\/2016\/01\/GuillaumeTell2b.jpg\" alt=\"Footit et Chocolat, Emile Reynaud, 1896\" class=\"wp-image-7025\" style=\"width:488px;height:auto\"\/><\/a><figcaption class=\"wp-element-caption\">Footit et Chocolat, Emile Reynaud, 1896<\/figcaption><\/figure>\n<\/div>\n\n<div class=\"wp-block-image\">\n<figure class=\"aligncenter\"><a href=\"https:\/\/lafilledecorinthe.com\/wordpress\/wp-content\/uploads\/2016\/01\/Footit-et-Chocolat-1.jpg\"><img loading=\"lazy\" decoding=\"async\" width=\"480\" height=\"360\" src=\"https:\/\/lafilledecorinthe.com\/wordpress\/wp-content\/uploads\/2016\/01\/Footit-et-Chocolat-1.jpg\" alt=\"Footit et Chocolat, Vue n\u00b01141 des Fr\u00e8res Lumi\u00e8res, 1900\" class=\"wp-image-7026\" srcset=\"https:\/\/lafilledecorinthe.com\/wordpress\/wp-content\/uploads\/2016\/01\/Footit-et-Chocolat-1.jpg 480w, https:\/\/lafilledecorinthe.com\/wordpress\/wp-content\/uploads\/2016\/01\/Footit-et-Chocolat-1-400x300.jpg 400w\" sizes=\"auto, (max-width: 480px) 100vw, 480px\" \/><\/a><figcaption class=\"wp-element-caption\">Footit et Chocolat, Vue n\u00b01141 des Fr\u00e8res Lumi\u00e8res, 1900<\/figcaption><\/figure>\n<\/div>\n\n<div class=\"wp-block-image\">\n<figure class=\"aligncenter\"><a href=\"https:\/\/lafilledecorinthe.com\/wordpress\/wp-content\/uploads\/2016\/01\/pomme.jpg\"><img loading=\"lazy\" decoding=\"async\" width=\"747\" height=\"573\" src=\"https:\/\/lafilledecorinthe.com\/wordpress\/wp-content\/uploads\/2016\/01\/pomme.jpg\" alt=\"Photogramme issu de rushes montr\u00e9s dans la s\u00e9rie &quot;Chaplin inconnu&quot;\" class=\"wp-image-7046\" srcset=\"https:\/\/lafilledecorinthe.com\/wordpress\/wp-content\/uploads\/2016\/01\/pomme.jpg 747w, https:\/\/lafilledecorinthe.com\/wordpress\/wp-content\/uploads\/2016\/01\/pomme-680x522.jpg 680w, https:\/\/lafilledecorinthe.com\/wordpress\/wp-content\/uploads\/2016\/01\/pomme-391x300.jpg 391w\" sizes=\"auto, (max-width: 747px) 100vw, 747px\" \/><\/a><figcaption class=\"wp-element-caption\">Harry Lauder et Charles Chaplin, photogramme issu de rushes montr\u00e9s dans la s\u00e9rie \u00ab\u00a0Chaplin inconnu\u00a0\u00bb<\/figcaption><\/figure>\n<\/div>\n\n<div class=\"wp-block-image\">\n<figure class=\"aligncenter\"><a href=\"https:\/\/lafilledecorinthe.com\/wordpress\/wp-content\/uploads\/2016\/01\/Guillaume_Tell.jpg\"><img loading=\"lazy\" decoding=\"async\" width=\"777\" height=\"574\" src=\"https:\/\/lafilledecorinthe.com\/wordpress\/wp-content\/uploads\/2016\/01\/Guillaume_Tell.jpg\" alt=\"Photogramme du Cirque de Chaplin, 1928\" class=\"wp-image-7029\" srcset=\"https:\/\/lafilledecorinthe.com\/wordpress\/wp-content\/uploads\/2016\/01\/Guillaume_Tell.jpg 777w, https:\/\/lafilledecorinthe.com\/wordpress\/wp-content\/uploads\/2016\/01\/Guillaume_Tell-680x502.jpg 680w, https:\/\/lafilledecorinthe.com\/wordpress\/wp-content\/uploads\/2016\/01\/Guillaume_Tell-406x300.jpg 406w\" sizes=\"auto, (max-width: 777px) 100vw, 777px\" \/><\/a><figcaption class=\"wp-element-caption\">Photogramme du Cirque de Chaplin, 1928<\/figcaption><\/figure>\n<\/div>\n\n<div class=\"wp-block-image\">\n<figure class=\"aligncenter\"><a href=\"https:\/\/lafilledecorinthe.com\/wordpress\/wp-content\/uploads\/2016\/01\/GT.jpg\"><img loading=\"lazy\" decoding=\"async\" width=\"778\" height=\"571\" src=\"https:\/\/lafilledecorinthe.com\/wordpress\/wp-content\/uploads\/2016\/01\/GT.jpg\" alt=\"Photogramme du Cirque de Chaplin, 1928\" class=\"wp-image-7030\" srcset=\"https:\/\/lafilledecorinthe.com\/wordpress\/wp-content\/uploads\/2016\/01\/GT.jpg 778w, https:\/\/lafilledecorinthe.com\/wordpress\/wp-content\/uploads\/2016\/01\/GT-680x499.jpg 680w, https:\/\/lafilledecorinthe.com\/wordpress\/wp-content\/uploads\/2016\/01\/GT-409x300.jpg 409w\" sizes=\"auto, (max-width: 778px) 100vw, 778px\" \/><\/a><figcaption class=\"wp-element-caption\">Photogramme du Cirque de Chaplin, 1928<\/figcaption><\/figure>\n<\/div>\n\n<div class=\"wp-block-image\">\n<figure class=\"aligncenter\"><a href=\"https:\/\/lafilledecorinthe.com\/wordpress\/wp-content\/uploads\/2016\/01\/GT2.jpg\"><img loading=\"lazy\" decoding=\"async\" width=\"774\" height=\"566\" src=\"https:\/\/lafilledecorinthe.com\/wordpress\/wp-content\/uploads\/2016\/01\/GT2.jpg\" alt=\"Photogramme du Cirque de Chaplin, 1928\" class=\"wp-image-7031\" srcset=\"https:\/\/lafilledecorinthe.com\/wordpress\/wp-content\/uploads\/2016\/01\/GT2.jpg 774w, https:\/\/lafilledecorinthe.com\/wordpress\/wp-content\/uploads\/2016\/01\/GT2-680x497.jpg 680w, https:\/\/lafilledecorinthe.com\/wordpress\/wp-content\/uploads\/2016\/01\/GT2-410x300.jpg 410w\" sizes=\"auto, (max-width: 774px) 100vw, 774px\" \/><\/a><figcaption class=\"wp-element-caption\">Photogramme du Cirque de Chaplin, 1928<\/figcaption><\/figure>\n<\/div>\n\n\n<p>De Guillaume Tell aux lanceurs de couteaux &#8230;<\/p>\n\n\n<div class=\"wp-block-image\">\n<figure class=\"aligncenter\"><a href=\"https:\/\/lafilledecorinthe.com\/wordpress\/wp-content\/uploads\/2016\/01\/lanceur_de_couteau.jpg\"><img loading=\"lazy\" decoding=\"async\" width=\"1006\" height=\"573\" src=\"https:\/\/lafilledecorinthe.com\/wordpress\/wp-content\/uploads\/2016\/01\/lanceur_de_couteau.jpg\" alt=\"Les clowns de Federico Fellini, 1971\" class=\"wp-image-7040\" srcset=\"https:\/\/lafilledecorinthe.com\/wordpress\/wp-content\/uploads\/2016\/01\/lanceur_de_couteau.jpg 1006w, https:\/\/lafilledecorinthe.com\/wordpress\/wp-content\/uploads\/2016\/01\/lanceur_de_couteau-680x387.jpg 680w, https:\/\/lafilledecorinthe.com\/wordpress\/wp-content\/uploads\/2016\/01\/lanceur_de_couteau-500x285.jpg 500w\" sizes=\"auto, (max-width: 1006px) 100vw, 1006px\" \/><\/a><figcaption class=\"wp-element-caption\">Les clowns de Federico Fellini, 1971<\/figcaption><\/figure>\n<\/div>\n\n<div class=\"wp-block-image\">\n<figure class=\"aligncenter\"><a href=\"https:\/\/lafilledecorinthe.com\/wordpress\/wp-content\/uploads\/2016\/01\/la-fille-sur-le-pont.jpg\"><img loading=\"lazy\" decoding=\"async\" width=\"930\" height=\"909\" src=\"https:\/\/lafilledecorinthe.com\/wordpress\/wp-content\/uploads\/2016\/01\/la-fille-sur-le-pont.jpg\" alt=\"La fille sur le pont de Patrice Leconte, 1999\" class=\"wp-image-7041\" srcset=\"https:\/\/lafilledecorinthe.com\/wordpress\/wp-content\/uploads\/2016\/01\/la-fille-sur-le-pont.jpg 930w, https:\/\/lafilledecorinthe.com\/wordpress\/wp-content\/uploads\/2016\/01\/la-fille-sur-le-pont-680x665.jpg 680w, https:\/\/lafilledecorinthe.com\/wordpress\/wp-content\/uploads\/2016\/01\/la-fille-sur-le-pont-307x300.jpg 307w\" sizes=\"auto, (max-width: 930px) 100vw, 930px\" \/><\/a><figcaption class=\"wp-element-caption\">La fille sur le pont de Patrice Leconte, 1999<\/figcaption><\/figure>\n<\/div>","protected":false},"excerpt":{"rendered":"<p>\u00a0\u00bb Un de mes amis a d\u00e9clar\u00e9 un jour que toutes les formes d&rsquo;art sont des lettres d&rsquo;amour que l&rsquo;artiste adresse au monde. Mon moyen d&rsquo;expression, c&rsquo;est le cin\u00e9ma, bien s\u00fbr. Je dois avouer que, pour un comique, s&rsquo;exprimer par le biais d&rsquo;un film n&rsquo;a rien d&rsquo;un exercice dr\u00f4le. En r\u00e8gle g\u00e9n\u00e9rale, ceux de mes&#8230;<\/p>\n","protected":false},"author":2,"featured_media":7019,"comment_status":"open","ping_status":"open","sticky":false,"template":"","format":"standard","meta":{"_kad_post_transparent":"","_kad_post_title":"","_kad_post_layout":"","_kad_post_sidebar_id":"","_kad_post_content_style":"","_kad_post_vertical_padding":"","_kad_post_feature":"","_kad_post_feature_position":"","_kad_post_header":false,"_kad_post_footer":false,"_kad_post_classname":"","footnotes":""},"categories":[8],"tags":[1175,1176,199,1183,1181,1187,1186,1184,1179,1174,1185,1182,1180,1177,1178],"class_list":["post-7016","post","type-post","status-publish","format-standard","has-post-thumbnail","hentry","category-formations-adultes","tag-charles-chaplin","tag-ecole-et-cinema-79","tag-emile-reynaud","tag-fellini","tag-freres-lumieres","tag-harry-lauder","tag-jerry-lewis","tag-la-fille-sur-le-pont","tag-la-legende-de-guillaume-tell","tag-le-cirque","tag-leconte","tag-les-clowns","tag-les-clowns-footit-et-chocolat","tag-moulin-du-roc","tag-niort"],"_links":{"self":[{"href":"https:\/\/lafilledecorinthe.com\/wordpress\/wp-json\/wp\/v2\/posts\/7016","targetHints":{"allow":["GET"]}}],"collection":[{"href":"https:\/\/lafilledecorinthe.com\/wordpress\/wp-json\/wp\/v2\/posts"}],"about":[{"href":"https:\/\/lafilledecorinthe.com\/wordpress\/wp-json\/wp\/v2\/types\/post"}],"author":[{"embeddable":true,"href":"https:\/\/lafilledecorinthe.com\/wordpress\/wp-json\/wp\/v2\/users\/2"}],"replies":[{"embeddable":true,"href":"https:\/\/lafilledecorinthe.com\/wordpress\/wp-json\/wp\/v2\/comments?post=7016"}],"version-history":[{"count":25,"href":"https:\/\/lafilledecorinthe.com\/wordpress\/wp-json\/wp\/v2\/posts\/7016\/revisions"}],"predecessor-version":[{"id":14746,"href":"https:\/\/lafilledecorinthe.com\/wordpress\/wp-json\/wp\/v2\/posts\/7016\/revisions\/14746"}],"wp:featuredmedia":[{"embeddable":true,"href":"https:\/\/lafilledecorinthe.com\/wordpress\/wp-json\/wp\/v2\/media\/7019"}],"wp:attachment":[{"href":"https:\/\/lafilledecorinthe.com\/wordpress\/wp-json\/wp\/v2\/media?parent=7016"}],"wp:term":[{"taxonomy":"category","embeddable":true,"href":"https:\/\/lafilledecorinthe.com\/wordpress\/wp-json\/wp\/v2\/categories?post=7016"},{"taxonomy":"post_tag","embeddable":true,"href":"https:\/\/lafilledecorinthe.com\/wordpress\/wp-json\/wp\/v2\/tags?post=7016"}],"curies":[{"name":"wp","href":"https:\/\/api.w.org\/{rel}","templated":true}]}}