{"id":6979,"date":"2015-12-21T12:31:21","date_gmt":"2015-12-21T11:31:21","guid":{"rendered":"http:\/\/lafilledecorinthe.com\/wordpress\/?p=6979"},"modified":"2025-12-10T17:43:45","modified_gmt":"2025-12-10T16:43:45","slug":"musique-et-cinema-master-class-du-jour-le-plus-court","status":"publish","type":"post","link":"https:\/\/lafilledecorinthe.com\/wordpress\/2015\/12\/musique-et-cinema-master-class-du-jour-le-plus-court\/","title":{"rendered":"\u00ab\u00a0Musique et cin\u00e9ma\u00a0\u00bb Master class du jour le plus court"},"content":{"rendered":"\n<p>Jacques Kermabon, r\u00e9dacteur en chef du magazine Bref, rappelle que\u00a0la musique fait partie int\u00e9grante du cin\u00e9ma d\u00e8s\u00a0les premi\u00e8res projections du th\u00e9\u00e2tre optique d&rsquo;Emile Reynaud. Celui-ci avait en effet, demand\u00e9 au compositeur Gaston Paulin, des partitions\u00a0originales, pour accompagner au piano ses pantomimes lumineuses pr\u00e9sent\u00e9es au cabinet fantastique du mus\u00e9e Gr\u00e9vin. Apr\u00e8s cette courte introduction\u00a0historique, c&rsquo;est la rencontre artistique entre le r\u00e9alisateur\u00a0Pierre-Luc Granjon et le compositeur Timoth\u00e9e Jolly qui est \u00e0 l&rsquo;honneur lors de cette master class dominicale pr\u00e9sent\u00e9e au Carreau du Temple\u00a0: <em>Comment la musique s&rsquo;accorde au cin\u00e9ma<\/em>&#8230;\u00a0<br>C&rsquo;est dans la ville de Lyon que tout commence,\u00a0Pierre-Luc Granjon est \u00e9tudiant \u00e0 l&rsquo;\u00e9cole d&rsquo;Arts Appliqu\u00e9s, il assiste aux cin\u00e9-spectacles donn\u00e9s par <em><a href=\"http:\/\/lacordonnerie.com\/\" target=\"_blank\" rel=\"noopener\">La Cordonnerie<\/a>,<\/em> il appr\u00e9cie particuli\u00e8rement la musique cr\u00e9\u00e9e par\u00a0Timoth\u00e9e Jolly. Lorsqu&rsquo;il \u00e9crit l&rsquo;histoire de\u00a0son premier court m\u00e9trage, <em>Petite escapade<\/em>, il ne conna\u00eet rien \u00e0 la post-production mais a envie de confier la musique de son film \u00e0\u00a0Timoth\u00e9e et \u00e0 son complice Denis Mignard. Ses directives sont tr\u00e8s simples, il indique les morceaux qu&rsquo;il aime le plus dans leur\u00a0musique et pr\u00e9cise les moments\u00a0qui doivent \u00eatre accompagn\u00e9s&#8230;<\/p>\n\n\n<div class=\"wp-block-image\">\n<figure class=\"aligncenter\"><a href=\"https:\/\/lafilledecorinthe.com\/wordpress\/wp-content\/uploads\/2015\/12\/petite-escapade-.jpg\"><img loading=\"lazy\" decoding=\"async\" width=\"758\" height=\"529\" src=\"https:\/\/lafilledecorinthe.com\/wordpress\/wp-content\/uploads\/2015\/12\/petite-escapade-.jpg\" alt=\"Petite escapade de Pierre-Luc Granjon, 2001\" class=\"wp-image-6984\" srcset=\"https:\/\/lafilledecorinthe.com\/wordpress\/wp-content\/uploads\/2015\/12\/petite-escapade-.jpg 758w, https:\/\/lafilledecorinthe.com\/wordpress\/wp-content\/uploads\/2015\/12\/petite-escapade--680x475.jpg 680w, https:\/\/lafilledecorinthe.com\/wordpress\/wp-content\/uploads\/2015\/12\/petite-escapade--430x300.jpg 430w\" sizes=\"auto, (max-width: 758px) 100vw, 758px\" \/><\/a><figcaption class=\"wp-element-caption\">Petite escapade de Pierre-Luc Granjon, 2001<\/figcaption><\/figure>\n<\/div>\n\n\n<p>La musique propos\u00e9e est un hommage aux films muets. Les personnages qui d\u00e9filent sur le trottoir, sous les yeux attentifs du jeune gar\u00e7on, sont accompagn\u00e9s chacun d&rsquo;un instrument diff\u00e9rent. Les instruments utilis\u00e9s (scie musicale, batterie-bassine, ukul\u00e9l\u00e9&#8230;) s&rsquo;accordent parfaitement avec l&rsquo;esprit <em>fait main <\/em>des d\u00e9cors et des personnages r\u00e9alis\u00e9s avec du grillage et du papier m\u00e2ch\u00e9. Quelques ann\u00e9es plus tard, ils collaborent \u00e0 nouveau pour le court m\u00e9trage <em>Le Loup blanc<\/em>. Avant m\u00eame de voir les premi\u00e8res images du film, Timoth\u00e9e envoie \u00e0&nbsp;Pierre-Luc un CD avec des musiques qu&rsquo;il vient de composer.&nbsp;Pierre-Luc \u00ab\u00a0flache\u00a0\u00bb sur un&nbsp;morceau.&nbsp;Les accords se font par hasard, cette musique accompagnera la sc\u00e8ne de l&rsquo;enterrement.<\/p>\n\n\n<div class=\"wp-block-image wp-image-6989\">\n<figure class=\"aligncenter\"><img loading=\"lazy\" decoding=\"async\" width=\"3264\" height=\"2448\" src=\"https:\/\/lafilledecorinthe.com\/wordpress\/wp-content\/uploads\/2015\/12\/IMG_0957.jpg\" alt=\"Le loup blanc de Pierre-Luc Granjon, 2006 \" class=\"wp-image-6989\" srcset=\"https:\/\/lafilledecorinthe.com\/wordpress\/wp-content\/uploads\/2015\/12\/IMG_0957.jpg 3264w, https:\/\/lafilledecorinthe.com\/wordpress\/wp-content\/uploads\/2015\/12\/IMG_0957-680x510.jpg 680w, https:\/\/lafilledecorinthe.com\/wordpress\/wp-content\/uploads\/2015\/12\/IMG_0957-1280x960.jpg 1280w, https:\/\/lafilledecorinthe.com\/wordpress\/wp-content\/uploads\/2015\/12\/IMG_0957-400x300.jpg 400w\" sizes=\"auto, (max-width: 3264px) 100vw, 3264px\" \/><figcaption class=\"wp-element-caption\">Le loup blanc de Pierre-Luc Granjon, 2006<\/figcaption><\/figure>\n<\/div>\n\n\n<p>Les premi\u00e8res minutes du court m\u00e9trage sont visionn\u00e9es&nbsp;avec uniquement la voix test. La projection int\u00e9grale de la version finale nous permet de prendre conscience de l&rsquo;apport du bruitage et de la musique. Son&nbsp;utilisation est plus parcimonieuse que sur <em>Petite escapade,&nbsp;<\/em>l&rsquo;usage de la musique ou son arr\u00eat&nbsp;mettent en valeur une sc\u00e8ne. L&rsquo;absence de musique peut en effet provoquer l&rsquo;imaginaire de chaque spectateur. Par exemple, la sc\u00e8ne o\u00f9 le petit gar\u00e7on galope sur le dos du loup n&rsquo;a pas besoin d&rsquo;un accompagnement musical, l&rsquo;image se suffit \u00e0 elle m\u00eame. A l&rsquo;inverse, la musique permet de cr\u00e9er des sensations profondes, Pierre-Luc voulait par exemple donner le sentiment que la for\u00eat est un personnage en soi. Pour ce faire, les musiciens ont travaill\u00e9 la mati\u00e8re sonore afin de cr\u00e9er des nappes de sons tr\u00e8s graves en grattant les cordes du piano et du violoncelle. Le spectateur est plong\u00e9 alors dans une&nbsp;exp\u00e9rience sensorielle totale.<\/p>\n\n\n\n<p>Le temps est pass\u00e9 tr\u00e8s vite en compagnie de ces deux complices qui manifestent un r\u00e9el plaisir du travail partag\u00e9. Je ne sais pas si la musique s&rsquo;accorde au cin\u00e9ma, mais ce r\u00e9alisateur l\u00e0 et ce compositeur l\u00e0 sont sur la m\u00eame longueur d&rsquo;onde artistique pour notre plus grand plaisir.<\/p>\n","protected":false},"excerpt":{"rendered":"<p>Jacques Kermabon, r\u00e9dacteur en chef du magazine Bref, rappelle que\u00a0la musique fait partie int\u00e9grante du cin\u00e9ma d\u00e8s\u00a0les premi\u00e8res projections du th\u00e9\u00e2tre optique d&rsquo;Emile Reynaud. Celui-ci avait en effet, demand\u00e9 au compositeur Gaston Paulin, des partitions\u00a0originales, pour accompagner au piano ses pantomimes lumineuses pr\u00e9sent\u00e9es au cabinet fantastique du mus\u00e9e Gr\u00e9vin. Apr\u00e8s cette courte introduction\u00a0historique, c&rsquo;est la&#8230;<\/p>\n","protected":false},"author":2,"featured_media":6980,"comment_status":"open","ping_status":"open","sticky":false,"template":"","format":"standard","meta":{"_kad_post_transparent":"","_kad_post_title":"","_kad_post_layout":"","_kad_post_sidebar_id":"","_kad_post_content_style":"","_kad_post_vertical_padding":"","_kad_post_feature":"","_kad_post_feature_position":"","_kad_post_header":false,"_kad_post_footer":false,"_kad_post_classname":"","footnotes":""},"categories":[6],"tags":[1163,1172,1170,199,1167,1165,1169,237,1173,1166,1164,1171,227,1168],"class_list":["post-6979","post","type-post","status-publish","format-standard","has-post-thumbnail","hentry","category-blog","tag-musique-et-cinema","tag-carreau-du-temple","tag-denis-mignard","tag-emile-reynaud","tag-gaston-paulin","tag-jacques-kermabon","tag-la-cordonnerie","tag-le-jour-le-plus-court","tag-le-loup-blanc","tag-magazine-bref","tag-master-class","tag-petite-escapade","tag-pierre-luc-granjon","tag-timothee-jolly"],"_links":{"self":[{"href":"https:\/\/lafilledecorinthe.com\/wordpress\/wp-json\/wp\/v2\/posts\/6979","targetHints":{"allow":["GET"]}}],"collection":[{"href":"https:\/\/lafilledecorinthe.com\/wordpress\/wp-json\/wp\/v2\/posts"}],"about":[{"href":"https:\/\/lafilledecorinthe.com\/wordpress\/wp-json\/wp\/v2\/types\/post"}],"author":[{"embeddable":true,"href":"https:\/\/lafilledecorinthe.com\/wordpress\/wp-json\/wp\/v2\/users\/2"}],"replies":[{"embeddable":true,"href":"https:\/\/lafilledecorinthe.com\/wordpress\/wp-json\/wp\/v2\/comments?post=6979"}],"version-history":[{"count":33,"href":"https:\/\/lafilledecorinthe.com\/wordpress\/wp-json\/wp\/v2\/posts\/6979\/revisions"}],"predecessor-version":[{"id":15490,"href":"https:\/\/lafilledecorinthe.com\/wordpress\/wp-json\/wp\/v2\/posts\/6979\/revisions\/15490"}],"wp:featuredmedia":[{"embeddable":true,"href":"https:\/\/lafilledecorinthe.com\/wordpress\/wp-json\/wp\/v2\/media\/6980"}],"wp:attachment":[{"href":"https:\/\/lafilledecorinthe.com\/wordpress\/wp-json\/wp\/v2\/media?parent=6979"}],"wp:term":[{"taxonomy":"category","embeddable":true,"href":"https:\/\/lafilledecorinthe.com\/wordpress\/wp-json\/wp\/v2\/categories?post=6979"},{"taxonomy":"post_tag","embeddable":true,"href":"https:\/\/lafilledecorinthe.com\/wordpress\/wp-json\/wp\/v2\/tags?post=6979"}],"curies":[{"name":"wp","href":"https:\/\/api.w.org\/{rel}","templated":true}]}}