{"id":6962,"date":"2015-12-07T17:22:14","date_gmt":"2015-12-07T16:22:14","guid":{"rendered":"http:\/\/lafilledecorinthe.com\/wordpress\/?p=6962"},"modified":"2025-12-10T13:53:53","modified_gmt":"2025-12-10T12:53:53","slug":"lexposition-varda-cuba-au-centre-pompidou","status":"publish","type":"post","link":"https:\/\/lafilledecorinthe.com\/wordpress\/2015\/12\/lexposition-varda-cuba-au-centre-pompidou\/","title":{"rendered":"L&rsquo;exposition Varda\/ Cuba au Centre Pompidou"},"content":{"rendered":"\n<p>Agn\u00e8s Varda effectua un s\u00e9jour \u00e0 Cuba \u00e0 la fin de l&rsquo;ann\u00e9e 1962. De cette exp\u00e9rience, elle r\u00e9alisa un film documentaire, <em>Salut les Cubains, <\/em>sortit en 1964. La nouvelle&nbsp;exposition de la galerie des photographes nous raconte la gen\u00e8se passionnante de ce film. Son originalit\u00e9 est, qu&rsquo;en dehors de quelques prises directes utilis\u00e9es&nbsp;pendant le g\u00e9n\u00e9rique, il&nbsp;est constitu\u00e9 d&rsquo;un montage d&rsquo;images fixes. L&rsquo;exposition met&nbsp;en sc\u00e8ne le film termin\u00e9 et un ensemble de photographies.<\/p>\n\n\n<div class=\"wp-block-image\">\n<figure class=\"aligncenter\"><a href=\"https:\/\/lafilledecorinthe.com\/wordpress\/wp-content\/uploads\/2015\/12\/vue-g\u00e9n\u00e9rale.jpg\"><img loading=\"lazy\" decoding=\"async\" width=\"3264\" height=\"2448\" src=\"https:\/\/lafilledecorinthe.com\/wordpress\/wp-content\/uploads\/2015\/12\/vue-g\u00e9n\u00e9rale.jpg\" alt=\"Vue g\u00e9n\u00e9rale de l'exposition Varda \/ Cuba\" class=\"wp-image-6965\" srcset=\"https:\/\/lafilledecorinthe.com\/wordpress\/wp-content\/uploads\/2015\/12\/vue-g\u00e9n\u00e9rale.jpg 3264w, https:\/\/lafilledecorinthe.com\/wordpress\/wp-content\/uploads\/2015\/12\/vue-g\u00e9n\u00e9rale-680x510.jpg 680w, https:\/\/lafilledecorinthe.com\/wordpress\/wp-content\/uploads\/2015\/12\/vue-g\u00e9n\u00e9rale-1280x960.jpg 1280w, https:\/\/lafilledecorinthe.com\/wordpress\/wp-content\/uploads\/2015\/12\/vue-g\u00e9n\u00e9rale-400x300.jpg 400w\" sizes=\"auto, (max-width: 3264px) 100vw, 3264px\" \/><\/a><figcaption class=\"wp-element-caption\">Vue g\u00e9n\u00e9rale de l&rsquo;exposition Varda \/ Cuba<\/figcaption><\/figure>\n<\/div>\n\n\n<p>Certaines s\u00e9quences ont \u00e9t\u00e9 r\u00e9alis\u00e9es en rafale, notamment celles qui portent sur la danse ou sur le chanteur, Benny Mor\u00e9. Dans le film, ces derni\u00e8res reconstituent un mouvement saccad\u00e9, elles&nbsp;constitueraient de magnifiques flipbook !<\/p>\n\n\n<div class=\"wp-block-image\">\n<figure class=\"aligncenter\"><a href=\"https:\/\/lafilledecorinthe.com\/wordpress\/wp-content\/uploads\/2015\/12\/s\u00e9quence-photographique.jpg\"><img loading=\"lazy\" decoding=\"async\" width=\"800\" height=\"600\" src=\"https:\/\/lafilledecorinthe.com\/wordpress\/wp-content\/uploads\/2015\/12\/s\u00e9quence-photographique.jpg\" alt=\"Benny Mor\u00e9 par Agn\u00e8s Varda, l'exposition Varda \/ Cuba au Centre Pompidou\" class=\"wp-image-6967\" srcset=\"https:\/\/lafilledecorinthe.com\/wordpress\/wp-content\/uploads\/2015\/12\/s\u00e9quence-photographique.jpg 800w, https:\/\/lafilledecorinthe.com\/wordpress\/wp-content\/uploads\/2015\/12\/s\u00e9quence-photographique-680x510.jpg 680w, https:\/\/lafilledecorinthe.com\/wordpress\/wp-content\/uploads\/2015\/12\/s\u00e9quence-photographique-400x300.jpg 400w\" sizes=\"auto, (max-width: 800px) 100vw, 800px\" \/><\/a><figcaption class=\"wp-element-caption\">Benny Mor\u00e9 par Agn\u00e8s Varda, l&rsquo;exposition Varda \/ Cuba au Centre Pompidou<\/figcaption><\/figure>\n<\/div>\n\n\n<p>L&rsquo;exposition est accompagn\u00e9e d&rsquo;un tr\u00e8s beau <a href=\"http:\/\/exb.fr\/fr\/home\/231-varda-cuba.html\" target=\"_blank\" rel=\"noopener\">livre<\/a> qui nous informe notamment sur l&rsquo;importance de la musique pour le montage des images. Un regard et une voix singuli\u00e8re pour un&nbsp;tr\u00e8s beau voyage !<\/p>\n\n\n<div class=\"wp-block-image\">\n<figure class=\"aligncenter\"><a href=\"https:\/\/lafilledecorinthe.com\/wordpress\/wp-content\/uploads\/2015\/12\/Livre.jpg\"><img loading=\"lazy\" decoding=\"async\" width=\"3264\" height=\"2448\" src=\"https:\/\/lafilledecorinthe.com\/wordpress\/wp-content\/uploads\/2015\/12\/Livre.jpg\" alt=\"Varda \/ Cuba , Editions du Centre Pompidou, Editions Xavier Barral, 2015\" class=\"wp-image-6970\" srcset=\"https:\/\/lafilledecorinthe.com\/wordpress\/wp-content\/uploads\/2015\/12\/Livre.jpg 3264w, https:\/\/lafilledecorinthe.com\/wordpress\/wp-content\/uploads\/2015\/12\/Livre-680x510.jpg 680w, https:\/\/lafilledecorinthe.com\/wordpress\/wp-content\/uploads\/2015\/12\/Livre-1280x960.jpg 1280w, https:\/\/lafilledecorinthe.com\/wordpress\/wp-content\/uploads\/2015\/12\/Livre-400x300.jpg 400w\" sizes=\"auto, (max-width: 3264px) 100vw, 3264px\" \/><\/a><figcaption class=\"wp-element-caption\">Varda \/ Cuba , Editions du Centre Pompidou, Editions Xavier Barral, 2015<\/figcaption><\/figure>\n<\/div>","protected":false},"excerpt":{"rendered":"<p>Agn\u00e8s Varda effectua un s\u00e9jour \u00e0 Cuba \u00e0 la fin de l&rsquo;ann\u00e9e 1962. De cette exp\u00e9rience, elle r\u00e9alisa un film documentaire, Salut les Cubains, sortit en 1964. La nouvelle&nbsp;exposition de la galerie des photographes nous raconte la gen\u00e8se passionnante de ce film. Son originalit\u00e9 est, qu&rsquo;en dehors de quelques prises directes utilis\u00e9es&nbsp;pendant le g\u00e9n\u00e9rique, il&nbsp;est&#8230;<\/p>\n","protected":false},"author":2,"featured_media":6963,"comment_status":"open","ping_status":"open","sticky":false,"template":"","format":"standard","meta":{"_kad_post_transparent":"","_kad_post_title":"","_kad_post_layout":"","_kad_post_sidebar_id":"","_kad_post_content_style":"","_kad_post_vertical_padding":"","_kad_post_feature":"","_kad_post_feature_position":"","_kad_post_header":false,"_kad_post_footer":false,"_kad_post_classname":"","footnotes":""},"categories":[6],"tags":[1162,1006,1161,1160],"class_list":["post-6962","post","type-post","status-publish","format-standard","has-post-thumbnail","hentry","category-blog","tag-benny-more","tag-centre-pompidou","tag-salut-les-cubains","tag-varda-cuba"],"_links":{"self":[{"href":"https:\/\/lafilledecorinthe.com\/wordpress\/wp-json\/wp\/v2\/posts\/6962","targetHints":{"allow":["GET"]}}],"collection":[{"href":"https:\/\/lafilledecorinthe.com\/wordpress\/wp-json\/wp\/v2\/posts"}],"about":[{"href":"https:\/\/lafilledecorinthe.com\/wordpress\/wp-json\/wp\/v2\/types\/post"}],"author":[{"embeddable":true,"href":"https:\/\/lafilledecorinthe.com\/wordpress\/wp-json\/wp\/v2\/users\/2"}],"replies":[{"embeddable":true,"href":"https:\/\/lafilledecorinthe.com\/wordpress\/wp-json\/wp\/v2\/comments?post=6962"}],"version-history":[{"count":10,"href":"https:\/\/lafilledecorinthe.com\/wordpress\/wp-json\/wp\/v2\/posts\/6962\/revisions"}],"predecessor-version":[{"id":15452,"href":"https:\/\/lafilledecorinthe.com\/wordpress\/wp-json\/wp\/v2\/posts\/6962\/revisions\/15452"}],"wp:featuredmedia":[{"embeddable":true,"href":"https:\/\/lafilledecorinthe.com\/wordpress\/wp-json\/wp\/v2\/media\/6963"}],"wp:attachment":[{"href":"https:\/\/lafilledecorinthe.com\/wordpress\/wp-json\/wp\/v2\/media?parent=6962"}],"wp:term":[{"taxonomy":"category","embeddable":true,"href":"https:\/\/lafilledecorinthe.com\/wordpress\/wp-json\/wp\/v2\/categories?post=6962"},{"taxonomy":"post_tag","embeddable":true,"href":"https:\/\/lafilledecorinthe.com\/wordpress\/wp-json\/wp\/v2\/tags?post=6962"}],"curies":[{"name":"wp","href":"https:\/\/api.w.org\/{rel}","templated":true}]}}