{"id":6882,"date":"2015-11-12T15:45:25","date_gmt":"2015-11-12T14:45:25","guid":{"rendered":"http:\/\/lafilledecorinthe.com\/wordpress\/?p=6882"},"modified":"2025-12-09T16:15:06","modified_gmt":"2025-12-09T15:15:06","slug":"qui-a-peur-des-femmes-photographes","status":"publish","type":"post","link":"https:\/\/lafilledecorinthe.com\/wordpress\/2015\/11\/qui-a-peur-des-femmes-photographes\/","title":{"rendered":"Qui a peur des femmes photographes ?"},"content":{"rendered":"\n<p>Deux mus\u00e9es parisiens, le mus\u00e9e de l&rsquo;Orangerie et le mus\u00e9e d&rsquo;Orsay, consacrent aux femmes photographes une vaste exposition au titre intrigant : <em>Qui a peur des femmes photographes ?&nbsp;<\/em>Clin d&rsquo;oeil \u00e0 la chanson du court m\u00e9trage <a href=\"https:\/\/www.youtube.com\/watch?v=9kT2Kt8TVPU\" target=\"_blank\" rel=\"noopener\"><em>Les trois petits cochons<\/em><\/a> de Walt Disney, ce titre nous interroge sur la visibilit\u00e9 du travail des femmes artistes. Deux lieux, deux \u00e9poques (1839-1919 \/ 1918-1945), l&rsquo;oeuvre de plus de 150 photographes est&nbsp;pr\u00e9sent\u00e9e dans une sc\u00e9nographie th\u00e9matique passionnante.&nbsp;Comme dans toute exposition collective de cette ampleur, chaque spectateur se cr\u00e9e un parcours personnel, \u00e9difiant son propre Panth\u00e9on. Voici le mien !<\/p>\n\n\n\n<p>La premi\u00e8re grande dame de mon parcours est sans conteste la photographe am\u00e9ricaine pictorialiste, Gertrude K\u00e4sebier. Elle&nbsp;installe, d\u00e8s 1897, son propre studio \u00e0 New York, ouvrant la voie du&nbsp;professionnalisme \u00e0&nbsp;de nombreuses femmes. Ses photographies d&rsquo;enfants et notamment celles avec son petit-fils Charles O&rsquo;Halley renouvellent ce genre intimiste. Le portrait est l&rsquo;activit\u00e9 principale de son studio, son regard sur ses mod\u00e8les r\u00e9v\u00e8le leur force individuelle. Deux portraits d&rsquo;am\u00e9rindien sont notamment remarquables, <em>the red man<\/em>&nbsp;et&nbsp;celui sur la jeune activiste sioux, Zitkala Sa. Loin des clich\u00e9s ou de l&rsquo;attrait de l&rsquo;exotisme, c&rsquo;est l&rsquo;individu dans sa singularit\u00e9 qui l&rsquo;int\u00e9resse et qui nous touche un si\u00e8cle plus tard.<\/p>\n\n\n<div class=\"wp-block-image\">\n<figure class=\"aligncenter\"><a href=\"https:\/\/lafilledecorinthe.com\/wordpress\/wp-content\/uploads\/2015\/11\/La-route-vers-Rome-2.jpg\"><img loading=\"lazy\" decoding=\"async\" width=\"800\" height=\"644\" src=\"https:\/\/lafilledecorinthe.com\/wordpress\/wp-content\/uploads\/2015\/11\/La-route-vers-Rome-2.jpg\" alt=\"La route vers Rome de Gertrude K\u00e4sebier, 1902\" class=\"wp-image-6888\" srcset=\"https:\/\/lafilledecorinthe.com\/wordpress\/wp-content\/uploads\/2015\/11\/La-route-vers-Rome-2.jpg 800w, https:\/\/lafilledecorinthe.com\/wordpress\/wp-content\/uploads\/2015\/11\/La-route-vers-Rome-2-680x547.jpg 680w, https:\/\/lafilledecorinthe.com\/wordpress\/wp-content\/uploads\/2015\/11\/La-route-vers-Rome-2-373x300.jpg 373w\" sizes=\"auto, (max-width: 800px) 100vw, 800px\" \/><\/a><figcaption class=\"wp-element-caption\">La route vers Rome de Gertrude K\u00e4sebier, 1902<\/figcaption><\/figure>\n<\/div>\n\n<div class=\"wp-block-image\">\n<figure class=\"aligncenter\"><a href=\"https:\/\/lafilledecorinthe.com\/wordpress\/wp-content\/uploads\/2015\/11\/Zitkala-Sa.png\"><img loading=\"lazy\" decoding=\"async\" width=\"579\" height=\"800\" src=\"https:\/\/lafilledecorinthe.com\/wordpress\/wp-content\/uploads\/2015\/11\/Zitkala-Sa.png\" alt=\"Zitkala Sa de Gertrude K\u00e4sebier, vers 1898\" class=\"wp-image-6890\" srcset=\"https:\/\/lafilledecorinthe.com\/wordpress\/wp-content\/uploads\/2015\/11\/Zitkala-Sa.png 579w, https:\/\/lafilledecorinthe.com\/wordpress\/wp-content\/uploads\/2015\/11\/Zitkala-Sa-492x680.png 492w, https:\/\/lafilledecorinthe.com\/wordpress\/wp-content\/uploads\/2015\/11\/Zitkala-Sa-217x300.png 217w\" sizes=\"auto, (max-width: 579px) 100vw, 579px\" \/><\/a><figcaption class=\"wp-element-caption\">Zitkala Sa de Gertrude K\u00e4sebier, vers 1898<\/figcaption><\/figure>\n<\/div>\n\n\n<p>Les deux oeuvres reproduites sur les affiches des expositions sont de deux artistes anglaises. Si la premi\u00e8re est connue, Julia Margaret Cameron est en effet une des rares photographes du XIX \u00e8me si\u00e8cle \u00e0&nbsp;conna\u00eetre&nbsp;la post\u00e9rit\u00e9, la deuxi\u00e8me, <a href=\"http:\/\/www.madameyevonde.com\/\" target=\"_blank\" rel=\"noopener\">Madame Yevonde<\/a>, est une totale inconnue pour moi. Et pour le moins, son oeuvre interpelle ! Pionni\u00e8re dans l&rsquo;usage de la photographie couleur, elle exp\u00e9rimente le processus <em>Vivex couleur<\/em> dans des mises en sc\u00e8nes audacieuses. N&rsquo;h\u00e9sitant pas \u00e0 utiliser de la glyc\u00e9rine pour repr\u00e9senter des larmes, son portrait de Lady Campbell semble \u00eatre un photogramme d&rsquo;un film.<\/p>\n\n\n<div class=\"wp-block-image\">\n<figure class=\"aligncenter\"><a href=\"https:\/\/lafilledecorinthe.com\/wordpress\/wp-content\/uploads\/2015\/11\/Lady-Campbell.jpg\"><img loading=\"lazy\" decoding=\"async\" width=\"800\" height=\"688\" src=\"https:\/\/lafilledecorinthe.com\/wordpress\/wp-content\/uploads\/2015\/11\/Lady-Campbell.jpg\" alt=\"Lady Campbell as Niobe de Madame Yevonde, 1935\" class=\"wp-image-6899\" srcset=\"https:\/\/lafilledecorinthe.com\/wordpress\/wp-content\/uploads\/2015\/11\/Lady-Campbell.jpg 800w, https:\/\/lafilledecorinthe.com\/wordpress\/wp-content\/uploads\/2015\/11\/Lady-Campbell-680x585.jpg 680w, https:\/\/lafilledecorinthe.com\/wordpress\/wp-content\/uploads\/2015\/11\/Lady-Campbell-349x300.jpg 349w\" sizes=\"auto, (max-width: 800px) 100vw, 800px\" \/><\/a><figcaption class=\"wp-element-caption\">Lady Campbell as Niobe de Madame Yevonde, 1935<\/figcaption><\/figure>\n<\/div>\n\n\n<p>Quelques cin\u00e9astes sont d&rsquo;ailleurs pr\u00e9sentes dans l&rsquo;exposition. On peut voir notamment un extrait du&nbsp;film<i>&nbsp;<\/i>r\u00e9alis\u00e9 en 1923 par Germaine Dulac<em>&nbsp;La souriante Madame Beudet,&nbsp;<\/em>consid\u00e9r\u00e9 comme le premier film f\u00e9ministe. Un photogramme de son film surr\u00e9aliste <em>La coquille et le clergyman<\/em> est aussi expos\u00e9. &nbsp;Une grande dame qui reste \u00e0 d\u00e9couvrir !<\/p>\n\n\n\n<p>Je suis enfin attir\u00e9e par deux photographies de l&rsquo;artiste am\u00e9ricaine, Barbara Morgan. Dans sa collaboration avec des chor\u00e9graphes ou dans son&nbsp;travail plus abstrait, Barbara Morgan exp\u00e9rimente de nouvelles techniques comme la surimpression de n\u00e9gatifs ou le light painting pour repr\u00e9senter le mouvement dans une image fixe. Passionnant !<\/p>\n\n\n<div class=\"wp-block-image\">\n<figure class=\"aligncenter\"><a href=\"https:\/\/lafilledecorinthe.com\/wordpress\/wp-content\/uploads\/2015\/11\/We-are-three-women.jpg\"><img loading=\"lazy\" decoding=\"async\" width=\"800\" height=\"585\" src=\"https:\/\/lafilledecorinthe.com\/wordpress\/wp-content\/uploads\/2015\/11\/We-are-three-women.jpg\" alt=\"We are Three Women - We are Three Million Women de Barbara Morgan, vers 1935\" class=\"wp-image-6904\" srcset=\"https:\/\/lafilledecorinthe.com\/wordpress\/wp-content\/uploads\/2015\/11\/We-are-three-women.jpg 800w, https:\/\/lafilledecorinthe.com\/wordpress\/wp-content\/uploads\/2015\/11\/We-are-three-women-680x497.jpg 680w, https:\/\/lafilledecorinthe.com\/wordpress\/wp-content\/uploads\/2015\/11\/We-are-three-women-410x300.jpg 410w\" sizes=\"auto, (max-width: 800px) 100vw, 800px\" \/><\/a><figcaption class=\"wp-element-caption\">We are Three Women &#8211; We are Three Million Women de Barbara Morgan, vers 1935<\/figcaption><\/figure>\n<\/div>\n\n<div class=\"wp-block-image\">\n<figure class=\"aligncenter\"><a href=\"https:\/\/lafilledecorinthe.com\/wordpress\/wp-content\/uploads\/2015\/11\/barbara-morgan-pure-energy-and-neurotic-man-web.jpg\"><img loading=\"lazy\" decoding=\"async\" width=\"770\" height=\"939\" src=\"https:\/\/lafilledecorinthe.com\/wordpress\/wp-content\/uploads\/2015\/11\/barbara-morgan-pure-energy-and-neurotic-man-web.jpg\" alt=\"Pure Energy and Neurotic Man de Barbara Morgan, 1945\" class=\"wp-image-6905\" srcset=\"https:\/\/lafilledecorinthe.com\/wordpress\/wp-content\/uploads\/2015\/11\/barbara-morgan-pure-energy-and-neurotic-man-web.jpg 770w, https:\/\/lafilledecorinthe.com\/wordpress\/wp-content\/uploads\/2015\/11\/barbara-morgan-pure-energy-and-neurotic-man-web-558x680.jpg 558w, https:\/\/lafilledecorinthe.com\/wordpress\/wp-content\/uploads\/2015\/11\/barbara-morgan-pure-energy-and-neurotic-man-web-246x300.jpg 246w\" sizes=\"auto, (max-width: 770px) 100vw, 770px\" \/><\/a><figcaption class=\"wp-element-caption\">Pure Energy and Neurotic Man de Barbara Morgan, 1945<\/figcaption><\/figure>\n<\/div>\n\n\n<p>J&rsquo;ai aussi retrouv\u00e9 avec int\u00e9r\u00eat&nbsp;des photographies d&rsquo;artistes ayant b\u00e9n\u00e9fici\u00e9 d&rsquo;une exposition personnelle au Jeu de Paume au cours de ces derni\u00e8res ann\u00e9es : Berenice Abbott, Laure Albin Guillot, Diane Arbus, Eva Besny\u00f6, Claude Cahun, Florence Henri, Germaine Krull et Lisette Model&#8230;<\/p>\n\n\n\n<p>La maison de l&rsquo;Am\u00e9rique Latine propose, quant \u00e0 elle, jusqu&rsquo;au 12 d\u00e9cembre une exposition d\u00e9di\u00e9e \u00e0 Lola Alvarez Bravo. Le travail des femmes photographes&nbsp;sort-il de l&rsquo;indiff\u00e9rence ?<\/p>\n\n\n<div class=\"wp-block-image\">\n<figure class=\"aligncenter\"><a href=\"https:\/\/lafilledecorinthe.com\/wordpress\/wp-content\/uploads\/2015\/11\/Ind\u00e9f\u00e9rencia.jpg\"><img loading=\"lazy\" decoding=\"async\" width=\"611\" height=\"800\" src=\"https:\/\/lafilledecorinthe.com\/wordpress\/wp-content\/uploads\/2015\/11\/Ind\u00e9f\u00e9rencia.jpg\" alt=\"Indeferencia de Lola Alvarez Bravo, vers 1940\" class=\"wp-image-6908\" srcset=\"https:\/\/lafilledecorinthe.com\/wordpress\/wp-content\/uploads\/2015\/11\/Ind\u00e9f\u00e9rencia.jpg 611w, https:\/\/lafilledecorinthe.com\/wordpress\/wp-content\/uploads\/2015\/11\/Ind\u00e9f\u00e9rencia-519x680.jpg 519w, https:\/\/lafilledecorinthe.com\/wordpress\/wp-content\/uploads\/2015\/11\/Ind\u00e9f\u00e9rencia-229x300.jpg 229w\" sizes=\"auto, (max-width: 611px) 100vw, 611px\" \/><\/a><figcaption class=\"wp-element-caption\">Indeferencia de Lola Alvarez Bravo, vers 1940<\/figcaption><\/figure>\n<\/div>","protected":false},"excerpt":{"rendered":"<p>Deux mus\u00e9es parisiens, le mus\u00e9e de l&rsquo;Orangerie et le mus\u00e9e d&rsquo;Orsay, consacrent aux femmes photographes une vaste exposition au titre intrigant : Qui a peur des femmes photographes ?&nbsp;Clin d&rsquo;oeil \u00e0 la chanson du court m\u00e9trage Les trois petits cochons de Walt Disney, ce titre nous interroge sur la visibilit\u00e9 du travail des femmes artistes&#8230;.<\/p>\n","protected":false},"author":2,"featured_media":6883,"comment_status":"open","ping_status":"open","sticky":false,"template":"","format":"standard","meta":{"_kad_post_transparent":"","_kad_post_title":"","_kad_post_layout":"","_kad_post_sidebar_id":"","_kad_post_content_style":"","_kad_post_vertical_padding":"","_kad_post_feature":"","_kad_post_feature_position":"","_kad_post_header":false,"_kad_post_footer":false,"_kad_post_classname":"","footnotes":""},"categories":[6,13],"tags":[1141,1140,1136,48,1138,1142,1139,442,1135,1134,1137],"class_list":["post-6882","post","type-post","status-publish","format-standard","has-post-thumbnail","hentry","category-blog","category-sorties-culturelles","tag-barbara-morgan","tag-germaine-dulac","tag-gertrude-kasebier","tag-jeu-de-paume","tag-julia-margaret-cameron","tag-lola-alvarez-bravo","tag-madame-yevonde","tag-musee-dorsay","tag-musee-de-lorangerie","tag-qui-a-peur-des-femmes-photographes","tag-zitkala-sa"],"_links":{"self":[{"href":"https:\/\/lafilledecorinthe.com\/wordpress\/wp-json\/wp\/v2\/posts\/6882","targetHints":{"allow":["GET"]}}],"collection":[{"href":"https:\/\/lafilledecorinthe.com\/wordpress\/wp-json\/wp\/v2\/posts"}],"about":[{"href":"https:\/\/lafilledecorinthe.com\/wordpress\/wp-json\/wp\/v2\/types\/post"}],"author":[{"embeddable":true,"href":"https:\/\/lafilledecorinthe.com\/wordpress\/wp-json\/wp\/v2\/users\/2"}],"replies":[{"embeddable":true,"href":"https:\/\/lafilledecorinthe.com\/wordpress\/wp-json\/wp\/v2\/comments?post=6882"}],"version-history":[{"count":25,"href":"https:\/\/lafilledecorinthe.com\/wordpress\/wp-json\/wp\/v2\/posts\/6882\/revisions"}],"predecessor-version":[{"id":15305,"href":"https:\/\/lafilledecorinthe.com\/wordpress\/wp-json\/wp\/v2\/posts\/6882\/revisions\/15305"}],"wp:featuredmedia":[{"embeddable":true,"href":"https:\/\/lafilledecorinthe.com\/wordpress\/wp-json\/wp\/v2\/media\/6883"}],"wp:attachment":[{"href":"https:\/\/lafilledecorinthe.com\/wordpress\/wp-json\/wp\/v2\/media?parent=6882"}],"wp:term":[{"taxonomy":"category","embeddable":true,"href":"https:\/\/lafilledecorinthe.com\/wordpress\/wp-json\/wp\/v2\/categories?post=6882"},{"taxonomy":"post_tag","embeddable":true,"href":"https:\/\/lafilledecorinthe.com\/wordpress\/wp-json\/wp\/v2\/tags?post=6882"}],"curies":[{"name":"wp","href":"https:\/\/api.w.org\/{rel}","templated":true}]}}