{"id":6834,"date":"2015-11-02T12:50:01","date_gmt":"2015-11-02T11:50:01","guid":{"rendered":"http:\/\/lafilledecorinthe.com\/wordpress\/?p=6834"},"modified":"2025-12-07T09:08:24","modified_gmt":"2025-12-07T08:08:24","slug":"la-fete-du-cinema-danimation-a-la-mediatheque-dorleans","status":"publish","type":"post","link":"https:\/\/lafilledecorinthe.com\/wordpress\/2015\/11\/la-fete-du-cinema-danimation-a-la-mediatheque-dorleans\/","title":{"rendered":"La f\u00eate du cin\u00e9ma d&rsquo;animation \u00e0 la m\u00e9diath\u00e8que d&rsquo;Orl\u00e9ans"},"content":{"rendered":"\n<p>Invit\u00e9e par la <a href=\"http:\/\/www.bm-orleans.fr\/medias\/medias.aspx?INSTANCE=exploitation&amp;PORTAL_ID=ermp_lasource.xml\" target=\"_blank\" rel=\"noopener\">m\u00e9diath\u00e8que Maurice Genevoix<\/a> d&rsquo;Orl\u00e9ans, j&rsquo;ai eu le plaisir d&rsquo;animer deux ateliers de d\u00e9couverte du cin\u00e9ma \u00ab\u00a0image par image\u00a0\u00bb. Le matin \u00e9tait consacr\u00e9 aux plus jeunes. Apr\u00e8s la projection de <em><a href=\"http:\/\/www.folimage.fr\/en\/distribution\/programmes\/bon-voyage-dimitri_16.htm\" target=\"_blank\" rel=\"noopener\">Bon voyage, Dimitri !<\/a>&nbsp;<\/em>les enfants ont&nbsp;minutieusement fait bouger des animaux de la Savane pour r\u00e9aliser quelques secondes d&rsquo;animation.<\/p>\n\n\n<div class=\"wp-block-image\">\n<figure class=\"aligncenter\"><a href=\"https:\/\/lafilledecorinthe.com\/wordpress\/wp-content\/uploads\/2015\/10\/orle_ans3_.jpg\"><img loading=\"lazy\" decoding=\"async\" width=\"808\" height=\"511\" src=\"https:\/\/lafilledecorinthe.com\/wordpress\/wp-content\/uploads\/2015\/10\/orle_ans3_.jpg\" alt=\"orle_ans3_\" class=\"wp-image-6838\" srcset=\"https:\/\/lafilledecorinthe.com\/wordpress\/wp-content\/uploads\/2015\/10\/orle_ans3_.jpg 808w, https:\/\/lafilledecorinthe.com\/wordpress\/wp-content\/uploads\/2015\/10\/orle_ans3_-680x430.jpg 680w, https:\/\/lafilledecorinthe.com\/wordpress\/wp-content\/uploads\/2015\/10\/orle_ans3_-474x300.jpg 474w\" sizes=\"auto, (max-width: 808px) 100vw, 808px\" \/><\/a><\/figure>\n<\/div>\n\n\n<p><\/p>\n\n\n\n<p>Les plus grands ont pu, quant \u00e0 eux, d\u00e9couvrir un programme que j&rsquo;aime beaucoup, <em><a href=\"http:\/\/www.cinemapublic.org\/IMG\/pdf\/dossier_peda_la_petite_fabrique_des_mots_et_des_sons_2015.pdf\" target=\"_blank\" rel=\"noopener\">La petite fabrique des mots<\/a>&nbsp;<\/em>! Nous avons ensuite anim\u00e9&nbsp;en ombre chinoise un duel de m\u00e9tamorphoses entre une f\u00e9e et un prince&#8230;<\/p>\n\n\n<div class=\"wp-block-image\">\n<figure class=\"aligncenter\"><a href=\"https:\/\/lafilledecorinthe.com\/wordpress\/wp-content\/uploads\/2015\/10\/ombre1.jpg\"><img loading=\"lazy\" decoding=\"async\" width=\"2959\" height=\"2083\" src=\"https:\/\/lafilledecorinthe.com\/wordpress\/wp-content\/uploads\/2015\/10\/ombre1.jpg\" alt=\"ombre1\" class=\"wp-image-6840\" srcset=\"https:\/\/lafilledecorinthe.com\/wordpress\/wp-content\/uploads\/2015\/10\/ombre1.jpg 2959w, https:\/\/lafilledecorinthe.com\/wordpress\/wp-content\/uploads\/2015\/10\/ombre1-680x479.jpg 680w, https:\/\/lafilledecorinthe.com\/wordpress\/wp-content\/uploads\/2015\/10\/ombre1-1280x901.jpg 1280w, https:\/\/lafilledecorinthe.com\/wordpress\/wp-content\/uploads\/2015\/10\/ombre1-426x300.jpg 426w\" sizes=\"auto, (max-width: 2959px) 100vw, 2959px\" \/><\/a><\/figure>\n<\/div>\n\n\n<p><\/p>\n\n\n<div class=\"wp-block-image\">\n<figure class=\"aligncenter\"><a href=\"https:\/\/lafilledecorinthe.com\/wordpress\/wp-content\/uploads\/2015\/10\/ombre2.jpg\"><img loading=\"lazy\" decoding=\"async\" width=\"357\" height=\"543\" src=\"https:\/\/lafilledecorinthe.com\/wordpress\/wp-content\/uploads\/2015\/10\/ombre2.jpg\" alt=\"ombre2\" class=\"wp-image-6844\" srcset=\"https:\/\/lafilledecorinthe.com\/wordpress\/wp-content\/uploads\/2015\/10\/ombre2.jpg 357w, https:\/\/lafilledecorinthe.com\/wordpress\/wp-content\/uploads\/2015\/10\/ombre2-197x300.jpg 197w\" sizes=\"auto, (max-width: 357px) 100vw, 357px\" \/><\/a><\/figure>\n<\/div>\n\n\n<p><br><\/p>\n","protected":false},"excerpt":{"rendered":"<p>Invit\u00e9e par la m\u00e9diath\u00e8que Maurice Genevoix d&rsquo;Orl\u00e9ans, j&rsquo;ai eu le plaisir d&rsquo;animer deux ateliers de d\u00e9couverte du cin\u00e9ma \u00ab\u00a0image par image\u00a0\u00bb. Le matin \u00e9tait consacr\u00e9 aux plus jeunes. Apr\u00e8s la projection de Bon voyage, Dimitri !&nbsp;les enfants ont&nbsp;minutieusement fait bouger des animaux de la Savane pour r\u00e9aliser quelques secondes d&rsquo;animation. Les plus grands ont pu,&#8230;<\/p>\n","protected":false},"author":2,"featured_media":6835,"comment_status":"open","ping_status":"open","sticky":false,"template":"","format":"standard","meta":{"_kad_post_transparent":"","_kad_post_title":"","_kad_post_layout":"","_kad_post_sidebar_id":"","_kad_post_content_style":"","_kad_post_vertical_padding":"","_kad_post_feature":"","_kad_post_feature_position":"","_kad_post_header":false,"_kad_post_footer":false,"_kad_post_classname":"","footnotes":""},"categories":[7],"tags":[195,1131,1132,1133,921,1129,1130,1043],"class_list":["post-6834","post","type-post","status-publish","format-standard","has-post-thumbnail","hentry","category-ateliers-enfants","tag-atelier-cinema-danimation","tag-bon-voyage","tag-dimitri","tag-la-fete-du-cinema-danimation","tag-la-petite-fabrique-des-mots","tag-mediatheque-maurice-genevoix","tag-orleans","tag-silhouettes-animes"],"_links":{"self":[{"href":"https:\/\/lafilledecorinthe.com\/wordpress\/wp-json\/wp\/v2\/posts\/6834","targetHints":{"allow":["GET"]}}],"collection":[{"href":"https:\/\/lafilledecorinthe.com\/wordpress\/wp-json\/wp\/v2\/posts"}],"about":[{"href":"https:\/\/lafilledecorinthe.com\/wordpress\/wp-json\/wp\/v2\/types\/post"}],"author":[{"embeddable":true,"href":"https:\/\/lafilledecorinthe.com\/wordpress\/wp-json\/wp\/v2\/users\/2"}],"replies":[{"embeddable":true,"href":"https:\/\/lafilledecorinthe.com\/wordpress\/wp-json\/wp\/v2\/comments?post=6834"}],"version-history":[{"count":10,"href":"https:\/\/lafilledecorinthe.com\/wordpress\/wp-json\/wp\/v2\/posts\/6834\/revisions"}],"predecessor-version":[{"id":14897,"href":"https:\/\/lafilledecorinthe.com\/wordpress\/wp-json\/wp\/v2\/posts\/6834\/revisions\/14897"}],"wp:featuredmedia":[{"embeddable":true,"href":"https:\/\/lafilledecorinthe.com\/wordpress\/wp-json\/wp\/v2\/media\/6835"}],"wp:attachment":[{"href":"https:\/\/lafilledecorinthe.com\/wordpress\/wp-json\/wp\/v2\/media?parent=6834"}],"wp:term":[{"taxonomy":"category","embeddable":true,"href":"https:\/\/lafilledecorinthe.com\/wordpress\/wp-json\/wp\/v2\/categories?post=6834"},{"taxonomy":"post_tag","embeddable":true,"href":"https:\/\/lafilledecorinthe.com\/wordpress\/wp-json\/wp\/v2\/tags?post=6834"}],"curies":[{"name":"wp","href":"https:\/\/api.w.org\/{rel}","templated":true}]}}