{"id":6777,"date":"2015-10-19T09:51:49","date_gmt":"2015-10-19T08:51:49","guid":{"rendered":"http:\/\/lafilledecorinthe.com\/wordpress\/?p=6777"},"modified":"2025-12-07T09:02:12","modified_gmt":"2025-12-07T08:02:12","slug":"phantom-boy-au-select-d-antony","status":"publish","type":"post","link":"https:\/\/lafilledecorinthe.com\/wordpress\/2015\/10\/phantom-boy-au-select-d-antony\/","title":{"rendered":"\u00ab\u00a0Phantom Boy\u00a0\u00bb au S\u00e9lect d&rsquo; Antony"},"content":{"rendered":"\n<p>La <a href=\"http:\/\/www.fete-cinema-animation.fr\/\" target=\"_blank\" rel=\"noopener\">F\u00eate du cin\u00e9ma d&rsquo;animation<\/a> bat son plein ! Au cin\u00e9ma Le s\u00e9lect d&rsquo;Antony, c&rsquo;est le&nbsp;nouveau long m\u00e9trage d&rsquo;Alain Cagnol et de Jean-Loup Felicioli qui est \u00e0 l&rsquo;honneur ! Apr\u00e8s la projection du film, les enfants sont invit\u00e9s \u00e0 d\u00e9couvrir trucs et effets sp\u00e9ciaux pour passer \u00e0 travers les murs lors d&rsquo;un atelier pixilation&#8230;<\/p>\n\n\n<div class=\"wp-block-image\">\n<figure class=\"aligncenter\"><a href=\"https:\/\/lafilledecorinthe.com\/wordpress\/wp-content\/uploads\/2015\/10\/mur2.jpg\"><img loading=\"lazy\" decoding=\"async\" width=\"680\" height=\"508\" src=\"https:\/\/lafilledecorinthe.com\/wordpress\/wp-content\/uploads\/2015\/10\/mur2-680x508.jpg\" alt=\"Garou, Garou, le passe-muraille de Jean Boyer, 1951\" class=\"wp-image-6780\" srcset=\"https:\/\/lafilledecorinthe.com\/wordpress\/wp-content\/uploads\/2015\/10\/mur2-680x508.jpg 680w, https:\/\/lafilledecorinthe.com\/wordpress\/wp-content\/uploads\/2015\/10\/mur2-401x300.jpg 401w, https:\/\/lafilledecorinthe.com\/wordpress\/wp-content\/uploads\/2015\/10\/mur2.jpg 800w\" sizes=\"auto, (max-width: 680px) 100vw, 680px\" \/><\/a><figcaption class=\"wp-element-caption\">Garou, Garou, le passe-muraille de Jean Boyer, 1951<\/figcaption><\/figure>\n<\/div>\n\n<div class=\"wp-block-image\">\n<figure class=\"aligncenter\"><a href=\"https:\/\/lafilledecorinthe.com\/wordpress\/wp-content\/uploads\/2015\/10\/Beetlejuice.jpg\"><img loading=\"lazy\" decoding=\"async\" width=\"770\" height=\"552\" src=\"https:\/\/lafilledecorinthe.com\/wordpress\/wp-content\/uploads\/2015\/10\/Beetlejuice.jpg\" alt=\"Beetlejuice de Tim Burton, 1988\" class=\"wp-image-6782\" srcset=\"https:\/\/lafilledecorinthe.com\/wordpress\/wp-content\/uploads\/2015\/10\/Beetlejuice.jpg 770w, https:\/\/lafilledecorinthe.com\/wordpress\/wp-content\/uploads\/2015\/10\/Beetlejuice-680x487.jpg 680w, https:\/\/lafilledecorinthe.com\/wordpress\/wp-content\/uploads\/2015\/10\/Beetlejuice-418x300.jpg 418w\" sizes=\"auto, (max-width: 770px) 100vw, 770px\" \/><\/a><figcaption class=\"wp-element-caption\">Beetlejuice de Tim Burton, 1988<\/figcaption><\/figure>\n<\/div>\n\n<div class=\"wp-block-image\">\n<figure class=\"aligncenter\"><a href=\"https:\/\/lafilledecorinthe.com\/wordpress\/wp-content\/uploads\/2015\/10\/Harry_Potter_2.jpg\"><img loading=\"lazy\" decoding=\"async\" width=\"1024\" height=\"427\" src=\"https:\/\/lafilledecorinthe.com\/wordpress\/wp-content\/uploads\/2015\/10\/Harry_Potter_2.jpg\" alt=\"Harry Potter \u00e0 l'\u00e9cole des sorciers de Chris Columbus, 2001\" class=\"wp-image-6783\" srcset=\"https:\/\/lafilledecorinthe.com\/wordpress\/wp-content\/uploads\/2015\/10\/Harry_Potter_2.jpg 1024w, https:\/\/lafilledecorinthe.com\/wordpress\/wp-content\/uploads\/2015\/10\/Harry_Potter_2-680x284.jpg 680w, https:\/\/lafilledecorinthe.com\/wordpress\/wp-content\/uploads\/2015\/10\/Harry_Potter_2-500x208.jpg 500w\" sizes=\"auto, (max-width: 1024px) 100vw, 1024px\" \/><\/a><figcaption class=\"wp-element-caption\">Harry Potter \u00e0 l&rsquo;\u00e9cole des sorciers de Chris Columbus, 2001<\/figcaption><\/figure>\n<\/div>\n\n<div class=\"wp-block-image\">\n<figure class=\"aligncenter\"><a href=\"https:\/\/lafilledecorinthe.com\/wordpress\/wp-content\/uploads\/2015\/10\/2BA.jpg\"><img loading=\"lazy\" decoding=\"async\" width=\"518\" height=\"380\" src=\"https:\/\/lafilledecorinthe.com\/wordpress\/wp-content\/uploads\/2015\/10\/2BA.jpg\" alt=\"Two bagatelles de Norman McLaren et Grant Munro, 1953, ONF\" class=\"wp-image-6791\" srcset=\"https:\/\/lafilledecorinthe.com\/wordpress\/wp-content\/uploads\/2015\/10\/2BA.jpg 518w, https:\/\/lafilledecorinthe.com\/wordpress\/wp-content\/uploads\/2015\/10\/2BA-409x300.jpg 409w\" sizes=\"auto, (max-width: 518px) 100vw, 518px\" \/><\/a><figcaption class=\"wp-element-caption\">Two bagatelles de Norman McLaren et Grant Munro, 1953, ONF<\/figcaption><\/figure>\n<\/div>\n\n\n<p>&#8230; Phantom Boy&nbsp;a produit un curieux effet sur les enfants !<br><object type=\"application\/x-shockwave-flash\" data=\"http:\/\/www.vimeo.com\/moogaloop.swf?clip_id=142852170\" width=\"500\" height=\"375\"><param name=\"movie\" value=\"http:\/\/www.vimeo.com\/moogaloop.swf?clip_id=142852170\" \/><param name=\"wmode\" value=\"transparent\" \/><\/object><br \/>\n<!-- generated by WordPress plugin Embedded Video -->\n&nbsp; &nbsp; &nbsp; &nbsp; &nbsp; &nbsp; &nbsp; &nbsp; &nbsp; &nbsp; &nbsp; &nbsp; &nbsp; &nbsp; &nbsp; &nbsp; &nbsp; &nbsp; &nbsp; &nbsp; &nbsp; &nbsp; &nbsp; &nbsp; &nbsp; &nbsp; &nbsp; &nbsp; &nbsp; &nbsp; &nbsp; &nbsp; &nbsp; &nbsp; &nbsp; &nbsp; &nbsp; &nbsp; &nbsp; &nbsp; &nbsp; &nbsp; &nbsp; &nbsp; &nbsp; &nbsp; &nbsp; &nbsp; &nbsp; &nbsp; &nbsp; &nbsp; &nbsp; &nbsp; &nbsp; &nbsp; &nbsp; &nbsp; &nbsp; &nbsp; &nbsp; &nbsp; &nbsp; &nbsp; &nbsp; &nbsp; &nbsp; &nbsp; &nbsp; &nbsp; &nbsp; &nbsp; &nbsp;Musique :&nbsp;http:\/\/www.musicscreen.be\/ &nbsp;<em>Ingrov<\/em>&nbsp;sous licence creative<\/p>\n","protected":false},"excerpt":{"rendered":"<p>La F\u00eate du cin\u00e9ma d&rsquo;animation bat son plein ! Au cin\u00e9ma Le s\u00e9lect d&rsquo;Antony, c&rsquo;est le&nbsp;nouveau long m\u00e9trage d&rsquo;Alain Cagnol et de Jean-Loup Felicioli qui est \u00e0 l&rsquo;honneur ! Apr\u00e8s la projection du film, les enfants sont invit\u00e9s \u00e0 d\u00e9couvrir trucs et effets sp\u00e9ciaux pour passer \u00e0 travers les murs lors d&rsquo;un atelier pixilation&#8230; &#8230;&#8230;<\/p>\n","protected":false},"author":2,"featured_media":6778,"comment_status":"open","ping_status":"open","sticky":false,"template":"","format":"standard","meta":{"_kad_post_transparent":"","_kad_post_title":"","_kad_post_layout":"","_kad_post_sidebar_id":"","_kad_post_content_style":"","_kad_post_vertical_padding":"","_kad_post_feature":"","_kad_post_feature_position":"","_kad_post_header":false,"_kad_post_footer":false,"_kad_post_classname":"","footnotes":""},"categories":[7],"tags":[1114,982,1117,1120,903,1115,1118,1121,746,1119,1123,1116,1113,1122],"class_list":["post-6777","post","type-post","status-publish","format-standard","has-post-thumbnail","hentry","category-ateliers-enfants","tag-alain-cagnol","tag-antony","tag-atelier-pixilation","tag-beetlejuice","tag-cinema-le-select","tag-fete-du-cinema-danimation","tag-garou","tag-harry-potter-a-lecole-des-sorciers","tag-jean-loup-felicioli","tag-le-passe-muraille","tag-musicscreen","tag-passer-a-travers-les-murs","tag-phantom-boy","tag-two-bagatelles"],"_links":{"self":[{"href":"https:\/\/lafilledecorinthe.com\/wordpress\/wp-json\/wp\/v2\/posts\/6777","targetHints":{"allow":["GET"]}}],"collection":[{"href":"https:\/\/lafilledecorinthe.com\/wordpress\/wp-json\/wp\/v2\/posts"}],"about":[{"href":"https:\/\/lafilledecorinthe.com\/wordpress\/wp-json\/wp\/v2\/types\/post"}],"author":[{"embeddable":true,"href":"https:\/\/lafilledecorinthe.com\/wordpress\/wp-json\/wp\/v2\/users\/2"}],"replies":[{"embeddable":true,"href":"https:\/\/lafilledecorinthe.com\/wordpress\/wp-json\/wp\/v2\/comments?post=6777"}],"version-history":[{"count":16,"href":"https:\/\/lafilledecorinthe.com\/wordpress\/wp-json\/wp\/v2\/posts\/6777\/revisions"}],"predecessor-version":[{"id":14890,"href":"https:\/\/lafilledecorinthe.com\/wordpress\/wp-json\/wp\/v2\/posts\/6777\/revisions\/14890"}],"wp:featuredmedia":[{"embeddable":true,"href":"https:\/\/lafilledecorinthe.com\/wordpress\/wp-json\/wp\/v2\/media\/6778"}],"wp:attachment":[{"href":"https:\/\/lafilledecorinthe.com\/wordpress\/wp-json\/wp\/v2\/media?parent=6777"}],"wp:term":[{"taxonomy":"category","embeddable":true,"href":"https:\/\/lafilledecorinthe.com\/wordpress\/wp-json\/wp\/v2\/categories?post=6777"},{"taxonomy":"post_tag","embeddable":true,"href":"https:\/\/lafilledecorinthe.com\/wordpress\/wp-json\/wp\/v2\/tags?post=6777"}],"curies":[{"name":"wp","href":"https:\/\/api.w.org\/{rel}","templated":true}]}}