{"id":6622,"date":"2015-09-04T13:06:19","date_gmt":"2015-09-04T12:06:19","guid":{"rendered":"http:\/\/lafilledecorinthe.com\/wordpress\/?p=6622"},"modified":"2025-12-10T13:36:35","modified_gmt":"2025-12-10T12:36:35","slug":"miss-hokusai-de-keiichi-hara","status":"publish","type":"post","link":"https:\/\/lafilledecorinthe.com\/wordpress\/2015\/09\/miss-hokusai-de-keiichi-hara\/","title":{"rendered":"Miss Hokusai de Keiichi Hara"},"content":{"rendered":"\n<p>Le troisi\u00e8me film du r\u00e9alisateur japonais, Keiichi Hara, est \u00e9minemment singulier et personnel. Il porte son attention sur la fille du&nbsp;plus c\u00e9l\u00e8bre artiste japonais Katsushika Hokusai et nous raconte en d\u00e9tail une ann\u00e9e de sa vie \u00e0 Edo. C&rsquo;est une toute jeune femme \u00e0 l&rsquo;\u00e2ge des premiers \u00e9mois amoureux que nous allons accompagner au fil des saisons. A&nbsp;l&rsquo;encontre de son p\u00e8re, sa vie a failli sombrer dans l&rsquo;oubli malgr\u00e9 les qualit\u00e9s artistiques ind\u00e9niables de son travail. C&rsquo;est une historienne et mangaka, Hinako Sugiura, qui l&rsquo;a fait conna\u00eetre au public japonais dans un&nbsp;manga non&nbsp;publi\u00e9 en France, <em>Sarusuberi<\/em>.<\/p>\n\n\n<div class=\"wp-block-image\">\n<figure class=\"aligncenter\"><a href=\"https:\/\/lafilledecorinthe.com\/wordpress\/wp-content\/uploads\/2015\/09\/Sarusuberi-dHinako-Sugiura.jpg\"><img loading=\"lazy\" decoding=\"async\" width=\"361\" height=\"499\" src=\"https:\/\/lafilledecorinthe.com\/wordpress\/wp-content\/uploads\/2015\/09\/Sarusuberi-dHinako-Sugiura.jpg\" alt=\"Sarusuberi d'Hinako Sugiura, \" class=\"wp-image-6628\" srcset=\"https:\/\/lafilledecorinthe.com\/wordpress\/wp-content\/uploads\/2015\/09\/Sarusuberi-dHinako-Sugiura.jpg 361w, https:\/\/lafilledecorinthe.com\/wordpress\/wp-content\/uploads\/2015\/09\/Sarusuberi-dHinako-Sugiura-217x300.jpg 217w\" sizes=\"auto, (max-width: 361px) 100vw, 361px\" \/><\/a><figcaption class=\"wp-element-caption\">Sarusuberi d&rsquo;Hinako Sugiura,\u00a01983-87<\/figcaption><\/figure>\n<\/div>\n\n<div class=\"wp-block-image\">\n<figure class=\"aligncenter\"><a href=\"https:\/\/lafilledecorinthe.com\/wordpress\/wp-content\/uploads\/2015\/09\/sarusuberi-2.jpg\"><img loading=\"lazy\" decoding=\"async\" width=\"2124\" height=\"1600\" src=\"https:\/\/lafilledecorinthe.com\/wordpress\/wp-content\/uploads\/2015\/09\/sarusuberi-2.jpg\" alt=\"sarusuberi 2\" class=\"wp-image-6633\" srcset=\"https:\/\/lafilledecorinthe.com\/wordpress\/wp-content\/uploads\/2015\/09\/sarusuberi-2.jpg 2124w, https:\/\/lafilledecorinthe.com\/wordpress\/wp-content\/uploads\/2015\/09\/sarusuberi-2-680x512.jpg 680w, https:\/\/lafilledecorinthe.com\/wordpress\/wp-content\/uploads\/2015\/09\/sarusuberi-2-1280x964.jpg 1280w, https:\/\/lafilledecorinthe.com\/wordpress\/wp-content\/uploads\/2015\/09\/sarusuberi-2-398x300.jpg 398w\" sizes=\"auto, (max-width: 2124px) 100vw, 2124px\" \/><\/a><figcaption class=\"wp-element-caption\">Sarusuberi d&rsquo;Hinako Sugiura, 1983-87<\/figcaption><\/figure>\n<\/div>\n\n\n<p>Respectueux du pass\u00e9 et du manga qu&rsquo;il adapte partiellement,&nbsp;Keiichi Hara d\u00e9veloppe des sujets qui le passionnent depuis <em>Un \u00e9t\u00e9 avec Coo<\/em>. Les liens familiaux sont au centre du film, la relation avec son p\u00e8re et ma\u00eetre de peinture bien s\u00fbr mais surtout l&rsquo;attachement d&rsquo;O Ei pour sa jeune soeur aveugle, O Nao. Le film&nbsp;est tr\u00e8s sensuel, notamment dans l&rsquo;\u00e9vocation des ballades des deux soeurs. La c\u00e9cit\u00e9 d&rsquo;O Nao est contourn\u00e9e par l&rsquo;attention port\u00e9e aux bruits, aux odeurs, au sens du toucher, \u00e0 l&rsquo;\u00e9vocation des couleurs&#8230;<\/p>\n\n\n<div class=\"wp-block-image\">\n<figure class=\"aligncenter\"><a href=\"https:\/\/lafilledecorinthe.com\/wordpress\/wp-content\/uploads\/2015\/09\/O-nao.jpg\"><img loading=\"lazy\" decoding=\"async\" width=\"620\" height=\"349\" src=\"https:\/\/lafilledecorinthe.com\/wordpress\/wp-content\/uploads\/2015\/09\/O-nao.jpg\" alt=\"O nao\" class=\"wp-image-6636\" srcset=\"https:\/\/lafilledecorinthe.com\/wordpress\/wp-content\/uploads\/2015\/09\/O-nao.jpg 620w, https:\/\/lafilledecorinthe.com\/wordpress\/wp-content\/uploads\/2015\/09\/O-nao-500x281.jpg 500w\" sizes=\"auto, (max-width: 620px) 100vw, 620px\" \/><\/a><figcaption class=\"wp-element-caption\">O Ei et O Nao dans Miss Hokusai de Keiichi Hara<\/figcaption><\/figure>\n<\/div>\n\n\n<p>Une tr\u00e8s belle sc\u00e8ne de jeux dans la neige ravive&nbsp;un souvenir de l&rsquo;enfance d&rsquo;O&nbsp;Ei, un des rares flash-back du film. O Ei, petite fille, accompagne son p\u00e8re lors d&rsquo;une s\u00e9ance de dessin sur le vif, Hokusai dessine le paysage enneig\u00e9 pendant que sa fille joue \u00e0 lui lancer des boules de neige. Agac\u00e9, Hokusai tend \u00e0 sa fille quelques feuilles de papier et des pinceaux pour qu&rsquo;elle puisse dessiner et le laisser tranquille.<\/p>\n\n\n<div class=\"wp-block-image\">\n<figure class=\"aligncenter\"><a href=\"https:\/\/lafilledecorinthe.com\/wordpress\/wp-content\/uploads\/2015\/09\/Hokusai-Maison-The-Maison-Fuji.jpg\"><img loading=\"lazy\" decoding=\"async\" width=\"580\" height=\"397\" src=\"https:\/\/lafilledecorinthe.com\/wordpress\/wp-content\/uploads\/2015\/09\/Hokusai-Maison-The-Maison-Fuji.jpg\" alt=\"Une maison de th\u00e9 et le mont Fuji sous la neige, Hokusai, 1830\" class=\"wp-image-6642\" srcset=\"https:\/\/lafilledecorinthe.com\/wordpress\/wp-content\/uploads\/2015\/09\/Hokusai-Maison-The-Maison-Fuji.jpg 580w, https:\/\/lafilledecorinthe.com\/wordpress\/wp-content\/uploads\/2015\/09\/Hokusai-Maison-The-Maison-Fuji-438x300.jpg 438w\" sizes=\"auto, (max-width: 580px) 100vw, 580px\" \/><\/a><figcaption class=\"wp-element-caption\">Une maison de th\u00e9 et le mont Fuji sous la neige, Hokusai, 1830<\/figcaption><\/figure>\n<\/div>\n\n\n<p>Dans ce film, Keiichi Hara imbrique \u00e0 nouveau le fantastique avec le quotidien. Les nombreuses sc\u00e8nes nocturnes sont propices \u00e0 l&rsquo;\u00e9vocation d&rsquo;apparitions surnaturelles. Elles lui permettent aussi d&rsquo;\u00e9voquer la passion d&rsquo;O Ei pour les incendies, pour les jeux de lumi\u00e8re et d&rsquo;ombre que l&rsquo;on retrouve dans l&rsquo;une de ses rares oeuvres sign\u00e9es,&nbsp;<em>Sc\u00e8ne de nuit dans le Yoshiwara, <\/em>pr\u00e9sent\u00e9e lors du g\u00e9n\u00e9rique.<\/p>\n\n\n<div class=\"wp-block-image\">\n<figure class=\"aligncenter\"><a href=\"https:\/\/lafilledecorinthe.com\/wordpress\/wp-content\/uploads\/2015\/09\/Derri\u00e8re-les-grilles-de-Yoshiwara.jpg\"><img loading=\"lazy\" decoding=\"async\" width=\"1000\" height=\"669\" src=\"https:\/\/lafilledecorinthe.com\/wordpress\/wp-content\/uploads\/2015\/09\/Derri\u00e8re-les-grilles-de-Yoshiwara.jpg\" alt=\"Sc\u00e8ne de nuit dans le Yoshiwara,  O Ei Katsushika, date inconnue\" class=\"wp-image-6643\" srcset=\"https:\/\/lafilledecorinthe.com\/wordpress\/wp-content\/uploads\/2015\/09\/Derri\u00e8re-les-grilles-de-Yoshiwara.jpg 1000w, https:\/\/lafilledecorinthe.com\/wordpress\/wp-content\/uploads\/2015\/09\/Derri\u00e8re-les-grilles-de-Yoshiwara-680x455.jpg 680w, https:\/\/lafilledecorinthe.com\/wordpress\/wp-content\/uploads\/2015\/09\/Derri\u00e8re-les-grilles-de-Yoshiwara-448x300.jpg 448w\" sizes=\"auto, (max-width: 1000px) 100vw, 1000px\" \/><\/a><figcaption class=\"wp-element-caption\">Sc\u00e8ne de nuit dans le Yoshiwara, O Ei Katsushika, date inconnue<\/figcaption><\/figure>\n<\/div>\n\n\n<p>La sc\u00e8ne de la temp\u00eate annonciatrice de la venue du dragon est un joli clin d&rsquo;oeil \u00e0 celle d&rsquo;<em>Un \u00e9t\u00e9 avec Coo<\/em>&#8230;<\/p>\n\n\n<div class=\"wp-block-image\">\n<figure class=\"aligncenter\"><a href=\"https:\/\/lafilledecorinthe.com\/wordpress\/wp-content\/uploads\/2015\/09\/Coo.jpg\"><img loading=\"lazy\" decoding=\"async\" width=\"1010\" height=\"574\" src=\"https:\/\/lafilledecorinthe.com\/wordpress\/wp-content\/uploads\/2015\/09\/Coo.jpg\" alt=\"Un \u00e9t\u00e9 avec coo, Keiichi Hara, \" class=\"wp-image-6650\" srcset=\"https:\/\/lafilledecorinthe.com\/wordpress\/wp-content\/uploads\/2015\/09\/Coo.jpg 1010w, https:\/\/lafilledecorinthe.com\/wordpress\/wp-content\/uploads\/2015\/09\/Coo-680x386.jpg 680w, https:\/\/lafilledecorinthe.com\/wordpress\/wp-content\/uploads\/2015\/09\/Coo-500x284.jpg 500w\" sizes=\"auto, (max-width: 1010px) 100vw, 1010px\" \/><\/a><figcaption class=\"wp-element-caption\">Un \u00e9t\u00e9 avec coo, Keiichi Hara, 2007<\/figcaption><\/figure>\n<\/div>\n\n\n<p>Enfin, Keiichi Hara n&rsquo;h\u00e9site pas \u00e0 utiliser \u00e0 plusieurs reprises du rock pour accompagner notamment la marche dynamique d&rsquo; O Ei lorsqu&rsquo;elle traverse le pont Ryogoku. Loin d&rsquo;un anachronisme, ce choix ainsi&nbsp;que les derni\u00e8res images montrant ce site \u00e0 l&rsquo;\u00e9poque contemporaine, m\u00eale le pr\u00e9sent au pass\u00e9 dans cette histoire qui est avant tout intemporelle.<\/p>\n\n\n<div class=\"wp-block-image\">\n<figure class=\"aligncenter\"><a href=\"https:\/\/lafilledecorinthe.com\/wordpress\/wp-content\/uploads\/2015\/09\/pont.jpg\"><img loading=\"lazy\" decoding=\"async\" width=\"1525\" height=\"1027\" src=\"https:\/\/lafilledecorinthe.com\/wordpress\/wp-content\/uploads\/2015\/09\/pont.jpg\" alt=\"Coucher de soleil sur le pont Ryogoku, Hokusai, 1830-1832\" class=\"wp-image-6656\" srcset=\"https:\/\/lafilledecorinthe.com\/wordpress\/wp-content\/uploads\/2015\/09\/pont.jpg 1525w, https:\/\/lafilledecorinthe.com\/wordpress\/wp-content\/uploads\/2015\/09\/pont-680x458.jpg 680w, https:\/\/lafilledecorinthe.com\/wordpress\/wp-content\/uploads\/2015\/09\/pont-1280x862.jpg 1280w, https:\/\/lafilledecorinthe.com\/wordpress\/wp-content\/uploads\/2015\/09\/pont-445x300.jpg 445w\" sizes=\"auto, (max-width: 1525px) 100vw, 1525px\" \/><\/a><figcaption class=\"wp-element-caption\">Coucher de soleil sur le pont Ryogoku, Hokusai, 1830-1832<\/figcaption><\/figure>\n<\/div>","protected":false},"excerpt":{"rendered":"<p>Le troisi\u00e8me film du r\u00e9alisateur japonais, Keiichi Hara, est \u00e9minemment singulier et personnel. Il porte son attention sur la fille du&nbsp;plus c\u00e9l\u00e8bre artiste japonais Katsushika Hokusai et nous raconte en d\u00e9tail une ann\u00e9e de sa vie \u00e0 Edo. C&rsquo;est une toute jeune femme \u00e0 l&rsquo;\u00e2ge des premiers \u00e9mois amoureux que nous allons accompagner au fil&#8230;<\/p>\n","protected":false},"author":2,"featured_media":6632,"comment_status":"open","ping_status":"open","sticky":false,"template":"","format":"standard","meta":{"_kad_post_transparent":"","_kad_post_title":"","_kad_post_layout":"","_kad_post_sidebar_id":"","_kad_post_content_style":"","_kad_post_vertical_padding":"","_kad_post_feature":"","_kad_post_feature_position":"","_kad_post_header":false,"_kad_post_footer":false,"_kad_post_classname":"","footnotes":""},"categories":[6],"tags":[1096,1089,1088,1087,1092,1094,1090,1093,1091,1095],"class_list":["post-6622","post","type-post","status-publish","format-standard","has-post-thumbnail","hentry","category-blog","tag-coucher-de-soleil-sur-le-pont-ryogoku","tag-hinako-sugiura","tag-keiichi-hara","tag-miss-hokusai","tag-o-ei","tag-pont-ryogoku","tag-sarusuberi","tag-scene-de-nuit-dans-le-yoshiwara","tag-un-ete-avec-coo","tag-une-maison-de-the-et-le-mont-fuji-sous-la-neige"],"_links":{"self":[{"href":"https:\/\/lafilledecorinthe.com\/wordpress\/wp-json\/wp\/v2\/posts\/6622","targetHints":{"allow":["GET"]}}],"collection":[{"href":"https:\/\/lafilledecorinthe.com\/wordpress\/wp-json\/wp\/v2\/posts"}],"about":[{"href":"https:\/\/lafilledecorinthe.com\/wordpress\/wp-json\/wp\/v2\/types\/post"}],"author":[{"embeddable":true,"href":"https:\/\/lafilledecorinthe.com\/wordpress\/wp-json\/wp\/v2\/users\/2"}],"replies":[{"embeddable":true,"href":"https:\/\/lafilledecorinthe.com\/wordpress\/wp-json\/wp\/v2\/comments?post=6622"}],"version-history":[{"count":32,"href":"https:\/\/lafilledecorinthe.com\/wordpress\/wp-json\/wp\/v2\/posts\/6622\/revisions"}],"predecessor-version":[{"id":15425,"href":"https:\/\/lafilledecorinthe.com\/wordpress\/wp-json\/wp\/v2\/posts\/6622\/revisions\/15425"}],"wp:featuredmedia":[{"embeddable":true,"href":"https:\/\/lafilledecorinthe.com\/wordpress\/wp-json\/wp\/v2\/media\/6632"}],"wp:attachment":[{"href":"https:\/\/lafilledecorinthe.com\/wordpress\/wp-json\/wp\/v2\/media?parent=6622"}],"wp:term":[{"taxonomy":"category","embeddable":true,"href":"https:\/\/lafilledecorinthe.com\/wordpress\/wp-json\/wp\/v2\/categories?post=6622"},{"taxonomy":"post_tag","embeddable":true,"href":"https:\/\/lafilledecorinthe.com\/wordpress\/wp-json\/wp\/v2\/tags?post=6622"}],"curies":[{"name":"wp","href":"https:\/\/api.w.org\/{rel}","templated":true}]}}