{"id":6618,"date":"2015-10-04T18:14:08","date_gmt":"2015-10-04T17:14:08","guid":{"rendered":"http:\/\/lafilledecorinthe.com\/wordpress\/?p=6618"},"modified":"2025-12-06T19:43:10","modified_gmt":"2025-12-06T18:43:10","slug":"ma-premiere-seance-en-seine-saint-denis","status":"publish","type":"post","link":"https:\/\/lafilledecorinthe.com\/wordpress\/2015\/10\/ma-premiere-seance-en-seine-saint-denis\/","title":{"rendered":"\u00ab\u00a0Ma premi\u00e8re s\u00e9ance\u00a0\u00bb en Seine-Saint-Denis"},"content":{"rendered":"\n<p><em>\u00ab\u00a0On r\u00e9alise un film d&rsquo;animation comme on r\u00e9alise un tour de magie : en employant des trucs et des astuces, en accumulant les heures patientes et les gestes minutieux qui s&rsquo;effaceront pour ne laisser place qu&rsquo;\u00e0 l&rsquo;\u00e9merveillement des spectateurs.\u00a0\u00bb<\/em> &nbsp; &nbsp; &nbsp; &nbsp; &nbsp; &nbsp; &nbsp; &nbsp; &nbsp; &nbsp; &nbsp; &nbsp; &nbsp; &nbsp; &nbsp; &nbsp; &nbsp; &nbsp; &nbsp; &nbsp; &nbsp; &nbsp; &nbsp; &nbsp; &nbsp; &nbsp; &nbsp; &nbsp; &nbsp; &nbsp; &nbsp; &nbsp; &nbsp; Yves Geleyn, catalogue de l&rsquo;exposition Motion Factury, 2014<\/p>\n\n\n\n<p><a href=\"http:\/\/www.lesfilmsdupreau.com\/\" target=\"_blank\" rel=\"noopener\">Les films du pr\u00e9au<\/a> sont \u00e0 l&rsquo;honneur dans cette nouvelle programmation de <em>Ma premi\u00e8re s\u00e9ance<\/em> avec <em>Gros pois et Petit point<\/em> d&rsquo;Uzi et Lotta Geffenblad, <em>Perdu Retrouv\u00e9 <\/em>de&nbsp;Philip Hunt et le court-m\u00e9trage&nbsp;<em>Peur de voler<\/em> de Conor Finnegan.<br>Entre bricolage et technologies de pointe, d\u00e8s la conception du film, l&rsquo;\u00e9merveillement est \u00e0 l&rsquo;oeuvre. La preuve en image !<\/p>\n\n\n<div class=\"wp-block-image\">\n<figure class=\"aligncenter size-full\"><a href=\"https:\/\/lafilledecorinthe.com\/wordpress\/wp-content\/uploads\/2015\/10\/Lalbum1.jpg\"><img loading=\"lazy\" decoding=\"async\" width=\"405\" height=\"438\" src=\"https:\/\/lafilledecorinthe.com\/wordpress\/wp-content\/uploads\/2015\/10\/Lalbum1.jpg\" alt=\"Extrait de l'album su\u00e9dois &quot;Prick och fl\u00e4ck p\u00e4 pricknick&quot; de Lotta Geffenblad, Bonnier Carlsen, 2011\" class=\"wp-image-6712\" srcset=\"https:\/\/lafilledecorinthe.com\/wordpress\/wp-content\/uploads\/2015\/10\/Lalbum1.jpg 405w, https:\/\/lafilledecorinthe.com\/wordpress\/wp-content\/uploads\/2015\/10\/Lalbum1-277x300.jpg 277w\" sizes=\"auto, (max-width: 405px) 100vw, 405px\" \/><\/a><figcaption class=\"wp-element-caption\">Extrait de l&rsquo;album su\u00e9dois \u00ab\u00a0Prick och fl\u00e4ck p\u00e4 pricknick\u00a0\u00bb de Lotta Geffenblad, Bonnier Carlsen, 2011<\/figcaption><\/figure>\n<\/div>\n\n<div class=\"wp-block-image\">\n<figure class=\"aligncenter\"><a href=\"https:\/\/lafilledecorinthe.com\/wordpress\/wp-content\/uploads\/2015\/10\/storyboard.jpeg\"><img loading=\"lazy\" decoding=\"async\" width=\"1024\" height=\"480\" src=\"https:\/\/lafilledecorinthe.com\/wordpress\/wp-content\/uploads\/2015\/10\/storyboard.jpeg\" alt=\"storyboard &quot;Le pique-nique&quot;, Lotta Geffenblad\" class=\"wp-image-6713\" srcset=\"https:\/\/lafilledecorinthe.com\/wordpress\/wp-content\/uploads\/2015\/10\/storyboard.jpeg 1024w, https:\/\/lafilledecorinthe.com\/wordpress\/wp-content\/uploads\/2015\/10\/storyboard-680x319.jpeg 680w, https:\/\/lafilledecorinthe.com\/wordpress\/wp-content\/uploads\/2015\/10\/storyboard-500x234.jpeg 500w\" sizes=\"auto, (max-width: 1024px) 100vw, 1024px\" \/><\/a><figcaption class=\"wp-element-caption\">Extrait du storyboard \u00ab\u00a0Le pique-nique\u00a0\u00bb, Gros -Pois et Petit-Point d Uzi et Lotta Geffenblad, 2011<\/figcaption><\/figure>\n<\/div>\n\n<div class=\"wp-block-image\">\n<figure class=\"aligncenter\"><a href=\"https:\/\/lafilledecorinthe.com\/wordpress\/wp-content\/uploads\/2015\/10\/miah-atwork-pofpicnic1C.jpg\"><img loading=\"lazy\" decoding=\"async\" width=\"3888\" height=\"2592\" src=\"https:\/\/lafilledecorinthe.com\/wordpress\/wp-content\/uploads\/2015\/10\/miah-atwork-pofpicnic1C.jpg\" alt=\"Lotta Geffenblad pendant le tournage du court m\u00e9trage &quot;Le pique-nique&quot;\" class=\"wp-image-6731\" srcset=\"https:\/\/lafilledecorinthe.com\/wordpress\/wp-content\/uploads\/2015\/10\/miah-atwork-pofpicnic1C.jpg 3888w, https:\/\/lafilledecorinthe.com\/wordpress\/wp-content\/uploads\/2015\/10\/miah-atwork-pofpicnic1C-680x453.jpg 680w, https:\/\/lafilledecorinthe.com\/wordpress\/wp-content\/uploads\/2015\/10\/miah-atwork-pofpicnic1C-1280x853.jpg 1280w, https:\/\/lafilledecorinthe.com\/wordpress\/wp-content\/uploads\/2015\/10\/miah-atwork-pofpicnic1C-450x300.jpg 450w\" sizes=\"auto, (max-width: 3888px) 100vw, 3888px\" \/><\/a><figcaption class=\"wp-element-caption\">Lotta Geffenblad pendant le tournage du court m\u00e9trage \u00ab\u00a0Le pique-nique\u00a0\u00bb, Gros-Pois et Petit-Point de Uzi et Lotta Geffenblad, 2011<\/figcaption><\/figure>\n<\/div>\n\n<div class=\"wp-block-image\">\n<figure class=\"aligncenter\"><a href=\"https:\/\/lafilledecorinthe.com\/wordpress\/wp-content\/uploads\/2015\/10\/lost-and-found.jpg\"><img loading=\"lazy\" decoding=\"async\" width=\"905\" height=\"1280\" src=\"https:\/\/lafilledecorinthe.com\/wordpress\/wp-content\/uploads\/2015\/10\/lost-and-found.jpg\" alt=\"dessins pr\u00e9paratoires d'Amandine Pecharman pour &quot;Perdu ? Retrouv\u00e9!&quot;\" class=\"wp-image-6714\" srcset=\"https:\/\/lafilledecorinthe.com\/wordpress\/wp-content\/uploads\/2015\/10\/lost-and-found.jpg 905w, https:\/\/lafilledecorinthe.com\/wordpress\/wp-content\/uploads\/2015\/10\/lost-and-found-481x680.jpg 481w, https:\/\/lafilledecorinthe.com\/wordpress\/wp-content\/uploads\/2015\/10\/lost-and-found-212x300.jpg 212w\" sizes=\"auto, (max-width: 905px) 100vw, 905px\" \/><\/a><figcaption class=\"wp-element-caption\">dessins pr\u00e9paratoires d&rsquo;Amandine Pecharman pour le film \u00ab\u00a0Perdu ? Retrouv\u00e9 !\u00a0\u00bb de Philip Hunt, 2010<\/figcaption><\/figure>\n<\/div>\n\n\n<p>Conor Finnegan d\u00e9voile ses secrets de fabrication, entre prises de vue r\u00e9elles avec les marionnettes et animation en 2D et 3D.<em> Peur de voler<\/em>\u00a0n&rsquo;est pas tourn\u00e9 \u00ab\u00a0image par image\u00a0\u00bb.<br><\/p>\n\n\n\n<figure class=\"wp-block-embed is-type-video is-provider-vimeo wp-block-embed-vimeo wp-embed-aspect-16-9 wp-has-aspect-ratio\"><div class=\"wp-block-embed__wrapper\">\n<iframe loading=\"lazy\" title=\"A glimpse into the MAKING OF &quot;FEAR OF FLYING&quot;\" src=\"https:\/\/player.vimeo.com\/video\/48440802?dnt=1&amp;app_id=122963\" width=\"720\" height=\"405\" frameborder=\"0\" allow=\"autoplay; fullscreen; picture-in-picture; clipboard-write; encrypted-media; web-share\" referrerpolicy=\"strict-origin-when-cross-origin\"><\/iframe>\n<\/div><\/figure>\n\n\n\n<p><\/p>\n\n\n\n<p>Document&nbsp;accompagnant <a href=\"https:\/\/lafilledecorinthe.com\/wordpress\/wp-content\/uploads\/2015\/10\/Ma-premi\u00e8re-s\u00e9ance.pdf\">Ma premi\u00e8re s\u00e9ance<\/a>&nbsp;et fichiers \u00e0 t\u00e9l\u00e9charger :&nbsp;<a href=\"https:\/\/lafilledecorinthe.com\/wordpress\/wp-content\/uploads\/2015\/10\/Images-s\u00e9quentielles.pdf\">Images s\u00e9quentielles<\/a>,&nbsp;<a href=\"https:\/\/lafilledecorinthe.com\/wordpress\/wp-content\/uploads\/2015\/10\/Points-de-vue-.pdf\">Points de vue<\/a>&nbsp;et&nbsp;<a href=\"https:\/\/lafilledecorinthe.com\/wordpress\/wp-content\/uploads\/2015\/10\/La-chute...pdf\">La chute<\/a><\/p>\n","protected":false},"excerpt":{"rendered":"<p>\u00ab\u00a0On r\u00e9alise un film d&rsquo;animation comme on r\u00e9alise un tour de magie : en employant des trucs et des astuces, en accumulant les heures patientes et les gestes minutieux qui s&rsquo;effaceront pour ne laisser place qu&rsquo;\u00e0 l&rsquo;\u00e9merveillement des spectateurs.\u00a0\u00bb &nbsp; &nbsp; &nbsp; &nbsp; &nbsp; &nbsp; &nbsp; &nbsp; &nbsp; &nbsp; &nbsp; &nbsp; &nbsp; &nbsp; &nbsp; &nbsp;&#8230;<\/p>\n","protected":false},"author":2,"featured_media":6707,"comment_status":"open","ping_status":"open","sticky":false,"template":"","format":"standard","meta":{"_kad_post_transparent":"","_kad_post_title":"","_kad_post_layout":"","_kad_post_sidebar_id":"","_kad_post_content_style":"","_kad_post_vertical_padding":"","_kad_post_feature":"","_kad_post_feature_position":"","_kad_post_header":false,"_kad_post_footer":false,"_kad_post_classname":"","footnotes":""},"categories":[8],"tags":[1108,1107,833,904,1104,355,1106,804,1105,303,800],"class_list":["post-6618","post","type-post","status-publish","format-standard","has-post-thumbnail","hentry","category-formations-adultes","tag-conor-finnegan","tag-fear-of-flying","tag-gros-pois-et-petit-point","tag-les-films-du-preau","tag-ma-premere-seance","tag-perdu-retrouve","tag-peur-de-voler","tag-philip-hunt","tag-seine-saint-denis","tag-uzi-et-lotta-geffenblad","tag-yves-geleyn"],"_links":{"self":[{"href":"https:\/\/lafilledecorinthe.com\/wordpress\/wp-json\/wp\/v2\/posts\/6618","targetHints":{"allow":["GET"]}}],"collection":[{"href":"https:\/\/lafilledecorinthe.com\/wordpress\/wp-json\/wp\/v2\/posts"}],"about":[{"href":"https:\/\/lafilledecorinthe.com\/wordpress\/wp-json\/wp\/v2\/types\/post"}],"author":[{"embeddable":true,"href":"https:\/\/lafilledecorinthe.com\/wordpress\/wp-json\/wp\/v2\/users\/2"}],"replies":[{"embeddable":true,"href":"https:\/\/lafilledecorinthe.com\/wordpress\/wp-json\/wp\/v2\/comments?post=6618"}],"version-history":[{"count":23,"href":"https:\/\/lafilledecorinthe.com\/wordpress\/wp-json\/wp\/v2\/posts\/6618\/revisions"}],"predecessor-version":[{"id":14761,"href":"https:\/\/lafilledecorinthe.com\/wordpress\/wp-json\/wp\/v2\/posts\/6618\/revisions\/14761"}],"wp:featuredmedia":[{"embeddable":true,"href":"https:\/\/lafilledecorinthe.com\/wordpress\/wp-json\/wp\/v2\/media\/6707"}],"wp:attachment":[{"href":"https:\/\/lafilledecorinthe.com\/wordpress\/wp-json\/wp\/v2\/media?parent=6618"}],"wp:term":[{"taxonomy":"category","embeddable":true,"href":"https:\/\/lafilledecorinthe.com\/wordpress\/wp-json\/wp\/v2\/categories?post=6618"},{"taxonomy":"post_tag","embeddable":true,"href":"https:\/\/lafilledecorinthe.com\/wordpress\/wp-json\/wp\/v2\/tags?post=6618"}],"curies":[{"name":"wp","href":"https:\/\/api.w.org\/{rel}","templated":true}]}}