{"id":6466,"date":"2015-06-24T07:56:02","date_gmt":"2015-06-24T06:56:02","guid":{"rendered":"http:\/\/lafilledecorinthe.com\/wordpress\/?p=6466"},"modified":"2025-12-07T08:58:17","modified_gmt":"2025-12-07T07:58:17","slug":"atelier-cinema-danimation-maison-populaire-de-montreuil-15","status":"publish","type":"post","link":"https:\/\/lafilledecorinthe.com\/wordpress\/2015\/06\/atelier-cinema-danimation-maison-populaire-de-montreuil-15\/","title":{"rendered":"Atelier \u00ab\u00a0cin\u00e9ma d&rsquo;animation\u00a0\u00bb Maison Populaire de Montreuil"},"content":{"rendered":"\n<p>La trilogie des contes anim\u00e9s s&rsquo;ach\u00e8ve avec l&rsquo;adaptation d&rsquo;un conte norv\u00e9gien, <em><a href=\"http:\/\/www.enseignants-flammarion.fr\/Albums_Detail.cfm?Id=16870\" target=\"_blank\" rel=\"noopener\">le gar\u00e7on qui devint faucon, fourmi et lion<\/a>.<\/em> Nous l&rsquo;avons renomm\u00e9 <em>Le gar\u00e7on et les trolls<\/em> et pris quelques libert\u00e9s que vous allez d\u00e9couvrir ! Voici en images les derniers \u00e9tapes &#8230;<\/p>\n\n\n<div class=\"wp-block-image\">\n<figure class=\"aligncenter\"><a href=\"https:\/\/lafilledecorinthe.com\/wordpress\/wp-content\/uploads\/2015\/06\/table.jpg\"><img loading=\"lazy\" decoding=\"async\" width=\"640\" height=\"480\" src=\"https:\/\/lafilledecorinthe.com\/wordpress\/wp-content\/uploads\/2015\/06\/table.jpg\" alt=\"derni\u00e8res sc\u00e8nes \u00e0 animer...\" class=\"wp-image-6470\" srcset=\"https:\/\/lafilledecorinthe.com\/wordpress\/wp-content\/uploads\/2015\/06\/table.jpg 640w, https:\/\/lafilledecorinthe.com\/wordpress\/wp-content\/uploads\/2015\/06\/table-400x300.jpg 400w\" sizes=\"auto, (max-width: 640px) 100vw, 640px\" \/><\/a><figcaption class=\"wp-element-caption\">derni\u00e8res sc\u00e8nes \u00e0 animer&#8230;<\/figcaption><\/figure>\n<\/div>\n\n<div class=\"wp-block-image\">\n<figure class=\"aligncenter\"><a href=\"https:\/\/lafilledecorinthe.com\/wordpress\/wp-content\/uploads\/2015\/06\/conf\u00e9tis.jpg\"><img loading=\"lazy\" decoding=\"async\" width=\"640\" height=\"480\" src=\"https:\/\/lafilledecorinthe.com\/wordpress\/wp-content\/uploads\/2015\/06\/conf\u00e9tis.jpg\" alt=\"Toutes les comp\u00e9tences sont requises, y compris faire des confettis !\" class=\"wp-image-6471\" srcset=\"https:\/\/lafilledecorinthe.com\/wordpress\/wp-content\/uploads\/2015\/06\/conf\u00e9tis.jpg 640w, https:\/\/lafilledecorinthe.com\/wordpress\/wp-content\/uploads\/2015\/06\/conf\u00e9tis-400x300.jpg 400w\" sizes=\"auto, (max-width: 640px) 100vw, 640px\" \/><\/a><figcaption class=\"wp-element-caption\">Toutes les comp\u00e9tences sont requises, y compris faire des confettis !<\/figcaption><\/figure>\n<\/div>\n\n<div class=\"wp-block-image\">\n<figure class=\"aligncenter\"><a href=\"https:\/\/lafilledecorinthe.com\/wordpress\/wp-content\/uploads\/2015\/06\/dernier-r\u00e9glage.jpg\"><img loading=\"lazy\" decoding=\"async\" width=\"2592\" height=\"1936\" src=\"https:\/\/lafilledecorinthe.com\/wordpress\/wp-content\/uploads\/2015\/06\/dernier-r\u00e9glage.jpg\" alt=\"Derni\u00e8res mises au point...\" class=\"wp-image-6472\" srcset=\"https:\/\/lafilledecorinthe.com\/wordpress\/wp-content\/uploads\/2015\/06\/dernier-r\u00e9glage.jpg 2592w, https:\/\/lafilledecorinthe.com\/wordpress\/wp-content\/uploads\/2015\/06\/dernier-r\u00e9glage-680x508.jpg 680w, https:\/\/lafilledecorinthe.com\/wordpress\/wp-content\/uploads\/2015\/06\/dernier-r\u00e9glage-1280x956.jpg 1280w, https:\/\/lafilledecorinthe.com\/wordpress\/wp-content\/uploads\/2015\/06\/dernier-r\u00e9glage-402x300.jpg 402w\" sizes=\"auto, (max-width: 2592px) 100vw, 2592px\" \/><\/a><figcaption class=\"wp-element-caption\">Derni\u00e8res mises au point&#8230;<\/figcaption><\/figure>\n<\/div>\n\n<div class=\"wp-block-image\">\n<figure class=\"aligncenter\"><a href=\"https:\/\/lafilledecorinthe.com\/wordpress\/wp-content\/uploads\/2015\/06\/voix.jpg\"><img loading=\"lazy\" decoding=\"async\" width=\"2592\" height=\"1936\" src=\"https:\/\/lafilledecorinthe.com\/wordpress\/wp-content\/uploads\/2015\/06\/voix.jpg\" alt=\"Enregistrement des voix et des bruitages...\" class=\"wp-image-6473\" srcset=\"https:\/\/lafilledecorinthe.com\/wordpress\/wp-content\/uploads\/2015\/06\/voix.jpg 2592w, https:\/\/lafilledecorinthe.com\/wordpress\/wp-content\/uploads\/2015\/06\/voix-680x508.jpg 680w, https:\/\/lafilledecorinthe.com\/wordpress\/wp-content\/uploads\/2015\/06\/voix-1280x956.jpg 1280w, https:\/\/lafilledecorinthe.com\/wordpress\/wp-content\/uploads\/2015\/06\/voix-402x300.jpg 402w\" sizes=\"auto, (max-width: 2592px) 100vw, 2592px\" \/><\/a><figcaption class=\"wp-element-caption\">Enregistrement des voix et des bruitages&#8230;<\/figcaption><\/figure>\n<\/div>\n\n<div class=\"wp-block-image\">\n<figure class=\"aligncenter\"><a href=\"https:\/\/lafilledecorinthe.com\/wordpress\/wp-content\/uploads\/2015\/06\/strobo....jpg\"><img loading=\"lazy\" decoding=\"async\" width=\"640\" height=\"480\" src=\"https:\/\/lafilledecorinthe.com\/wordpress\/wp-content\/uploads\/2015\/06\/strobo....jpg\" alt=\"Cr\u00e9ation avec le Strobotop !\" class=\"wp-image-6474\" srcset=\"https:\/\/lafilledecorinthe.com\/wordpress\/wp-content\/uploads\/2015\/06\/strobo....jpg 640w, https:\/\/lafilledecorinthe.com\/wordpress\/wp-content\/uploads\/2015\/06\/strobo...-400x300.jpg 400w\" sizes=\"auto, (max-width: 640px) 100vw, 640px\" \/><\/a><figcaption class=\"wp-element-caption\">Cr\u00e9ation avec le Strobotop !<\/figcaption><\/figure>\n<\/div>\n\n\n<figure class=\"wp-block-embed is-type-video is-provider-vimeo wp-block-embed-vimeo wp-embed-aspect-16-9 wp-has-aspect-ratio\"><div class=\"wp-block-embed__wrapper\">\n<iframe loading=\"lazy\" title=\"Le garc\u0327on qui devint faucon, fourmi et lion\" src=\"https:\/\/player.vimeo.com\/video\/130955569?dnt=1&amp;app_id=122963\" width=\"720\" height=\"405\" frameborder=\"0\" allow=\"autoplay; fullscreen; picture-in-picture; clipboard-write; encrypted-media; web-share\" referrerpolicy=\"strict-origin-when-cross-origin\"><\/iframe>\n<\/div><\/figure>\n\n\n<div class=\"wp-block-image\">\n<figure class=\"aligncenter\"><a href=\"https:\/\/lafilledecorinthe.com\/wordpress\/wp-content\/uploads\/2015\/06\/the-last-.jpg\"><img loading=\"lazy\" decoding=\"async\" width=\"2592\" height=\"1936\" src=\"https:\/\/lafilledecorinthe.com\/wordpress\/wp-content\/uploads\/2015\/06\/the-last-.jpg\" alt=\"Pop corn et projection ! \" class=\"wp-image-6497\" srcset=\"https:\/\/lafilledecorinthe.com\/wordpress\/wp-content\/uploads\/2015\/06\/the-last-.jpg 2592w, https:\/\/lafilledecorinthe.com\/wordpress\/wp-content\/uploads\/2015\/06\/the-last--680x508.jpg 680w, https:\/\/lafilledecorinthe.com\/wordpress\/wp-content\/uploads\/2015\/06\/the-last--1280x956.jpg 1280w, https:\/\/lafilledecorinthe.com\/wordpress\/wp-content\/uploads\/2015\/06\/the-last--402x300.jpg 402w\" sizes=\"auto, (max-width: 2592px) 100vw, 2592px\" \/><\/a><figcaption class=\"wp-element-caption\">Pop corn et projection ! La derni\u00e8re s\u00e9ance !<\/figcaption><\/figure>\n<\/div>\n\n<div class=\"wp-block-image\">\n<figure class=\"aligncenter\"><a href=\"https:\/\/lafilledecorinthe.com\/wordpress\/wp-content\/uploads\/2015\/06\/fin2.jpg\"><img loading=\"lazy\" decoding=\"async\" width=\"882\" height=\"588\" src=\"https:\/\/lafilledecorinthe.com\/wordpress\/wp-content\/uploads\/2015\/06\/fin2.jpg\" alt=\"fin2\" class=\"wp-image-6499\" srcset=\"https:\/\/lafilledecorinthe.com\/wordpress\/wp-content\/uploads\/2015\/06\/fin2.jpg 882w, https:\/\/lafilledecorinthe.com\/wordpress\/wp-content\/uploads\/2015\/06\/fin2-680x453.jpg 680w, https:\/\/lafilledecorinthe.com\/wordpress\/wp-content\/uploads\/2015\/06\/fin2-450x300.jpg 450w\" sizes=\"auto, (max-width: 882px) 100vw, 882px\" \/><\/a><figcaption class=\"wp-element-caption\">Pop corn et projection ! La derni\u00e8re s\u00e9ance !<\/figcaption><\/figure>\n<\/div>","protected":false},"excerpt":{"rendered":"<p>La trilogie des contes anim\u00e9s s&rsquo;ach\u00e8ve avec l&rsquo;adaptation d&rsquo;un conte norv\u00e9gien, le gar\u00e7on qui devint faucon, fourmi et lion. Nous l&rsquo;avons renomm\u00e9 Le gar\u00e7on et les trolls et pris quelques libert\u00e9s que vous allez d\u00e9couvrir ! Voici en images les derniers \u00e9tapes &#8230;<\/p>\n","protected":false},"author":2,"featured_media":6468,"comment_status":"open","ping_status":"open","sticky":false,"template":"","format":"standard","meta":{"_kad_post_transparent":"","_kad_post_title":"","_kad_post_layout":"","_kad_post_sidebar_id":"","_kad_post_content_style":"","_kad_post_vertical_padding":"","_kad_post_feature":"","_kad_post_feature_position":"","_kad_post_header":false,"_kad_post_footer":false,"_kad_post_classname":"","footnotes":""},"categories":[7],"tags":[994,195,995,196,1043,685],"class_list":["post-6466","post","type-post","status-publish","format-standard","has-post-thumbnail","hentry","category-ateliers-enfants","tag-le-garcon-qui-devint-faucon","tag-atelier-cinema-danimation","tag-fourmi-et-lion","tag-maison-populaire-de-montreuil","tag-silhouettes-animes","tag-strobotop"],"_links":{"self":[{"href":"https:\/\/lafilledecorinthe.com\/wordpress\/wp-json\/wp\/v2\/posts\/6466","targetHints":{"allow":["GET"]}}],"collection":[{"href":"https:\/\/lafilledecorinthe.com\/wordpress\/wp-json\/wp\/v2\/posts"}],"about":[{"href":"https:\/\/lafilledecorinthe.com\/wordpress\/wp-json\/wp\/v2\/types\/post"}],"author":[{"embeddable":true,"href":"https:\/\/lafilledecorinthe.com\/wordpress\/wp-json\/wp\/v2\/users\/2"}],"replies":[{"embeddable":true,"href":"https:\/\/lafilledecorinthe.com\/wordpress\/wp-json\/wp\/v2\/comments?post=6466"}],"version-history":[{"count":15,"href":"https:\/\/lafilledecorinthe.com\/wordpress\/wp-json\/wp\/v2\/posts\/6466\/revisions"}],"predecessor-version":[{"id":14887,"href":"https:\/\/lafilledecorinthe.com\/wordpress\/wp-json\/wp\/v2\/posts\/6466\/revisions\/14887"}],"wp:featuredmedia":[{"embeddable":true,"href":"https:\/\/lafilledecorinthe.com\/wordpress\/wp-json\/wp\/v2\/media\/6468"}],"wp:attachment":[{"href":"https:\/\/lafilledecorinthe.com\/wordpress\/wp-json\/wp\/v2\/media?parent=6466"}],"wp:term":[{"taxonomy":"category","embeddable":true,"href":"https:\/\/lafilledecorinthe.com\/wordpress\/wp-json\/wp\/v2\/categories?post=6466"},{"taxonomy":"post_tag","embeddable":true,"href":"https:\/\/lafilledecorinthe.com\/wordpress\/wp-json\/wp\/v2\/tags?post=6466"}],"curies":[{"name":"wp","href":"https:\/\/api.w.org\/{rel}","templated":true}]}}