{"id":6440,"date":"2015-06-14T18:57:02","date_gmt":"2015-06-14T17:57:02","guid":{"rendered":"http:\/\/lafilledecorinthe.com\/wordpress\/?p=6440"},"modified":"2025-12-07T08:51:19","modified_gmt":"2025-12-07T07:51:19","slug":"trois-classes-de-maternelle-au-jeu-de-paume","status":"publish","type":"post","link":"https:\/\/lafilledecorinthe.com\/wordpress\/2015\/06\/trois-classes-de-maternelle-au-jeu-de-paume\/","title":{"rendered":"Trois classes de maternelle au Jeu de Paume"},"content":{"rendered":"\n<p><\/p>\n\n\n\n<p>L&rsquo;image est au coeur du projet d&rsquo;\u00e9cole de la maternelle de la Tombe Issoire. Trois classes se sont investies dans un partenariat avec le Jeu de Paume pour&nbsp;enrichir&nbsp;le travail effectu\u00e9 en classe autour de la photographie. Les enfants ont d\u00e9couvert les sp\u00e9cificit\u00e9s d&rsquo;un centre d&rsquo;art lors des expositions consacr\u00e9es \u00e0 <a href=\"http:\/\/www.jeudepaume.org\/?page=article&amp;idArt=2012\" target=\"_blank\" rel=\"noopener\">Garry Winogrand <\/a>et <a href=\"http:\/\/www.jeudepaume.org\/?page=article&amp;idArt=2207\" target=\"_blank\" rel=\"noopener\">Florence Henri<\/a>.<\/p>\n\n\n<div class=\"wp-block-image\">\n<figure class=\"aligncenter\"><a href=\"https:\/\/lafilledecorinthe.com\/wordpress\/wp-content\/uploads\/2015\/06\/CatherineJDP.jpg\"><img loading=\"lazy\" decoding=\"async\" width=\"3264\" height=\"2448\" src=\"https:\/\/lafilledecorinthe.com\/wordpress\/wp-content\/uploads\/2015\/06\/CatherineJDP.jpg\" alt=\"La classe de PS\/MS de Catherine Torrejon\" class=\"wp-image-6443\" srcset=\"https:\/\/lafilledecorinthe.com\/wordpress\/wp-content\/uploads\/2015\/06\/CatherineJDP.jpg 3264w, https:\/\/lafilledecorinthe.com\/wordpress\/wp-content\/uploads\/2015\/06\/CatherineJDP-680x510.jpg 680w, https:\/\/lafilledecorinthe.com\/wordpress\/wp-content\/uploads\/2015\/06\/CatherineJDP-1280x960.jpg 1280w, https:\/\/lafilledecorinthe.com\/wordpress\/wp-content\/uploads\/2015\/06\/CatherineJDP-400x300.jpg 400w\" sizes=\"auto, (max-width: 3264px) 100vw, 3264px\" \/><\/a><figcaption class=\"wp-element-caption\">La classe de MS de Catherine Thomasson<\/figcaption><\/figure>\n<\/div>\n\n<div class=\"wp-block-image\">\n<figure class=\"aligncenter\"><a href=\"https:\/\/lafilledecorinthe.com\/wordpress\/wp-content\/uploads\/2015\/06\/Am\u00e9lie3.jpg\"><img loading=\"lazy\" decoding=\"async\" width=\"640\" height=\"480\" src=\"https:\/\/lafilledecorinthe.com\/wordpress\/wp-content\/uploads\/2015\/06\/Am\u00e9lie3.jpg\" alt=\"La classe de PS d'Am\u00e9lie Tran\" class=\"wp-image-6444\" srcset=\"https:\/\/lafilledecorinthe.com\/wordpress\/wp-content\/uploads\/2015\/06\/Am\u00e9lie3.jpg 640w, https:\/\/lafilledecorinthe.com\/wordpress\/wp-content\/uploads\/2015\/06\/Am\u00e9lie3-400x300.jpg 400w\" sizes=\"auto, (max-width: 640px) 100vw, 640px\" \/><\/a><figcaption class=\"wp-element-caption\">La classe de PS\/MS d&rsquo;Am\u00e9lie Tran<\/figcaption><\/figure>\n<\/div>\n\n<div class=\"wp-block-image\">\n<figure class=\"aligncenter\"><a href=\"https:\/\/lafilledecorinthe.com\/wordpress\/wp-content\/uploads\/2015\/06\/caroleJDP.jpg\"><img loading=\"lazy\" decoding=\"async\" width=\"2592\" height=\"1936\" src=\"https:\/\/lafilledecorinthe.com\/wordpress\/wp-content\/uploads\/2015\/06\/caroleJDP.jpg\" alt=\"La classe de MS\/GS de Carole Torrejon\" class=\"wp-image-6446\" srcset=\"https:\/\/lafilledecorinthe.com\/wordpress\/wp-content\/uploads\/2015\/06\/caroleJDP.jpg 2592w, https:\/\/lafilledecorinthe.com\/wordpress\/wp-content\/uploads\/2015\/06\/caroleJDP-680x508.jpg 680w, https:\/\/lafilledecorinthe.com\/wordpress\/wp-content\/uploads\/2015\/06\/caroleJDP-1280x956.jpg 1280w, https:\/\/lafilledecorinthe.com\/wordpress\/wp-content\/uploads\/2015\/06\/caroleJDP-402x300.jpg 402w\" sizes=\"auto, (max-width: 2592px) 100vw, 2592px\" \/><\/a><figcaption class=\"wp-element-caption\">La classe de MS\/GS de Carole Torrejon<\/figcaption><\/figure>\n<\/div>\n\n\n<p>Lire des images, d\u00e9couvrir des oeuvres puis se lancer dans une pratique artistique ! Tout au long de l&rsquo;ann\u00e9e scolaire, chaque classe&nbsp;a&nbsp;men\u00e9 un travail sp\u00e9cifique, valoris\u00e9 lors d&rsquo;une exposition commune dans les locaux de l&rsquo;\u00e9cole.<\/p>\n\n\n<div class=\"wp-block-image\">\n<figure class=\"aligncenter\"><a href=\"https:\/\/lafilledecorinthe.com\/wordpress\/wp-content\/uploads\/2015\/06\/Am\u00e9lie.jpg\"><img loading=\"lazy\" decoding=\"async\" width=\"640\" height=\"480\" src=\"https:\/\/lafilledecorinthe.com\/wordpress\/wp-content\/uploads\/2015\/06\/Am\u00e9lie.jpg\" alt=\"Les enfants de PS\/MS d'Am\u00e9lie Tran apprennent \u00e0 cadrer...\" class=\"wp-image-6464\" srcset=\"https:\/\/lafilledecorinthe.com\/wordpress\/wp-content\/uploads\/2015\/06\/Am\u00e9lie.jpg 640w, https:\/\/lafilledecorinthe.com\/wordpress\/wp-content\/uploads\/2015\/06\/Am\u00e9lie-400x300.jpg 400w\" sizes=\"auto, (max-width: 640px) 100vw, 640px\" \/><\/a><figcaption class=\"wp-element-caption\">Les enfants de PS\/MS d&rsquo;Am\u00e9lie Tran apprennent \u00e0 cadrer&#8230;<\/figcaption><\/figure>\n<\/div>\n\n<div class=\"wp-block-image\">\n<figure class=\"aligncenter\"><a href=\"https:\/\/lafilledecorinthe.com\/wordpress\/wp-content\/uploads\/2015\/06\/Am\u00e9lie-T2.jpg\"><img loading=\"lazy\" decoding=\"async\" width=\"2592\" height=\"1936\" src=\"https:\/\/lafilledecorinthe.com\/wordpress\/wp-content\/uploads\/2015\/06\/Am\u00e9lie-T2.jpg\" alt=\"Les enfants de PS d'Am\u00e9lie Tran dessinent avec la lumi\u00e8re et un papier photosolaire\" class=\"wp-image-6449\" srcset=\"https:\/\/lafilledecorinthe.com\/wordpress\/wp-content\/uploads\/2015\/06\/Am\u00e9lie-T2.jpg 2592w, https:\/\/lafilledecorinthe.com\/wordpress\/wp-content\/uploads\/2015\/06\/Am\u00e9lie-T2-680x508.jpg 680w, https:\/\/lafilledecorinthe.com\/wordpress\/wp-content\/uploads\/2015\/06\/Am\u00e9lie-T2-1280x956.jpg 1280w, https:\/\/lafilledecorinthe.com\/wordpress\/wp-content\/uploads\/2015\/06\/Am\u00e9lie-T2-402x300.jpg 402w\" sizes=\"auto, (max-width: 2592px) 100vw, 2592px\" \/><\/a><figcaption class=\"wp-element-caption\">Les enfants de PS\/MS d&rsquo;Am\u00e9lie Tran dessinent avec la lumi\u00e8re et un papier photosolaire<\/figcaption><\/figure>\n<\/div>\n\n<div class=\"wp-block-image\">\n<figure class=\"aligncenter\"><a href=\"https:\/\/lafilledecorinthe.com\/wordpress\/wp-content\/uploads\/2015\/06\/Caroleatelier.jpg\"><img loading=\"lazy\" decoding=\"async\" width=\"3456\" height=\"2304\" src=\"https:\/\/lafilledecorinthe.com\/wordpress\/wp-content\/uploads\/2015\/06\/Caroleatelier.jpg\" alt=\"Chaque enfant de la classe de GS de Carole Torrejon r\u00e9alise son autoportrait.\" class=\"wp-image-6451\" srcset=\"https:\/\/lafilledecorinthe.com\/wordpress\/wp-content\/uploads\/2015\/06\/Caroleatelier.jpg 3456w, https:\/\/lafilledecorinthe.com\/wordpress\/wp-content\/uploads\/2015\/06\/Caroleatelier-680x453.jpg 680w, https:\/\/lafilledecorinthe.com\/wordpress\/wp-content\/uploads\/2015\/06\/Caroleatelier-1280x853.jpg 1280w, https:\/\/lafilledecorinthe.com\/wordpress\/wp-content\/uploads\/2015\/06\/Caroleatelier-450x300.jpg 450w\" sizes=\"auto, (max-width: 3456px) 100vw, 3456px\" \/><\/a><figcaption class=\"wp-element-caption\">Chaque enfant de la classe de GS de Carole Torrejon r\u00e9alise son autoportrait.<\/figcaption><\/figure>\n<\/div>\n\n<div class=\"wp-block-image\">\n<figure class=\"aligncenter\"><a href=\"https:\/\/lafilledecorinthe.com\/wordpress\/wp-content\/uploads\/2015\/06\/Caroleatelier2.jpg\"><img loading=\"lazy\" decoding=\"async\" width=\"2592\" height=\"1936\" src=\"https:\/\/lafilledecorinthe.com\/wordpress\/wp-content\/uploads\/2015\/06\/Caroleatelier2.jpg\" alt=\"La photographie r\u00e9v\u00e8le et cache \u00e0 la fois...\" class=\"wp-image-6453\" srcset=\"https:\/\/lafilledecorinthe.com\/wordpress\/wp-content\/uploads\/2015\/06\/Caroleatelier2.jpg 2592w, https:\/\/lafilledecorinthe.com\/wordpress\/wp-content\/uploads\/2015\/06\/Caroleatelier2-680x508.jpg 680w, https:\/\/lafilledecorinthe.com\/wordpress\/wp-content\/uploads\/2015\/06\/Caroleatelier2-1280x956.jpg 1280w, https:\/\/lafilledecorinthe.com\/wordpress\/wp-content\/uploads\/2015\/06\/Caroleatelier2-402x300.jpg 402w\" sizes=\"auto, (max-width: 2592px) 100vw, 2592px\" \/><\/a><figcaption class=\"wp-element-caption\">La photographie r\u00e9v\u00e8le et cache \u00e0 la fois&#8230; Classe de GS de Carole Torrejon<\/figcaption><\/figure>\n<\/div>\n\n<div class=\"wp-block-image\">\n<figure class=\"aligncenter\"><a href=\"https:\/\/lafilledecorinthe.com\/wordpress\/wp-content\/uploads\/2015\/06\/Catherine.jpg\"><img loading=\"lazy\" decoding=\"async\" width=\"2592\" height=\"1936\" src=\"https:\/\/lafilledecorinthe.com\/wordpress\/wp-content\/uploads\/2015\/06\/Catherine.jpg\" alt=\"La classe de PS\/MS de Catherine Thomasson  d\u00e9cryptent  le tableau de Bruegel\" class=\"wp-image-6455\" srcset=\"https:\/\/lafilledecorinthe.com\/wordpress\/wp-content\/uploads\/2015\/06\/Catherine.jpg 2592w, https:\/\/lafilledecorinthe.com\/wordpress\/wp-content\/uploads\/2015\/06\/Catherine-680x508.jpg 680w, https:\/\/lafilledecorinthe.com\/wordpress\/wp-content\/uploads\/2015\/06\/Catherine-1280x956.jpg 1280w, https:\/\/lafilledecorinthe.com\/wordpress\/wp-content\/uploads\/2015\/06\/Catherine-402x300.jpg 402w\" sizes=\"auto, (max-width: 2592px) 100vw, 2592px\" \/><\/a><figcaption class=\"wp-element-caption\">Les enfants de la classe de MS de Catherine Thomasson d\u00e9cryptent le tableau de Bruegel<\/figcaption><\/figure>\n<\/div>\n\n<div class=\"wp-block-image\">\n<figure class=\"aligncenter\"><a href=\"https:\/\/lafilledecorinthe.com\/wordpress\/wp-content\/uploads\/2015\/06\/Cath\u00e9rine3.jpg\"><img loading=\"lazy\" decoding=\"async\" width=\"1454\" height=\"997\" src=\"https:\/\/lafilledecorinthe.com\/wordpress\/wp-content\/uploads\/2015\/06\/Cath\u00e9rine3.jpg\" alt=\"Les enfants de la classe de PS\/MS de Catherine Torrejon deviennent acteurs pour r\u00e9aliser un m\u00e9mory des jeux de la cour.\" class=\"wp-image-6456\" srcset=\"https:\/\/lafilledecorinthe.com\/wordpress\/wp-content\/uploads\/2015\/06\/Cath\u00e9rine3.jpg 1454w, https:\/\/lafilledecorinthe.com\/wordpress\/wp-content\/uploads\/2015\/06\/Cath\u00e9rine3-680x466.jpg 680w, https:\/\/lafilledecorinthe.com\/wordpress\/wp-content\/uploads\/2015\/06\/Cath\u00e9rine3-1280x878.jpg 1280w, https:\/\/lafilledecorinthe.com\/wordpress\/wp-content\/uploads\/2015\/06\/Cath\u00e9rine3-438x300.jpg 438w\" sizes=\"auto, (max-width: 1454px) 100vw, 1454px\" \/><\/a><figcaption class=\"wp-element-caption\">Les enfants de la classe de MS de Catherine Thomasson deviennent acteurs pour r\u00e9aliser un memory des jeux de la cour.<\/figcaption><\/figure>\n<\/div>","protected":false},"excerpt":{"rendered":"<p>L&rsquo;image est au coeur du projet d&rsquo;\u00e9cole de la maternelle de la Tombe Issoire. Trois classes se sont investies dans un partenariat avec le Jeu de Paume pour&nbsp;enrichir&nbsp;le travail effectu\u00e9 en classe autour de la photographie. Les enfants ont d\u00e9couvert les sp\u00e9cificit\u00e9s d&rsquo;un centre d&rsquo;art lors des expositions consacr\u00e9es \u00e0 Garry Winogrand et Florence Henri&#8230;.<\/p>\n","protected":false},"author":2,"featured_media":6463,"comment_status":"open","ping_status":"open","sticky":false,"template":"","format":"standard","meta":{"_kad_post_transparent":"","_kad_post_title":"","_kad_post_layout":"","_kad_post_sidebar_id":"","_kad_post_content_style":"","_kad_post_vertical_padding":"","_kad_post_feature":"","_kad_post_feature_position":"","_kad_post_header":false,"_kad_post_footer":false,"_kad_post_classname":"","footnotes":""},"categories":[7],"tags":[9,48,216,793,1042],"class_list":["post-6440","post","type-post","status-publish","format-standard","has-post-thumbnail","hentry","category-ateliers-enfants","tag-atelier","tag-jeu-de-paume","tag-maternelle","tag-photo","tag-tombe-issoire"],"_links":{"self":[{"href":"https:\/\/lafilledecorinthe.com\/wordpress\/wp-json\/wp\/v2\/posts\/6440","targetHints":{"allow":["GET"]}}],"collection":[{"href":"https:\/\/lafilledecorinthe.com\/wordpress\/wp-json\/wp\/v2\/posts"}],"about":[{"href":"https:\/\/lafilledecorinthe.com\/wordpress\/wp-json\/wp\/v2\/types\/post"}],"author":[{"embeddable":true,"href":"https:\/\/lafilledecorinthe.com\/wordpress\/wp-json\/wp\/v2\/users\/2"}],"replies":[{"embeddable":true,"href":"https:\/\/lafilledecorinthe.com\/wordpress\/wp-json\/wp\/v2\/comments?post=6440"}],"version-history":[{"count":12,"href":"https:\/\/lafilledecorinthe.com\/wordpress\/wp-json\/wp\/v2\/posts\/6440\/revisions"}],"predecessor-version":[{"id":14885,"href":"https:\/\/lafilledecorinthe.com\/wordpress\/wp-json\/wp\/v2\/posts\/6440\/revisions\/14885"}],"wp:featuredmedia":[{"embeddable":true,"href":"https:\/\/lafilledecorinthe.com\/wordpress\/wp-json\/wp\/v2\/media\/6463"}],"wp:attachment":[{"href":"https:\/\/lafilledecorinthe.com\/wordpress\/wp-json\/wp\/v2\/media?parent=6440"}],"wp:term":[{"taxonomy":"category","embeddable":true,"href":"https:\/\/lafilledecorinthe.com\/wordpress\/wp-json\/wp\/v2\/categories?post=6440"},{"taxonomy":"post_tag","embeddable":true,"href":"https:\/\/lafilledecorinthe.com\/wordpress\/wp-json\/wp\/v2\/tags?post=6440"}],"curies":[{"name":"wp","href":"https:\/\/api.w.org\/{rel}","templated":true}]}}