{"id":6414,"date":"2015-06-11T19:21:38","date_gmt":"2015-06-11T18:21:38","guid":{"rendered":"http:\/\/lafilledecorinthe.com\/wordpress\/?p=6414"},"modified":"2025-12-07T15:58:51","modified_gmt":"2025-12-07T14:58:51","slug":"enfances-au-cinema-le-gruffalo-de-lalbum-au-film","status":"publish","type":"post","link":"https:\/\/lafilledecorinthe.com\/wordpress\/2015\/06\/enfances-au-cinema-le-gruffalo-de-lalbum-au-film\/","title":{"rendered":"Enfances au cin\u00e9ma : Le Gruffalo &#8211; de l&rsquo;album au film"},"content":{"rendered":"\n<p>Le <a href=\"http:\/\/www.lesfilmsdupreau.com\/prog.php?code=gru\" target=\"_blank\" rel=\"noopener\">programme<\/a>&nbsp;<em>Le&nbsp;Gruffalo<\/em> con\u00e7u par <em>Les Films du pr\u00e9au <\/em>est \u00e0 l&rsquo;affiche de&nbsp;<em><a href=\"http:\/\/www.enfancesaucinema.net\/\" target=\"_blank\" rel=\"noopener\">Mon premier Cin\u00e9ma<\/a>.<\/em>&nbsp;Il&nbsp;remporte un beau succ\u00e8s aupr\u00e8s des classes maternelles&nbsp;inscrites dans ce dispositif<em>. <\/em>Les enfants jouent&nbsp;\u00e0 se faire peur en compagnie de la petite souris et de Gruffalo par la lecture d&rsquo;un album et par la projection d&rsquo;un film. Cette double exp\u00e9rience permet une premi\u00e8re d\u00e9couverte des enjeux de l&rsquo;adaptation qui se traduit pour les enfants en une recherche stimulante des ressemblances et des diff\u00e9rences entre ces deux m\u00e9dias.<\/p>\n\n\n<div class=\"wp-block-image\">\n<figure class=\"aligncenter\"><a href=\"https:\/\/lafilledecorinthe.com\/wordpress\/wp-content\/uploads\/2015\/06\/13.jpg\"><img loading=\"lazy\" decoding=\"async\" width=\"3264\" height=\"2448\" src=\"https:\/\/lafilledecorinthe.com\/wordpress\/wp-content\/uploads\/2015\/06\/13.jpg\" alt=\"La classe de GS de Sophie Charlemagne\" class=\"wp-image-6417\" srcset=\"https:\/\/lafilledecorinthe.com\/wordpress\/wp-content\/uploads\/2015\/06\/13.jpg 3264w, https:\/\/lafilledecorinthe.com\/wordpress\/wp-content\/uploads\/2015\/06\/13-680x510.jpg 680w, https:\/\/lafilledecorinthe.com\/wordpress\/wp-content\/uploads\/2015\/06\/13-1280x960.jpg 1280w, https:\/\/lafilledecorinthe.com\/wordpress\/wp-content\/uploads\/2015\/06\/13-400x300.jpg 400w\" sizes=\"auto, (max-width: 3264px) 100vw, 3264px\" \/><\/a><figcaption class=\"wp-element-caption\">La classe de GS de Sophie Charlemagne compare la couverture du livre et l&rsquo;affiche du film.<\/figcaption><\/figure>\n<\/div>\n\n<div class=\"wp-block-image\">\n<figure class=\"aligncenter\"><a href=\"https:\/\/lafilledecorinthe.com\/wordpress\/wp-content\/uploads\/2015\/06\/15-vaugirard.jpg\"><img loading=\"lazy\" decoding=\"async\" width=\"640\" height=\"480\" src=\"https:\/\/lafilledecorinthe.com\/wordpress\/wp-content\/uploads\/2015\/06\/15-vaugirard.jpg\" alt=\"La classe de MS de Lucie Razoux d\u00e9couvre l'\u00e9chelle des plans ...\" class=\"wp-image-6418\" srcset=\"https:\/\/lafilledecorinthe.com\/wordpress\/wp-content\/uploads\/2015\/06\/15-vaugirard.jpg 640w, https:\/\/lafilledecorinthe.com\/wordpress\/wp-content\/uploads\/2015\/06\/15-vaugirard-400x300.jpg 400w\" sizes=\"auto, (max-width: 640px) 100vw, 640px\" \/><\/a><figcaption class=\"wp-element-caption\">La classe de MS de Lucie Razoux d\u00e9couvre l&rsquo;\u00e9chelle des plans &#8230;<\/figcaption><\/figure>\n<\/div>\n\n<div class=\"wp-block-image\">\n<figure class=\"aligncenter\"><a href=\"https:\/\/lafilledecorinthe.com\/wordpress\/wp-content\/uploads\/2015\/06\/P1140083.jpg\"><img loading=\"lazy\" decoding=\"async\" width=\"640\" height=\"480\" src=\"https:\/\/lafilledecorinthe.com\/wordpress\/wp-content\/uploads\/2015\/06\/P1140083.jpg\" alt=\"Photographie r\u00e9alis\u00e9e par une petite fille de la classe de la classe de MS d'Anne Meynier\" class=\"wp-image-6423\" srcset=\"https:\/\/lafilledecorinthe.com\/wordpress\/wp-content\/uploads\/2015\/06\/P1140083.jpg 640w, https:\/\/lafilledecorinthe.com\/wordpress\/wp-content\/uploads\/2015\/06\/P1140083-400x300.jpg 400w\" sizes=\"auto, (max-width: 640px) 100vw, 640px\" \/><\/a><figcaption class=\"wp-element-caption\">Photographie r\u00e9alis\u00e9e par une petite fille de la classe de MS d&rsquo;Anne Meynier ou la vue en plong\u00e9e<\/figcaption><\/figure>\n<\/div>\n\n<div class=\"wp-block-image\">\n<figure class=\"aligncenter\"><a href=\"https:\/\/lafilledecorinthe.com\/wordpress\/wp-content\/uploads\/2015\/06\/10-\u00e8me.jpg\"><img loading=\"lazy\" decoding=\"async\" width=\"640\" height=\"480\" src=\"https:\/\/lafilledecorinthe.com\/wordpress\/wp-content\/uploads\/2015\/06\/10-\u00e8me.jpg\" alt=\"Les \u00e9l\u00e8ves de MS de Claude Doucet fabriquent un feuilletoscope\" class=\"wp-image-6420\" srcset=\"https:\/\/lafilledecorinthe.com\/wordpress\/wp-content\/uploads\/2015\/06\/10-\u00e8me.jpg 640w, https:\/\/lafilledecorinthe.com\/wordpress\/wp-content\/uploads\/2015\/06\/10-\u00e8me-400x300.jpg 400w\" sizes=\"auto, (max-width: 640px) 100vw, 640px\" \/><\/a><figcaption class=\"wp-element-caption\">Les \u00e9l\u00e8ves de MS de Claude Doucet fabriquent un feuilletoscope<\/figcaption><\/figure>\n<\/div>\n\n<div class=\"wp-block-image\">\n<figure class=\"aligncenter\"><a href=\"https:\/\/lafilledecorinthe.com\/wordpress\/wp-content\/uploads\/2015\/06\/15-\u00e8me.jpg\"><img loading=\"lazy\" decoding=\"async\" width=\"640\" height=\"480\" src=\"https:\/\/lafilledecorinthe.com\/wordpress\/wp-content\/uploads\/2015\/06\/15-\u00e8me.jpg\" alt=\"Les \u00e9l\u00e8ves de GS de Sophie Leduc animent leur feuilletoscope.\" class=\"wp-image-6421\" srcset=\"https:\/\/lafilledecorinthe.com\/wordpress\/wp-content\/uploads\/2015\/06\/15-\u00e8me.jpg 640w, https:\/\/lafilledecorinthe.com\/wordpress\/wp-content\/uploads\/2015\/06\/15-\u00e8me-400x300.jpg 400w\" sizes=\"auto, (max-width: 640px) 100vw, 640px\" \/><\/a><figcaption class=\"wp-element-caption\">Les \u00e9l\u00e8ves de GS de Sophie Leduc animent leur feuilletoscope.<\/figcaption><\/figure>\n<\/div>","protected":false},"excerpt":{"rendered":"<p>Le programme&nbsp;Le&nbsp;Gruffalo con\u00e7u par Les Films du pr\u00e9au est \u00e0 l&rsquo;affiche de&nbsp;Mon premier Cin\u00e9ma.&nbsp;Il&nbsp;remporte un beau succ\u00e8s aupr\u00e8s des classes maternelles&nbsp;inscrites dans ce dispositif. Les enfants jouent&nbsp;\u00e0 se faire peur en compagnie de la petite souris et de Gruffalo par la lecture d&rsquo;un album et par la projection d&rsquo;un film. Cette double exp\u00e9rience permet une&#8230;<\/p>\n","protected":false},"author":2,"featured_media":6415,"comment_status":"open","ping_status":"open","sticky":false,"template":"","format":"standard","meta":{"_kad_post_transparent":"","_kad_post_title":"","_kad_post_layout":"","_kad_post_sidebar_id":"","_kad_post_content_style":"","_kad_post_vertical_padding":"","_kad_post_feature":"","_kad_post_feature_position":"","_kad_post_header":false,"_kad_post_footer":false,"_kad_post_classname":"","footnotes":""},"categories":[7],"tags":[],"class_list":["post-6414","post","type-post","status-publish","format-standard","has-post-thumbnail","hentry","category-ateliers-enfants"],"_links":{"self":[{"href":"https:\/\/lafilledecorinthe.com\/wordpress\/wp-json\/wp\/v2\/posts\/6414","targetHints":{"allow":["GET"]}}],"collection":[{"href":"https:\/\/lafilledecorinthe.com\/wordpress\/wp-json\/wp\/v2\/posts"}],"about":[{"href":"https:\/\/lafilledecorinthe.com\/wordpress\/wp-json\/wp\/v2\/types\/post"}],"author":[{"embeddable":true,"href":"https:\/\/lafilledecorinthe.com\/wordpress\/wp-json\/wp\/v2\/users\/2"}],"replies":[{"embeddable":true,"href":"https:\/\/lafilledecorinthe.com\/wordpress\/wp-json\/wp\/v2\/comments?post=6414"}],"version-history":[{"count":10,"href":"https:\/\/lafilledecorinthe.com\/wordpress\/wp-json\/wp\/v2\/posts\/6414\/revisions"}],"predecessor-version":[{"id":14982,"href":"https:\/\/lafilledecorinthe.com\/wordpress\/wp-json\/wp\/v2\/posts\/6414\/revisions\/14982"}],"wp:featuredmedia":[{"embeddable":true,"href":"https:\/\/lafilledecorinthe.com\/wordpress\/wp-json\/wp\/v2\/media\/6415"}],"wp:attachment":[{"href":"https:\/\/lafilledecorinthe.com\/wordpress\/wp-json\/wp\/v2\/media?parent=6414"}],"wp:term":[{"taxonomy":"category","embeddable":true,"href":"https:\/\/lafilledecorinthe.com\/wordpress\/wp-json\/wp\/v2\/categories?post=6414"},{"taxonomy":"post_tag","embeddable":true,"href":"https:\/\/lafilledecorinthe.com\/wordpress\/wp-json\/wp\/v2\/tags?post=6414"}],"curies":[{"name":"wp","href":"https:\/\/api.w.org\/{rel}","templated":true}]}}