{"id":6365,"date":"2015-05-10T20:47:08","date_gmt":"2015-05-10T19:47:08","guid":{"rendered":"http:\/\/lafilledecorinthe.com\/wordpress\/?p=6365"},"modified":"2025-12-10T13:35:52","modified_gmt":"2025-12-10T12:35:52","slug":"felice-varini-a-la-villette","status":"publish","type":"post","link":"https:\/\/lafilledecorinthe.com\/wordpress\/2015\/05\/felice-varini-a-la-villette\/","title":{"rendered":"Felice Varini \u00e0 La Villette"},"content":{"rendered":"\n<p>Admiratrice&nbsp;des installations de Felice <a title=\"Felice Varini, entre Asni\u00e8res et Gennevilliers\" href=\"https:\/\/lafilledecorinthe.com\/wordpress\/2012\/06\/felice-varini-entre-asnieres-et-gennevilliers\/\">Varini<\/a>, je n&rsquo;ai pas r\u00e9sist\u00e9 longtemps \u00e0 parcourir&nbsp;ses nouvelles&nbsp;cr\u00e9ations con\u00e7ues pour La Villette. Pour la premi\u00e8re fois, je d\u00e9couvre son travail dans un espace int\u00e9rieur. Le pavillon contemporain Paul-Delouvrier accueille un ensemble de trois peintures monumentales. Je suis particuli\u00e8rement sensible&nbsp;aux&nbsp;aplats de couleurs primaires qui rehaussent la blancheur monacale des murs.&nbsp;Les&nbsp;formes cr\u00e9\u00e9es jouent avec la g\u00e9om\u00e9trie sp\u00e9cifique du lieu.<\/p>\n\n\n<div class=\"wp-block-image\">\n<figure class=\"aligncenter\"><a href=\"https:\/\/lafilledecorinthe.com\/wordpress\/wp-content\/uploads\/2015\/05\/Varini7.jpg\"><img loading=\"lazy\" decoding=\"async\" width=\"5184\" height=\"3456\" src=\"https:\/\/lafilledecorinthe.com\/wordpress\/wp-content\/uploads\/2015\/05\/Varini7.jpg\" alt=\"Varini7\" class=\"wp-image-6367\" srcset=\"https:\/\/lafilledecorinthe.com\/wordpress\/wp-content\/uploads\/2015\/05\/Varini7.jpg 5184w, https:\/\/lafilledecorinthe.com\/wordpress\/wp-content\/uploads\/2015\/05\/Varini7-680x453.jpg 680w, https:\/\/lafilledecorinthe.com\/wordpress\/wp-content\/uploads\/2015\/05\/Varini7-1280x853.jpg 1280w, https:\/\/lafilledecorinthe.com\/wordpress\/wp-content\/uploads\/2015\/05\/Varini7-450x300.jpg 450w\" sizes=\"auto, (max-width: 5184px) 100vw, 5184px\" \/><\/a><figcaption class=\"wp-element-caption\">Quatorze triangles perc\u00e9s\/pench\u00e9s de Felice Varini<\/figcaption><\/figure>\n<\/div>\n\n\n<p>Le plaisir visuel s&rsquo;enrichit de l&rsquo;\u00e9change avec les autres visiteurs dans la&nbsp;recherche mutuelle&nbsp;du point de vue qui va organiser le chaos ! Comme les figures de Felice Varini, des groupes se forment et se d\u00e9forment au gr\u00e9 de la visite.<\/p>\n\n\n<div class=\"wp-block-image\">\n<figure class=\"aligncenter\"><a href=\"https:\/\/lafilledecorinthe.com\/wordpress\/wp-content\/uploads\/2015\/05\/Varini5.jpg\"><img loading=\"lazy\" decoding=\"async\" width=\"5184\" height=\"3456\" src=\"https:\/\/lafilledecorinthe.com\/wordpress\/wp-content\/uploads\/2015\/05\/Varini5.jpg\" alt=\"Rouge jaune noir bleu entre les disques de Felice Varini\" class=\"wp-image-6369\" srcset=\"https:\/\/lafilledecorinthe.com\/wordpress\/wp-content\/uploads\/2015\/05\/Varini5.jpg 5184w, https:\/\/lafilledecorinthe.com\/wordpress\/wp-content\/uploads\/2015\/05\/Varini5-680x453.jpg 680w, https:\/\/lafilledecorinthe.com\/wordpress\/wp-content\/uploads\/2015\/05\/Varini5-1280x853.jpg 1280w, https:\/\/lafilledecorinthe.com\/wordpress\/wp-content\/uploads\/2015\/05\/Varini5-450x300.jpg 450w\" sizes=\"auto, (max-width: 5184px) 100vw, 5184px\" \/><\/a><figcaption class=\"wp-element-caption\">Rouge jaune noir bleu entre les disques de Felice Varini<\/figcaption><\/figure>\n<\/div>\n\n<div class=\"wp-block-image\">\n<figure class=\"aligncenter\"><a href=\"https:\/\/lafilledecorinthe.com\/wordpress\/wp-content\/uploads\/2015\/05\/Varini6.jpg\"><img loading=\"lazy\" decoding=\"async\" width=\"5184\" height=\"3456\" src=\"https:\/\/lafilledecorinthe.com\/wordpress\/wp-content\/uploads\/2015\/05\/Varini6.jpg\" alt=\"Rouge jaune noir bleu entre les disques de Felice Varini\" class=\"wp-image-6370\" srcset=\"https:\/\/lafilledecorinthe.com\/wordpress\/wp-content\/uploads\/2015\/05\/Varini6.jpg 5184w, https:\/\/lafilledecorinthe.com\/wordpress\/wp-content\/uploads\/2015\/05\/Varini6-680x453.jpg 680w, https:\/\/lafilledecorinthe.com\/wordpress\/wp-content\/uploads\/2015\/05\/Varini6-1280x853.jpg 1280w, https:\/\/lafilledecorinthe.com\/wordpress\/wp-content\/uploads\/2015\/05\/Varini6-450x300.jpg 450w\" sizes=\"auto, (max-width: 5184px) 100vw, 5184px\" \/><\/a><figcaption class=\"wp-element-caption\">Rouge jaune noir bleu entre les disques de Felice Varini<\/figcaption><\/figure>\n<\/div>\n\n\n<p>La structure m\u00e9tallique grise de la galerie est de la Grande halle offre quant \u00e0 elle, un tr\u00e8s beau support \u00e0 huit arcs de cercle orang\u00e9s. Tel un \u00e9ventail qui s&rsquo;ouvre, nous ressentons un souffle d&rsquo;air frais \u00e0 la vue de cette perspective transfigur\u00e9e.<\/p>\n\n\n<div class=\"wp-block-image\">\n<figure class=\"aligncenter\"><a href=\"https:\/\/lafilledecorinthe.com\/wordpress\/wp-content\/uploads\/2015\/05\/Varini2.jpg\"><img loading=\"lazy\" decoding=\"async\" width=\"5184\" height=\"3456\" src=\"https:\/\/lafilledecorinthe.com\/wordpress\/wp-content\/uploads\/2015\/05\/Varini2.jpg\" alt=\"D\u00e9tail de Arcs de cercle sur diagonale de Felice Varini\" class=\"wp-image-6374\" srcset=\"https:\/\/lafilledecorinthe.com\/wordpress\/wp-content\/uploads\/2015\/05\/Varini2.jpg 5184w, https:\/\/lafilledecorinthe.com\/wordpress\/wp-content\/uploads\/2015\/05\/Varini2-680x453.jpg 680w, https:\/\/lafilledecorinthe.com\/wordpress\/wp-content\/uploads\/2015\/05\/Varini2-1280x853.jpg 1280w, https:\/\/lafilledecorinthe.com\/wordpress\/wp-content\/uploads\/2015\/05\/Varini2-450x300.jpg 450w\" sizes=\"auto, (max-width: 5184px) 100vw, 5184px\" \/><\/a><figcaption class=\"wp-element-caption\">D\u00e9tail de Arcs de cercle sur diagonale de Felice Varini<\/figcaption><\/figure>\n<\/div>","protected":false},"excerpt":{"rendered":"<p>Admiratrice&nbsp;des installations de Felice Varini, je n&rsquo;ai pas r\u00e9sist\u00e9 longtemps \u00e0 parcourir&nbsp;ses nouvelles&nbsp;cr\u00e9ations con\u00e7ues pour La Villette. Pour la premi\u00e8re fois, je d\u00e9couvre son travail dans un espace int\u00e9rieur. Le pavillon contemporain Paul-Delouvrier accueille un ensemble de trois peintures monumentales. Je suis particuli\u00e8rement sensible&nbsp;aux&nbsp;aplats de couleurs primaires qui rehaussent la blancheur monacale des murs.&nbsp;Les&nbsp;formes cr\u00e9\u00e9es&#8230;<\/p>\n","protected":false},"author":2,"featured_media":6366,"comment_status":"open","ping_status":"open","sticky":false,"template":"","format":"standard","meta":{"_kad_post_transparent":"","_kad_post_title":"","_kad_post_layout":"","_kad_post_sidebar_id":"","_kad_post_content_style":"","_kad_post_vertical_padding":"","_kad_post_feature":"","_kad_post_feature_position":"","_kad_post_header":false,"_kad_post_footer":false,"_kad_post_classname":"","footnotes":""},"categories":[6],"tags":[1032,432,1031,1035,1033,1034],"class_list":["post-6365","post","type-post","status-publish","format-standard","has-post-thumbnail","hentry","category-blog","tag-arcs-de-cercle-sur-diagonale","tag-felice-varini","tag-la-villette","tag-pavillon-paul-delouvrier","tag-quatorze-triangles-percespenches","tag-rouge-jaune-noir-bleu-entre-les-disques"],"_links":{"self":[{"href":"https:\/\/lafilledecorinthe.com\/wordpress\/wp-json\/wp\/v2\/posts\/6365","targetHints":{"allow":["GET"]}}],"collection":[{"href":"https:\/\/lafilledecorinthe.com\/wordpress\/wp-json\/wp\/v2\/posts"}],"about":[{"href":"https:\/\/lafilledecorinthe.com\/wordpress\/wp-json\/wp\/v2\/types\/post"}],"author":[{"embeddable":true,"href":"https:\/\/lafilledecorinthe.com\/wordpress\/wp-json\/wp\/v2\/users\/2"}],"replies":[{"embeddable":true,"href":"https:\/\/lafilledecorinthe.com\/wordpress\/wp-json\/wp\/v2\/comments?post=6365"}],"version-history":[{"count":14,"href":"https:\/\/lafilledecorinthe.com\/wordpress\/wp-json\/wp\/v2\/posts\/6365\/revisions"}],"predecessor-version":[{"id":15422,"href":"https:\/\/lafilledecorinthe.com\/wordpress\/wp-json\/wp\/v2\/posts\/6365\/revisions\/15422"}],"wp:featuredmedia":[{"embeddable":true,"href":"https:\/\/lafilledecorinthe.com\/wordpress\/wp-json\/wp\/v2\/media\/6366"}],"wp:attachment":[{"href":"https:\/\/lafilledecorinthe.com\/wordpress\/wp-json\/wp\/v2\/media?parent=6365"}],"wp:term":[{"taxonomy":"category","embeddable":true,"href":"https:\/\/lafilledecorinthe.com\/wordpress\/wp-json\/wp\/v2\/categories?post=6365"},{"taxonomy":"post_tag","embeddable":true,"href":"https:\/\/lafilledecorinthe.com\/wordpress\/wp-json\/wp\/v2\/tags?post=6365"}],"curies":[{"name":"wp","href":"https:\/\/api.w.org\/{rel}","templated":true}]}}