{"id":631,"date":"2012-03-26T16:22:46","date_gmt":"2012-03-26T15:22:46","guid":{"rendered":"http:\/\/lafilledecorinthe.com\/wordpress\/?p=631"},"modified":"2025-12-10T18:51:22","modified_gmt":"2025-12-10T17:51:22","slug":"youri-norstein-au-forum-des-images","status":"publish","type":"post","link":"https:\/\/lafilledecorinthe.com\/wordpress\/2012\/03\/youri-norstein-au-forum-des-images\/","title":{"rendered":"Youri Norstein au Forum des Images"},"content":{"rendered":"\n<p class=\"has-text-align-left\">&nbsp; &nbsp; &nbsp; &nbsp; Je suis all\u00e9e samedi \u00e0 la rencontre d&rsquo;un grand monsieur, Youri Norstein.<\/p>\n\n\n\n<p class=\"has-text-align-left\">Invit\u00e9 par le Forum des images pour un week-end c\u00e9l\u00e9brant son oeuvre et celle de son ami japonais Kawamoto Kihachir\u00f4, il s&rsquo;est pr\u00eat\u00e9 \u00e0 de multiples \u00e9changes avec le public.<br>Avoir l&rsquo;occasion de voir ses films sur grand \u00e9cran est d\u00e9j\u00e0 un cadeau magnifique. Le \u00ab\u00a0h\u00e9risson dans le brouillard \u00ab\u00a0, \u00ab\u00a0le h\u00e9ron et la cigogne\u00a0\u00bb et \u00ab\u00a0le conte des contes\u00a0\u00bb se sont d\u00e9ploy\u00e9s sous nos yeux enchant\u00e9s. L&rsquo;entendre parler de son art, mais surtout de la philosophie de la vie qui le sous-tend, est un moment exceptionnel, \u00e0 partager !<\/p>\n\n\n\n<p class=\"has-text-align-left\">Son amour pour le Japon est n\u00e9 de la lecture d&rsquo;un livre du po\u00e8te Bash\u00f4 d\u00e9couvert par hasard dans une librairie. La recherche de v\u00e9rit\u00e9 et de simplicit\u00e9 qui fonde les po\u00e8mes courts japonais r\u00e9sume parfaitement sa conception de l&rsquo;art, \u00a0\u00bb un sujet tr\u00e8s simple peut devenir quelque chose de grand\u00a0\u00bb nous dit-il ! Il prolonge par cette phrase \u00a0\u00bb le niveau de l&rsquo;art ne d\u00e9pend pas de l&rsquo;\u00e9chelle de l&rsquo;\u00e9v\u00e8nement qui est repr\u00e9sent\u00e9\u00a0\u00bb. Son \u00ab\u00a0h\u00e9risson dans le brouillard\u00a0\u00bb est une magnifique illustration de cette id\u00e9e.<\/p>\n\n\n\n<figure class=\"wp-block-image size-full\"><img loading=\"lazy\" decoding=\"async\" width=\"749\" height=\"421\" src=\"https:\/\/lafilledecorinthe.com\/wordpress\/wp-content\/uploads\/2012\/03\/herisson-dans-le-brouillard-le-749x421-1.jpg\" alt=\"\" class=\"wp-image-15546\" srcset=\"https:\/\/lafilledecorinthe.com\/wordpress\/wp-content\/uploads\/2012\/03\/herisson-dans-le-brouillard-le-749x421-1.jpg 749w, https:\/\/lafilledecorinthe.com\/wordpress\/wp-content\/uploads\/2012\/03\/herisson-dans-le-brouillard-le-749x421-1-680x382.jpg 680w\" sizes=\"auto, (max-width: 749px) 100vw, 749px\" \/><\/figure>\n\n\n\n<p>Et lorsqu&rsquo;il \u00e9voque des sujets graves comme la guerre, c&rsquo;est par des d\u00e9tours percutants. Le d\u00e9part \u00e0 la guerre des hommes lors du bal populaire dans \u00ab\u00a0le conte des contes\u00a0\u00bb me touche particuli\u00e8rement, c&rsquo;est le bonheur au quotidien qui est an\u00e9anti au son de l&rsquo;accord\u00e9on.<\/p>\n\n\n\n<figure class=\"wp-block-image size-large\"><img loading=\"lazy\" decoding=\"async\" width=\"1280\" height=\"720\" src=\"https:\/\/lafilledecorinthe.com\/wordpress\/wp-content\/uploads\/2012\/03\/le-conte-1280x720.jpg\" alt=\"\" class=\"wp-image-15550\" srcset=\"https:\/\/lafilledecorinthe.com\/wordpress\/wp-content\/uploads\/2012\/03\/le-conte-1280x720.jpg 1280w, https:\/\/lafilledecorinthe.com\/wordpress\/wp-content\/uploads\/2012\/03\/le-conte-680x383.jpg 680w, https:\/\/lafilledecorinthe.com\/wordpress\/wp-content\/uploads\/2012\/03\/le-conte-768x432.jpg 768w, https:\/\/lafilledecorinthe.com\/wordpress\/wp-content\/uploads\/2012\/03\/le-conte-1536x864.jpg 1536w, https:\/\/lafilledecorinthe.com\/wordpress\/wp-content\/uploads\/2012\/03\/le-conte.jpg 1920w\" sizes=\"auto, (max-width: 1280px) 100vw, 1280px\" \/><\/figure>\n\n\n\n<p>A la question \u00ab\u00a0quels conseils donneriez vous \u00e0 un enfant \u00e0 l&rsquo;aube de sa vie\u00a0\u00bb, Norstein a r\u00e9pondu \u00ab\u00a0sois gai, dr\u00f4le et attentif\u00a0\u00bb. Attentif \u00e0 la nature notamment ; que l&rsquo;enfant ait conscience qu&rsquo;une feuille d&rsquo;arbre est vivante, que cet arbre est enracin\u00e9 dans la terre et qu&rsquo;il joue avec cette terre nourrici\u00e8re \u00e0 se salir les mains ! Attentif aussi \u00e0 \u00ab\u00a0la musique de la parole, de la litt\u00e9rature\u00a0\u00bb. Les textes de Gogol l&rsquo;ont accompagn\u00e9 d\u00e8s son enfance, il a choisi nous dit-il \u00ab\u00a0d&rsquo;\u00eatre en bonne compagnie\u00a0\u00bb. Shakespeare, Proust, Eisenstein, Rembrandt, V\u00e9lasquez sont ses compagnons de route.<\/p>\n\n\n\n<p>R\u00e9unir l&rsquo;oeuvre de Kawamoto et de Norstein au cours de ce week-end c\u00e9l\u00e8bre la complicit\u00e9 qui a exist\u00e9 entre les deux hommes, entre les deux cr\u00e9ateurs. La participation de Norstein \u00e0 \u00ab\u00a0Jours d&rsquo;hiver\u00a0\u00bb, oeuvre con\u00e7ue par Kawamoto, en est le point d&rsquo;orgue. Norstein ouvre cette mosa\u00efque litt\u00e9raire et visuelle en illustrant ces vers de Bash\u00f4 :<\/p>\n\n\n\n<p>\u00a0\u00bb Vers insens\u00e9s :<br>Errant au vent d&rsquo;automne,<br>ressemblerais-je au po\u00e8te panier perc\u00e9 ?\u00a0\u00bb<\/p>\n\n\n\n<figure class=\"wp-block-image size-full\"><img loading=\"lazy\" decoding=\"async\" width=\"960\" height=\"1196\" src=\"https:\/\/lafilledecorinthe.com\/wordpress\/wp-content\/uploads\/2012\/03\/Angelsatmamre-trinity-rublev-1410.jpg\" alt=\"\" class=\"wp-image-15548\" srcset=\"https:\/\/lafilledecorinthe.com\/wordpress\/wp-content\/uploads\/2012\/03\/Angelsatmamre-trinity-rublev-1410.jpg 960w, https:\/\/lafilledecorinthe.com\/wordpress\/wp-content\/uploads\/2012\/03\/Angelsatmamre-trinity-rublev-1410-546x680.jpg 546w, https:\/\/lafilledecorinthe.com\/wordpress\/wp-content\/uploads\/2012\/03\/Angelsatmamre-trinity-rublev-1410-768x957.jpg 768w\" sizes=\"auto, (max-width: 960px) 100vw, 960px\" \/><\/figure>\n\n\n\n<p>Il lui a fallu plus d&rsquo;un an de travail pour r\u00e9aliser quelques minutes du film tant il a \u00e9t\u00e9 attentif aux moindres d\u00e9tails. \u00ab\u00a0Qu&rsquo;est-ce que le croisement des cultures ?\u00a0\u00bb se demande -t-il tout au long du projet. Une de ses pr\u00e9occupations est de trouver la couleur juste qui puisse unir le film. C&rsquo;est dans les peintures de Roubliov qu&rsquo;il a trouv\u00e9 la solution : du dor\u00e9, du marron, du bleu un peu gris. Et \u00ab\u00a0\u00e7a a march\u00e9 ! C&rsquo;est \u00e7a, le croisement des cultures, la m\u00e9moire des choses que l&rsquo;on a vu auparavant.\u00a0\u00bb<\/p>\n\n\n\n<p>J&rsquo;ai vu pour la premi\u00e8re fois un extrait du \u00ab\u00a0manteau\u00a0\u00bb, son adaptation de la nouvelle de Gogol. Vingt minutes muettes d&rsquo;une grande intensit\u00e9 ! On suit son h\u00e9ros Akaki\u00e9vitch dans les rues de Saint P\u00e9tersbourg puis \u00e0 son domicile o\u00f9 r\u00e9chauff\u00e9 il se pr\u00e9pare \u00e0 son activit\u00e9 de copiste. Le clair obscur est d&rsquo;une grande richesse et la mobilit\u00e9 du personnage r\u00e9alis\u00e9 en papiers d\u00e9coup\u00e9s est incroyable. Repr\u00e9senter un pauvre fonctionnaire en train de boire une tasse de th\u00e9 peut \u00eatre le sommet de l&rsquo;art !<\/p>\n\n\n\n<figure class=\"wp-block-embed is-type-video is-provider-youtube wp-block-embed-youtube wp-embed-aspect-16-9 wp-has-aspect-ratio\"><div class=\"wp-block-embed__wrapper\">\n<iframe loading=\"lazy\" title=\"5 minutes of clips from Yuri Norstein&#039;s The Overcoat (HD)\" width=\"720\" height=\"405\" src=\"https:\/\/www.youtube.com\/embed\/bg7MF9DkDNo?feature=oembed\" frameborder=\"0\" allow=\"accelerometer; autoplay; clipboard-write; encrypted-media; gyroscope; picture-in-picture; web-share\" referrerpolicy=\"strict-origin-when-cross-origin\" allowfullscreen><\/iframe>\n<\/div><\/figure>\n\n\n\n<p><\/p>\n\n\n\n<p>Youri Norstein a lu \u00ab\u00a0le manteau\u00a0\u00bb \u00e0 l&rsquo;\u00e2ge de 12 ans, il en a \u00e9crit le sc\u00e9nario \u00e0 40 ans. L&rsquo;oeuvre reste inachev\u00e9e pour ses 70 ans, le moins qu&rsquo;on puisse dire est que \u00ab\u00a0le manteau\u00a0\u00bb est le projet d&rsquo;une vie. Les al\u00e9as li\u00e9s \u00e0 la r\u00e9alisation du film sont nombreux mais \u00e0 l&rsquo;instar de Bash\u00f4 qui lutte contre le vent dans \u00ab\u00a0Jours d&rsquo;hiver\u00a0\u00bb, Norstein n&rsquo;a pas peur &nbsp;d&rsquo;affronter les difficult\u00e9s et ne renonce pas. Son ami Kawamoto avait lanc\u00e9 une souscription publique pour terminer le financement de son oeuvre ultime \u00ab\u00a0le livre du mort\u00a0\u00bb. Je suis pr\u00eate \u00e0 parier que les donateurs seraient nombreux pour aider Norstein \u00e0 terminer le financement de la r\u00e9alisation du \u00ab\u00a0manteau\u00a0\u00bb !<\/p>\n","protected":false},"excerpt":{"rendered":"<p>&nbsp; &nbsp; &nbsp; &nbsp; Je suis all\u00e9e samedi \u00e0 la rencontre d&rsquo;un grand monsieur, Youri Norstein. Invit\u00e9 par le Forum des images pour un week-end c\u00e9l\u00e9brant son oeuvre et celle de son ami japonais Kawamoto Kihachir\u00f4, il s&rsquo;est pr\u00eat\u00e9 \u00e0 de multiples \u00e9changes avec le public.Avoir l&rsquo;occasion de voir ses films sur grand \u00e9cran est&#8230;<\/p>\n","protected":false},"author":2,"featured_media":633,"comment_status":"open","ping_status":"open","sticky":false,"template":"","format":"standard","meta":{"_kad_post_transparent":"","_kad_post_title":"","_kad_post_layout":"","_kad_post_sidebar_id":"","_kad_post_content_style":"","_kad_post_vertical_padding":"","_kad_post_feature":"","_kad_post_feature_position":"","_kad_post_header":false,"_kad_post_footer":false,"_kad_post_classname":"","footnotes":""},"categories":[6,13],"tags":[22,66,65],"class_list":["post-631","post","type-post","status-publish","format-standard","has-post-thumbnail","hentry","category-blog","category-sorties-culturelles","tag-forum-des-images","tag-kawamoto","tag-norstein"],"_links":{"self":[{"href":"https:\/\/lafilledecorinthe.com\/wordpress\/wp-json\/wp\/v2\/posts\/631","targetHints":{"allow":["GET"]}}],"collection":[{"href":"https:\/\/lafilledecorinthe.com\/wordpress\/wp-json\/wp\/v2\/posts"}],"about":[{"href":"https:\/\/lafilledecorinthe.com\/wordpress\/wp-json\/wp\/v2\/types\/post"}],"author":[{"embeddable":true,"href":"https:\/\/lafilledecorinthe.com\/wordpress\/wp-json\/wp\/v2\/users\/2"}],"replies":[{"embeddable":true,"href":"https:\/\/lafilledecorinthe.com\/wordpress\/wp-json\/wp\/v2\/comments?post=631"}],"version-history":[{"count":25,"href":"https:\/\/lafilledecorinthe.com\/wordpress\/wp-json\/wp\/v2\/posts\/631\/revisions"}],"predecessor-version":[{"id":15551,"href":"https:\/\/lafilledecorinthe.com\/wordpress\/wp-json\/wp\/v2\/posts\/631\/revisions\/15551"}],"wp:featuredmedia":[{"embeddable":true,"href":"https:\/\/lafilledecorinthe.com\/wordpress\/wp-json\/wp\/v2\/media\/633"}],"wp:attachment":[{"href":"https:\/\/lafilledecorinthe.com\/wordpress\/wp-json\/wp\/v2\/media?parent=631"}],"wp:term":[{"taxonomy":"category","embeddable":true,"href":"https:\/\/lafilledecorinthe.com\/wordpress\/wp-json\/wp\/v2\/categories?post=631"},{"taxonomy":"post_tag","embeddable":true,"href":"https:\/\/lafilledecorinthe.com\/wordpress\/wp-json\/wp\/v2\/tags?post=631"}],"curies":[{"name":"wp","href":"https:\/\/api.w.org\/{rel}","templated":true}]}}