{"id":6307,"date":"2015-04-22T16:03:05","date_gmt":"2015-04-22T15:03:05","guid":{"rendered":"http:\/\/lafilledecorinthe.com\/wordpress\/?p=6307"},"modified":"2025-12-09T16:04:05","modified_gmt":"2025-12-09T15:04:05","slug":"les-appareils-de-cinema-au-eye-damsterdam","status":"publish","type":"post","link":"https:\/\/lafilledecorinthe.com\/wordpress\/2015\/04\/les-appareils-de-cinema-au-eye-damsterdam\/","title":{"rendered":"Les appareils de cin\u00e9ma au Eye d&rsquo;Amsterdam"},"content":{"rendered":"\n<p>La&nbsp;nouvelle pr\u00e9sentation de l&rsquo;exposition permanente du mus\u00e9e du cin\u00e9ma met \u00e0 l&rsquo;honneur les appareils du pr\u00e9-cin\u00e9ma et les cam\u00e9ras mythiques&#8230; Une tr\u00e8s belle double lanterne magique rappelle le r\u00f4le essentiel&nbsp;des savants&nbsp;hollandais, Christiaan Huygens et Pieter Van Musschenbroek, dans les premi\u00e8res projections anim\u00e9es.<\/p>\n\n\n<div class=\"wp-block-image\">\n<figure class=\"aligncenter size-medium\"><a href=\"https:\/\/lafilledecorinthe.com\/wordpress\/wp-content\/uploads\/2015\/04\/lanterne-magique.jpg\"><img loading=\"lazy\" decoding=\"async\" width=\"680\" height=\"508\" src=\"https:\/\/lafilledecorinthe.com\/wordpress\/wp-content\/uploads\/2015\/04\/lanterne-magique-680x508.jpg\" alt=\"lanterne magique\" class=\"wp-image-6310\" srcset=\"https:\/\/lafilledecorinthe.com\/wordpress\/wp-content\/uploads\/2015\/04\/lanterne-magique-680x508.jpg 680w, https:\/\/lafilledecorinthe.com\/wordpress\/wp-content\/uploads\/2015\/04\/lanterne-magique-1280x956.jpg 1280w, https:\/\/lafilledecorinthe.com\/wordpress\/wp-content\/uploads\/2015\/04\/lanterne-magique-402x300.jpg 402w\" sizes=\"auto, (max-width: 680px) 100vw, 680px\" \/><\/a><\/figure>\n<\/div>\n\n\n<p>La superposition de deux plaques, l&rsquo;une fixe et l&rsquo;autre mobile, permet d&rsquo;ing\u00e9nieuses sc\u00e8nes que nous pouvons admirer gr\u00e2ce \u00e0 une projection en boucle de 10 minutes qui met en valeur une partie de la collection du mus\u00e9e. Voici mes trois sc\u00e8nes pr\u00e9f\u00e9r\u00e9es !<\/p>\n\n\n\n<figure class=\"wp-block-embed is-type-video is-provider-youtube wp-block-embed-youtube wp-embed-aspect-16-9 wp-has-aspect-ratio\"><div class=\"wp-block-embed__wrapper\">\n<iframe loading=\"lazy\" title=\"lanterne magique\" width=\"720\" height=\"405\" src=\"https:\/\/www.youtube.com\/embed\/GUXX-71jT9w?feature=oembed\" frameborder=\"0\" allow=\"accelerometer; autoplay; clipboard-write; encrypted-media; gyroscope; picture-in-picture; web-share\" referrerpolicy=\"strict-origin-when-cross-origin\" allowfullscreen><\/iframe>\n<\/div><\/figure>\n\n\n\n<p><\/p>\n\n\n\n<p>Un mutoscope en t\u00f4le peinte, un diorama du XVIII<sup>e<\/sup>, un zootrope et un st\u00e9r\u00e9oscope compl\u00e8tent cette belle pr\u00e9sentation&nbsp;de jouets optiques.<\/p>\n\n\n<div class=\"wp-block-image\">\n<figure class=\"aligncenter\"><a href=\"https:\/\/lafilledecorinthe.com\/wordpress\/wp-content\/uploads\/2015\/04\/Mutoscope2.jpg\"><img loading=\"lazy\" decoding=\"async\" width=\"1936\" height=\"2592\" src=\"https:\/\/lafilledecorinthe.com\/wordpress\/wp-content\/uploads\/2015\/04\/Mutoscope2.jpg\" alt=\"Mutoscope &quot;the waiter de Charlie Chaplin, 1914\" class=\"wp-image-6322\" srcset=\"https:\/\/lafilledecorinthe.com\/wordpress\/wp-content\/uploads\/2015\/04\/Mutoscope2.jpg 1936w, https:\/\/lafilledecorinthe.com\/wordpress\/wp-content\/uploads\/2015\/04\/Mutoscope2-508x680.jpg 508w, https:\/\/lafilledecorinthe.com\/wordpress\/wp-content\/uploads\/2015\/04\/Mutoscope2-956x1280.jpg 956w, https:\/\/lafilledecorinthe.com\/wordpress\/wp-content\/uploads\/2015\/04\/Mutoscope2-224x300.jpg 224w\" sizes=\"auto, (max-width: 1936px) 100vw, 1936px\" \/><\/a><figcaption class=\"wp-element-caption\">Mutoscope \u00ab\u00a0the waiter\u00a0\u00bb de Charlie Chaplin, 1914 \u00a0 \u00a0 d\u00e9tail<\/figcaption><\/figure>\n<\/div>\n\n\n<p>Dans le second espace, je suis&nbsp;attir\u00e9e par un cube qui s&rsquo;av\u00e8re \u00eatre une cam\u00e9ra portative con\u00e7ue par l&rsquo;inventeur Emanuel Goldberg au d\u00e9but des ann\u00e9es 20. Joris Ivens l&rsquo;a utilis\u00e9e pour r\u00e9aliser son film&nbsp;sur le pont ferroviaire m\u00e9tallique de Rotterdam.<\/p>\n\n\n<div class=\"wp-block-image\">\n<figure class=\"aligncenter\"><a href=\"https:\/\/lafilledecorinthe.com\/wordpress\/wp-content\/uploads\/2015\/04\/IMG_5695.jpg\"><img loading=\"lazy\" decoding=\"async\" width=\"2592\" height=\"1936\" src=\"https:\/\/lafilledecorinthe.com\/wordpress\/wp-content\/uploads\/2015\/04\/IMG_5695.jpg\" alt=\"cam\u00e9ra 35 mm, Kinamo (1922)\" class=\"wp-image-6327\" srcset=\"https:\/\/lafilledecorinthe.com\/wordpress\/wp-content\/uploads\/2015\/04\/IMG_5695.jpg 2592w, https:\/\/lafilledecorinthe.com\/wordpress\/wp-content\/uploads\/2015\/04\/IMG_5695-680x508.jpg 680w, https:\/\/lafilledecorinthe.com\/wordpress\/wp-content\/uploads\/2015\/04\/IMG_5695-1280x956.jpg 1280w, https:\/\/lafilledecorinthe.com\/wordpress\/wp-content\/uploads\/2015\/04\/IMG_5695-402x300.jpg 402w\" sizes=\"auto, (max-width: 2592px) 100vw, 2592px\" \/><\/a><figcaption class=\"wp-element-caption\">cam\u00e9ra 35 mm, Kinamo (1922)<\/figcaption><\/figure>\n<\/div>\n\n\n<p>D\u00e8s les premi\u00e8res images du film, Joris Ivens se met en sc\u00e8ne portant \u00e0 la main la Kinamo qui va lui permettre de multiplier les points de vue du pont et de r\u00e9aliser un documentaire au montage vif et saccad\u00e9. Il est \u00ab\u00a0l&rsquo;homme \u00e0 la cam\u00e9ra\u00a0\u00bb avant Dziga Vertov !<\/p>\n\n\n<div class=\"wp-block-image\">\n<figure class=\"aligncenter is-resized\"><a href=\"https:\/\/lafilledecorinthe.com\/wordpress\/wp-content\/uploads\/2015\/04\/Joris-Ivens-1928.jpg\"><img loading=\"lazy\" decoding=\"async\" width=\"301\" height=\"216\" src=\"https:\/\/lafilledecorinthe.com\/wordpress\/wp-content\/uploads\/2015\/04\/Joris-Ivens-1928.jpg\" alt=\"Photogramme &quot;Le pont&quot; de Joris Ivens, 1928\" class=\"wp-image-6329\" style=\"width:627px;height:auto\"\/><\/a><figcaption class=\"wp-element-caption\">Photogramme \u00ab\u00a0Le pont\u00a0\u00bb de Joris Ivens, 1928<\/figcaption><\/figure>\n<\/div>\n\n\n<p>A partir du mois de juin, le <a href=\"http:\/\/www.jeudepaume.org\/index.php?page=article&amp;idArt=2208\" target=\"_blank\" rel=\"noopener\"><em>Jeu de Paume <\/em><\/a>pr\u00e9sente une exposition consacr\u00e9e \u00e0 la photographe Germaine Krull. L&rsquo;occasion de croiser les regards de ces deux artistes sur cette construction m\u00e9tallique.<\/p>\n\n\n<div class=\"wp-block-image\">\n<figure class=\"aligncenter\"><a href=\"https:\/\/lafilledecorinthe.com\/wordpress\/wp-content\/uploads\/2015\/04\/GKrull_23.jpg\"><img loading=\"lazy\" decoding=\"async\" width=\"832\" height=\"1100\" src=\"https:\/\/lafilledecorinthe.com\/wordpress\/wp-content\/uploads\/2015\/04\/GKrull_23.jpg\" alt=\"&quot;M\u00e9tal&quot; de Germaine Krull, 1928\" class=\"wp-image-6334\" srcset=\"https:\/\/lafilledecorinthe.com\/wordpress\/wp-content\/uploads\/2015\/04\/GKrull_23.jpg 832w, https:\/\/lafilledecorinthe.com\/wordpress\/wp-content\/uploads\/2015\/04\/GKrull_23-514x680.jpg 514w, https:\/\/lafilledecorinthe.com\/wordpress\/wp-content\/uploads\/2015\/04\/GKrull_23-227x300.jpg 227w\" sizes=\"auto, (max-width: 832px) 100vw, 832px\" \/><\/a><figcaption class=\"wp-element-caption\">\u00ab\u00a0M\u00e9tal\u00a0\u00bb de Germaine Krull, 1928<\/figcaption><\/figure>\n<\/div>","protected":false},"excerpt":{"rendered":"<p>La&nbsp;nouvelle pr\u00e9sentation de l&rsquo;exposition permanente du mus\u00e9e du cin\u00e9ma met \u00e0 l&rsquo;honneur les appareils du pr\u00e9-cin\u00e9ma et les cam\u00e9ras mythiques&#8230; Une tr\u00e8s belle double lanterne magique rappelle le r\u00f4le essentiel&nbsp;des savants&nbsp;hollandais, Christiaan Huygens et Pieter Van Musschenbroek, dans les premi\u00e8res projections anim\u00e9es. La superposition de deux plaques, l&rsquo;une fixe et l&rsquo;autre mobile, permet d&rsquo;ing\u00e9nieuses sc\u00e8nes&#8230;<\/p>\n","protected":false},"author":2,"featured_media":6308,"comment_status":"open","ping_status":"open","sticky":false,"template":"","format":"standard","meta":{"_kad_post_transparent":"","_kad_post_title":"","_kad_post_layout":"","_kad_post_sidebar_id":"","_kad_post_content_style":"","_kad_post_vertical_padding":"","_kad_post_feature":"","_kad_post_feature_position":"","_kad_post_header":false,"_kad_post_footer":false,"_kad_post_classname":"","footnotes":""},"categories":[6,13],"tags":[343,1022,1025,1020,779,48,1026,1027,587,1028,1021,1024,1023],"class_list":["post-6307","post","type-post","status-publish","format-standard","has-post-thumbnail","hentry","category-blog","category-sorties-culturelles","tag-amsterdam","tag-christiaan-huygens","tag-emanuel-goldberg","tag-eye","tag-germaine-krull","tag-jeu-de-paume","tag-joris-ivens","tag-kinamo","tag-lanterne-magique","tag-le-pont","tag-musee-du-cinema","tag-mutoscope-en-tole-peinte","tag-pieter-van-musschenbroek"],"_links":{"self":[{"href":"https:\/\/lafilledecorinthe.com\/wordpress\/wp-json\/wp\/v2\/posts\/6307","targetHints":{"allow":["GET"]}}],"collection":[{"href":"https:\/\/lafilledecorinthe.com\/wordpress\/wp-json\/wp\/v2\/posts"}],"about":[{"href":"https:\/\/lafilledecorinthe.com\/wordpress\/wp-json\/wp\/v2\/types\/post"}],"author":[{"embeddable":true,"href":"https:\/\/lafilledecorinthe.com\/wordpress\/wp-json\/wp\/v2\/users\/2"}],"replies":[{"embeddable":true,"href":"https:\/\/lafilledecorinthe.com\/wordpress\/wp-json\/wp\/v2\/comments?post=6307"}],"version-history":[{"count":27,"href":"https:\/\/lafilledecorinthe.com\/wordpress\/wp-json\/wp\/v2\/posts\/6307\/revisions"}],"predecessor-version":[{"id":15289,"href":"https:\/\/lafilledecorinthe.com\/wordpress\/wp-json\/wp\/v2\/posts\/6307\/revisions\/15289"}],"wp:featuredmedia":[{"embeddable":true,"href":"https:\/\/lafilledecorinthe.com\/wordpress\/wp-json\/wp\/v2\/media\/6308"}],"wp:attachment":[{"href":"https:\/\/lafilledecorinthe.com\/wordpress\/wp-json\/wp\/v2\/media?parent=6307"}],"wp:term":[{"taxonomy":"category","embeddable":true,"href":"https:\/\/lafilledecorinthe.com\/wordpress\/wp-json\/wp\/v2\/categories?post=6307"},{"taxonomy":"post_tag","embeddable":true,"href":"https:\/\/lafilledecorinthe.com\/wordpress\/wp-json\/wp\/v2\/tags?post=6307"}],"curies":[{"name":"wp","href":"https:\/\/api.w.org\/{rel}","templated":true}]}}