{"id":6222,"date":"2015-03-22T17:00:55","date_gmt":"2015-03-22T16:00:55","guid":{"rendered":"http:\/\/lafilledecorinthe.com\/wordpress\/?p=6222"},"modified":"2025-12-10T17:45:59","modified_gmt":"2025-12-10T16:45:59","slug":"quest-ce-que-la-photographie-au-centre-pompidou","status":"publish","type":"post","link":"https:\/\/lafilledecorinthe.com\/wordpress\/2015\/03\/quest-ce-que-la-photographie-au-centre-pompidou\/","title":{"rendered":"Qu&rsquo;est-ce que la photographie ? au Centre Pompidou de Paris"},"content":{"rendered":"\n<p>Depuis novembre 2014, le Centre Pompidou propose un nouvel espace d\u00e9di\u00e9 \u00e0 la photographie. Apr\u00e8s une exposition historique qui pr\u00e9sentait le travail du photographe surr\u00e9aliste Jacque-Andr\u00e9 Boiffard, c&rsquo;est maintenant une exposition th\u00e9matique qui est \u00e0 l&rsquo;honneur avec la question ontologique :&nbsp;<em>Qu&rsquo;est-ce que la photographie ? <\/em>Si vous souhaitez trouver une r\u00e9ponse univoque \u00e0 cette question, vous risquez d&rsquo;\u00eatre d\u00e9\u00e7u. L&rsquo;intention des <a href=\"http:\/\/www.loeildelaphotographie.com\/fr\/2015\/03\/18\/interview\/27530\/centre-pompidou-qu-est-ce-que-la-photographie-interview-de-c-cheroux-et-k-ziebinska-lewandowska\" target=\"_blank\" rel=\"noopener\">commissaires<\/a> de l&rsquo;exposition n&rsquo;est pas d&rsquo;ass\u00e9ner une <em>d\u00e9finition d\u00e9finitive<\/em> mais de permettre \u00e0 tout un chacun de se forger sa propre d\u00e9finition. Pour cela, ils ont s\u00e9lectionn\u00e9 dans la vaste collection du Centre Pompidou des photographes qui apportent un regard singulier sur cette question quelque peu g\u00e9n\u00e9rale.<\/p>\n\n\n\n<p>J&rsquo;ai \u00e9t\u00e9 particuli\u00e8rement sensible aux oeuvres de photographes qui ont cherch\u00e9 l&rsquo;essence de la photographie dans sa mat\u00e9rialit\u00e9 et qui ont d\u00e9voil\u00e9 dans leur image les secrets de fabrication.<\/p>\n\n\n\n<p>Fascin\u00e9e par les <a title=\"Mes premiers pas\u2026 en st\u00e9nop\u00e9\" href=\"https:\/\/lafilledecorinthe.com\/wordpress\/2012\/09\/mes-premiers-pas-en-stenope\/\" target=\"_blank\" rel=\"noopener\">st\u00e9nop\u00e9s<\/a>, j&rsquo;ai appr\u00e9ci\u00e9 particuli\u00e8rement l&rsquo;oeuvre d&rsquo;<a href=\"http:\/\/www.abelardomorell.net\/\" target=\"_blank\" rel=\"noopener\">Abelardo Morell<\/a>&nbsp;qui rappelle avec brio qu&rsquo;une photographie r\u00e9pond aux lois fondamentales de l&rsquo;optique. La photographie ci-dessous rend compte du processus \u00e0 l&rsquo;oeuvre.<\/p>\n\n\n<div class=\"wp-block-image\">\n<figure class=\"aligncenter\"><a href=\"https:\/\/lafilledecorinthe.com\/wordpress\/wp-content\/uploads\/2015\/03\/cal_Morell-Light-Blub_480.png\"><img loading=\"lazy\" decoding=\"async\" width=\"454\" height=\"360\" src=\"https:\/\/lafilledecorinthe.com\/wordpress\/wp-content\/uploads\/2015\/03\/cal_Morell-Light-Blub_480.png\" alt=\"Ampoule d' Abelardo Morell, 1991\" class=\"wp-image-6228\" srcset=\"https:\/\/lafilledecorinthe.com\/wordpress\/wp-content\/uploads\/2015\/03\/cal_Morell-Light-Blub_480.png 454w, https:\/\/lafilledecorinthe.com\/wordpress\/wp-content\/uploads\/2015\/03\/cal_Morell-Light-Blub_480-378x300.png 378w\" sizes=\"auto, (max-width: 454px) 100vw, 454px\" \/><\/a><figcaption class=\"wp-element-caption\">\u00ab\u00a0Ampoule\u00a0\u00bb d&rsquo; Abelardo Morell, 1991<\/figcaption><\/figure>\n<\/div>\n\n\n<p>L&rsquo;oeuvre expos\u00e9e, <em>Camera obscura, Image de Boston<\/em>, est impressionnante. Le paysage urbain p\u00e9n\u00e8tre la salle de conf\u00e9rence, l&rsquo;image projet\u00e9e de l&rsquo;ext\u00e9rieur est captur\u00e9e avec l&rsquo;image de l&rsquo;int\u00e9rieur, elles ne font plus qu&rsquo;une et cette nouvelle r\u00e9alit\u00e9 recompos\u00e9e provoque notre imaginaire.<\/p>\n\n\n<div class=\"wp-block-image\">\n<figure class=\"aligncenter\"><a href=\"https:\/\/lafilledecorinthe.com\/wordpress\/wp-content\/uploads\/2015\/03\/Abelardo-Morell-Boston.jpg\"><img loading=\"lazy\" decoding=\"async\" width=\"758\" height=\"604\" src=\"https:\/\/lafilledecorinthe.com\/wordpress\/wp-content\/uploads\/2015\/03\/Abelardo-Morell-Boston.jpg\" alt=\"Camera obscura, Image de Boston d'Abelardo Morell, 1998\" class=\"wp-image-6229\" srcset=\"https:\/\/lafilledecorinthe.com\/wordpress\/wp-content\/uploads\/2015\/03\/Abelardo-Morell-Boston.jpg 758w, https:\/\/lafilledecorinthe.com\/wordpress\/wp-content\/uploads\/2015\/03\/Abelardo-Morell-Boston-680x541.jpg 680w, https:\/\/lafilledecorinthe.com\/wordpress\/wp-content\/uploads\/2015\/03\/Abelardo-Morell-Boston-376x300.jpg 376w\" sizes=\"auto, (max-width: 758px) 100vw, 758px\" \/><\/a><figcaption class=\"wp-element-caption\">Camera obscura, Image de Boston d&rsquo;Abelardo Morell, 1998<\/figcaption><\/figure>\n<\/div>\n\n\n<p>L&rsquo;image fugitive, cr\u00e9\u00e9e dans la chambre noire, s&rsquo;est longtemps d\u00e9rob\u00e9e. L&rsquo;av\u00e8nement de la photographie a eu lieu lorsque les chercheurs du dix-neuvi\u00e8me si\u00e8cle ont pu la fixer sur un support photo-sensible. L&rsquo;exposition pr\u00e9sente de nombreux artistes qui rendent hommage \u00e0 la pellicule argentique, Man Ray, <a href=\"https:\/\/www.centrepompidou.fr\/cpv\/ressource.action?param.id=FR_R-1d73d08f195a8ca511220c1cf22f38&amp;param.idSource=FR_O-e6f6cad1fad39651a0a144802acc1a73\" target=\"_blank\" rel=\"noopener\">James Welling<\/a>, Giulio Paolini et <a href=\"https:\/\/www.centrepompidou.fr\/cpv\/ressource.action?param.id=FR_R-5f761e703dde6aaddeca14a6a961a12e&amp;param.idSource=FR_O-1e9d5b0a496d0a7a744fbe9c818640\" target=\"_blank\" rel=\"noopener\">Ugo Mulas<\/a>.<\/p>\n\n\n<div class=\"wp-block-image\">\n<figure class=\"aligncenter\"><a href=\"https:\/\/lafilledecorinthe.com\/wordpress\/wp-content\/uploads\/2015\/03\/Man-Ray.jpg\"><img loading=\"lazy\" decoding=\"async\" width=\"1623\" height=\"1164\" src=\"https:\/\/lafilledecorinthe.com\/wordpress\/wp-content\/uploads\/2015\/03\/Man-Ray.jpg\" alt=\"Bo\u00eete de n\u00e9gatifs, Man Ray, 1957\" class=\"wp-image-6230\" srcset=\"https:\/\/lafilledecorinthe.com\/wordpress\/wp-content\/uploads\/2015\/03\/Man-Ray.jpg 1623w, https:\/\/lafilledecorinthe.com\/wordpress\/wp-content\/uploads\/2015\/03\/Man-Ray-680x487.jpg 680w, https:\/\/lafilledecorinthe.com\/wordpress\/wp-content\/uploads\/2015\/03\/Man-Ray-1280x918.jpg 1280w, https:\/\/lafilledecorinthe.com\/wordpress\/wp-content\/uploads\/2015\/03\/Man-Ray-418x300.jpg 418w\" sizes=\"auto, (max-width: 1623px) 100vw, 1623px\" \/><\/a><figcaption class=\"wp-element-caption\">Bo\u00eete de n\u00e9gatifs, Man Ray, 1957<\/figcaption><\/figure>\n<\/div>\n\n\n<p>Au del\u00e0 de la prise de vue, le travail en laboratoire lors du tirage permet lui aussi de belles d\u00e9couvertes, les travaux de Timm Rautert et d&rsquo;Hugo Mulas effectu\u00e9s la m\u00eame ann\u00e9e sont \u00e0 ce titre passionnants.<\/p>\n\n\n<div class=\"wp-block-image\">\n<figure class=\"aligncenter\"><a href=\"https:\/\/lafilledecorinthe.com\/wordpress\/wp-content\/uploads\/2015\/03\/Timm-Tautert.jpg\"><img loading=\"lazy\" decoding=\"async\" width=\"500\" height=\"348\" src=\"https:\/\/lafilledecorinthe.com\/wordpress\/wp-content\/uploads\/2015\/03\/Timm-Tautert.jpg\" alt=\"Le soleil et la lune \u00e0 partir d'un seul n\u00e9gatif de Timm Rautert, 1972\" class=\"wp-image-6232\" srcset=\"https:\/\/lafilledecorinthe.com\/wordpress\/wp-content\/uploads\/2015\/03\/Timm-Tautert.jpg 500w, https:\/\/lafilledecorinthe.com\/wordpress\/wp-content\/uploads\/2015\/03\/Timm-Tautert-431x300.jpg 431w\" sizes=\"auto, (max-width: 500px) 100vw, 500px\" \/><\/a><figcaption class=\"wp-element-caption\">Le soleil et la lune \u00e0 partir d&rsquo;un seul n\u00e9gatif de Timm Rautert, 1972<\/figcaption><\/figure>\n<\/div>\n\n<div class=\"wp-block-image\">\n<figure class=\"aligncenter\"><a href=\"https:\/\/lafilledecorinthe.com\/wordpress\/wp-content\/uploads\/2015\/03\/Ugo-Mulas.jpg\"><img loading=\"lazy\" decoding=\"async\" width=\"554\" height=\"440\" src=\"https:\/\/lafilledecorinthe.com\/wordpress\/wp-content\/uploads\/2015\/03\/Ugo-Mulas.jpg\" alt=\"V\u00e9rification 7, Le laboratoire. Une main d\u00e9veloppe, l'autre fixe. A sir John Frederick William Herschel, 1972\" class=\"wp-image-6233\" srcset=\"https:\/\/lafilledecorinthe.com\/wordpress\/wp-content\/uploads\/2015\/03\/Ugo-Mulas.jpg 554w, https:\/\/lafilledecorinthe.com\/wordpress\/wp-content\/uploads\/2015\/03\/Ugo-Mulas-377x300.jpg 377w\" sizes=\"auto, (max-width: 554px) 100vw, 554px\" \/><\/a><figcaption class=\"wp-element-caption\">V\u00e9rification 7, Le laboratoire. Une main d\u00e9veloppe, l&rsquo;autre fixe. A sir John Frederick William Herschel, 1972<\/figcaption><\/figure>\n<\/div>\n\n\n<p>Si la fin de l&rsquo;argentique est c\u00e9l\u00e9br\u00e9e par le photographe canadien Michel Campeau dans sa s\u00e9rie d\u00e9di\u00e9e \u00e0 <em>La chambre noire<\/em>, il est \u00e9tonnant que la photographie num\u00e9rique soit si peu pr\u00e9sente. Les pixels seraient-ils moins photog\u00e9niques que les sels d&rsquo;argent ? J&rsquo;ai \u00e9t\u00e9 un peu frustr\u00e9e que la photographie contemporaine ne soit pas plus repr\u00e9sent\u00e9e et que les derni\u00e8res avanc\u00e9es technologiques ne soient pas interrog\u00e9es. Alors, gr\u00e2ce \u00e0 Internet, je prolonge l&rsquo;exposition par la pr\u00e9sentation virtuelle des travaux de Thomas Ruff ou d&rsquo;<a href=\"http:\/\/www.adriansauer.de\/\" target=\"_blank\" rel=\"noopener\">Adrian Sauer<\/a>&#8230;<\/p>\n\n\n<div class=\"wp-block-image\">\n<figure class=\"aligncenter\"><a href=\"https:\/\/lafilledecorinthe.com\/wordpress\/wp-content\/uploads\/2015\/03\/ruff_jpeg_nelson.jpg\"><img loading=\"lazy\" decoding=\"async\" width=\"1101\" height=\"921\" src=\"https:\/\/lafilledecorinthe.com\/wordpress\/wp-content\/uploads\/2015\/03\/ruff_jpeg_nelson.jpg\" alt=\"JPegs ou l'image \u00e9cran de Thomas Ruff, 2007\" class=\"wp-image-6238\" srcset=\"https:\/\/lafilledecorinthe.com\/wordpress\/wp-content\/uploads\/2015\/03\/ruff_jpeg_nelson.jpg 1101w, https:\/\/lafilledecorinthe.com\/wordpress\/wp-content\/uploads\/2015\/03\/ruff_jpeg_nelson-680x568.jpg 680w, https:\/\/lafilledecorinthe.com\/wordpress\/wp-content\/uploads\/2015\/03\/ruff_jpeg_nelson-358x300.jpg 358w\" sizes=\"auto, (max-width: 1101px) 100vw, 1101px\" \/><\/a><figcaption class=\"wp-element-caption\">JPegs ou l&rsquo;image \u00e9cran de Thomas Ruff, 2007<\/figcaption><\/figure>\n<\/div>\n\n<div class=\"wp-block-image\">\n<figure class=\"aligncenter\"><a href=\"https:\/\/lafilledecorinthe.com\/wordpress\/wp-content\/uploads\/2015\/03\/16.777.216-Farben-d\u00e9tail-2010.png\"><img loading=\"lazy\" decoding=\"async\" width=\"700\" height=\"466\" src=\"https:\/\/lafilledecorinthe.com\/wordpress\/wp-content\/uploads\/2015\/03\/16.777.216-Farben-d\u00e9tail-2010.png\" alt=\"16.777.216 Farben (d\u00e9tail) d' Adrian Sauer, 2010\" class=\"wp-image-6239\" srcset=\"https:\/\/lafilledecorinthe.com\/wordpress\/wp-content\/uploads\/2015\/03\/16.777.216-Farben-d\u00e9tail-2010.png 700w, https:\/\/lafilledecorinthe.com\/wordpress\/wp-content\/uploads\/2015\/03\/16.777.216-Farben-d\u00e9tail-2010-680x452.png 680w, https:\/\/lafilledecorinthe.com\/wordpress\/wp-content\/uploads\/2015\/03\/16.777.216-Farben-d\u00e9tail-2010-450x300.png 450w\" sizes=\"auto, (max-width: 700px) 100vw, 700px\" \/><\/a><figcaption class=\"wp-element-caption\">16.777.216 Farben (d\u00e9tail) d&rsquo; Adrian Sauer, 2010<\/figcaption><\/figure>\n<\/div>","protected":false},"excerpt":{"rendered":"<p>Depuis novembre 2014, le Centre Pompidou propose un nouvel espace d\u00e9di\u00e9 \u00e0 la photographie. Apr\u00e8s une exposition historique qui pr\u00e9sentait le travail du photographe surr\u00e9aliste Jacque-Andr\u00e9 Boiffard, c&rsquo;est maintenant une exposition th\u00e9matique qui est \u00e0 l&rsquo;honneur avec la question ontologique :&nbsp;Qu&rsquo;est-ce que la photographie ? Si vous souhaitez trouver une r\u00e9ponse univoque \u00e0 cette question,&#8230;<\/p>\n","protected":false},"author":2,"featured_media":6226,"comment_status":"open","ping_status":"open","sticky":false,"template":"","format":"standard","meta":{"_kad_post_transparent":"","_kad_post_title":"","_kad_post_layout":"","_kad_post_sidebar_id":"","_kad_post_content_style":"","_kad_post_vertical_padding":"","_kad_post_feature":"","_kad_post_feature_position":"","_kad_post_header":false,"_kad_post_footer":false,"_kad_post_classname":"","footnotes":""},"categories":[6],"tags":[1007,1016,1009,117,1006,1011,1008,1010,1012,1013,1005,118,1015,1014],"class_list":["post-6222","post","type-post","status-publish","format-standard","has-post-thumbnail","hentry","category-blog","tag-abelardo-morell","tag-adrian-sauer","tag-boite-de-negatifs","tag-camera-obscura","tag-centre-pompidou","tag-hugo-mulas","tag-image-de-boston","tag-man-ray","tag-photographie-argentique","tag-photographie-numerique","tag-quest-ce-que-la-photographie","tag-stenope","tag-thomas-ruff","tag-timm-rautert"],"_links":{"self":[{"href":"https:\/\/lafilledecorinthe.com\/wordpress\/wp-json\/wp\/v2\/posts\/6222","targetHints":{"allow":["GET"]}}],"collection":[{"href":"https:\/\/lafilledecorinthe.com\/wordpress\/wp-json\/wp\/v2\/posts"}],"about":[{"href":"https:\/\/lafilledecorinthe.com\/wordpress\/wp-json\/wp\/v2\/types\/post"}],"author":[{"embeddable":true,"href":"https:\/\/lafilledecorinthe.com\/wordpress\/wp-json\/wp\/v2\/users\/2"}],"replies":[{"embeddable":true,"href":"https:\/\/lafilledecorinthe.com\/wordpress\/wp-json\/wp\/v2\/comments?post=6222"}],"version-history":[{"count":21,"href":"https:\/\/lafilledecorinthe.com\/wordpress\/wp-json\/wp\/v2\/posts\/6222\/revisions"}],"predecessor-version":[{"id":15493,"href":"https:\/\/lafilledecorinthe.com\/wordpress\/wp-json\/wp\/v2\/posts\/6222\/revisions\/15493"}],"wp:featuredmedia":[{"embeddable":true,"href":"https:\/\/lafilledecorinthe.com\/wordpress\/wp-json\/wp\/v2\/media\/6226"}],"wp:attachment":[{"href":"https:\/\/lafilledecorinthe.com\/wordpress\/wp-json\/wp\/v2\/media?parent=6222"}],"wp:term":[{"taxonomy":"category","embeddable":true,"href":"https:\/\/lafilledecorinthe.com\/wordpress\/wp-json\/wp\/v2\/categories?post=6222"},{"taxonomy":"post_tag","embeddable":true,"href":"https:\/\/lafilledecorinthe.com\/wordpress\/wp-json\/wp\/v2\/tags?post=6222"}],"curies":[{"name":"wp","href":"https:\/\/api.w.org\/{rel}","templated":true}]}}