{"id":6182,"date":"2015-03-17T14:21:33","date_gmt":"2015-03-17T13:21:33","guid":{"rendered":"http:\/\/lafilledecorinthe.com\/wordpress\/?p=6182"},"modified":"2025-12-08T21:34:34","modified_gmt":"2025-12-08T20:34:34","slug":"ecole-maternelle-les-peupliers-de-vaucresson","status":"publish","type":"post","link":"https:\/\/lafilledecorinthe.com\/wordpress\/2015\/03\/ecole-maternelle-les-peupliers-de-vaucresson\/","title":{"rendered":"Ecole maternelle Les Peupliers de Vaucresson"},"content":{"rendered":"\n<p>Les six classes de l&rsquo;\u00e9cole maternelle <a title=\"Mes albums\" href=\"https:\/\/lafilledecorinthe.com\/wordpress\/mes-albums\/\"><em>Les Peupliers <\/em><\/a>sont investies dans un tr\u00e8s beau projet sur l&rsquo;image. La proximit\u00e9 du cin\u00e9ma <em>Le Normandy <\/em>associe aux travaux r\u00e9alis\u00e9s en classe une belle programmation de courts m\u00e9trages d\u00e9couverts en salle. J&rsquo;ai eu le plaisir de partager avec les \u00e9l\u00e8ves et les enseignants quelques secrets de l&rsquo;image anim\u00e9e&#8230;<\/p>\n\n\n<div class=\"wp-block-image\">\n<figure class=\"aligncenter\"><a href=\"https:\/\/lafilledecorinthe.com\/wordpress\/wp-content\/uploads\/2015\/03\/ombres.jpg\"><img loading=\"lazy\" decoding=\"async\" width=\"521\" height=\"363\" src=\"https:\/\/lafilledecorinthe.com\/wordpress\/wp-content\/uploads\/2015\/03\/ombres.jpg\" alt=\"Jouer avec les ombres et la lumi\u00e8re\" class=\"wp-image-6190\" srcset=\"https:\/\/lafilledecorinthe.com\/wordpress\/wp-content\/uploads\/2015\/03\/ombres.jpg 521w, https:\/\/lafilledecorinthe.com\/wordpress\/wp-content\/uploads\/2015\/03\/ombres-430x300.jpg 430w\" sizes=\"auto, (max-width: 521px) 100vw, 521px\" \/><\/a><figcaption class=\"wp-element-caption\">Jouer avec les ombres et la lumi\u00e8re<\/figcaption><\/figure>\n<\/div>\n\n<div class=\"wp-block-image\">\n<figure class=\"aligncenter\"><a href=\"https:\/\/lafilledecorinthe.com\/wordpress\/wp-content\/uploads\/2015\/03\/Virginie7flou1.jpg\"><img loading=\"lazy\" decoding=\"async\" width=\"4000\" height=\"3000\" src=\"https:\/\/lafilledecorinthe.com\/wordpress\/wp-content\/uploads\/2015\/03\/Virginie7flou1.jpg\" alt=\"D\u00e9couvrir les jouets optiques\" class=\"wp-image-6261\" srcset=\"https:\/\/lafilledecorinthe.com\/wordpress\/wp-content\/uploads\/2015\/03\/Virginie7flou1.jpg 4000w, https:\/\/lafilledecorinthe.com\/wordpress\/wp-content\/uploads\/2015\/03\/Virginie7flou1-680x510.jpg 680w, https:\/\/lafilledecorinthe.com\/wordpress\/wp-content\/uploads\/2015\/03\/Virginie7flou1-1280x960.jpg 1280w, https:\/\/lafilledecorinthe.com\/wordpress\/wp-content\/uploads\/2015\/03\/Virginie7flou1-400x300.jpg 400w\" sizes=\"auto, (max-width: 4000px) 100vw, 4000px\" \/><\/a><figcaption class=\"wp-element-caption\">D\u00e9couvrir les jouets optiques<\/figcaption><\/figure>\n<\/div>\n\n<div class=\"wp-block-image\">\n<figure class=\"aligncenter\"><a href=\"https:\/\/lafilledecorinthe.com\/wordpress\/wp-content\/uploads\/2015\/03\/thaumatrope.jpg\"><img loading=\"lazy\" decoding=\"async\" width=\"640\" height=\"480\" src=\"https:\/\/lafilledecorinthe.com\/wordpress\/wp-content\/uploads\/2015\/03\/thaumatrope.jpg\" alt=\"Fabriquer un thaumatrope\" class=\"wp-image-6193\" srcset=\"https:\/\/lafilledecorinthe.com\/wordpress\/wp-content\/uploads\/2015\/03\/thaumatrope.jpg 640w, https:\/\/lafilledecorinthe.com\/wordpress\/wp-content\/uploads\/2015\/03\/thaumatrope-400x300.jpg 400w\" sizes=\"auto, (max-width: 640px) 100vw, 640px\" \/><\/a><figcaption class=\"wp-element-caption\">Fabriquer un thaumatrope<\/figcaption><\/figure>\n<\/div>\n\n<div class=\"wp-block-image\">\n<figure class=\"aligncenter\"><a href=\"https:\/\/lafilledecorinthe.com\/wordpress\/wp-content\/uploads\/2015\/03\/feuille.jpg\"><img loading=\"lazy\" decoding=\"async\" width=\"640\" height=\"480\" src=\"https:\/\/lafilledecorinthe.com\/wordpress\/wp-content\/uploads\/2015\/03\/feuille.jpg\" alt=\"Fabriquer un feuilletoscope\" class=\"wp-image-6194\" srcset=\"https:\/\/lafilledecorinthe.com\/wordpress\/wp-content\/uploads\/2015\/03\/feuille.jpg 640w, https:\/\/lafilledecorinthe.com\/wordpress\/wp-content\/uploads\/2015\/03\/feuille-400x300.jpg 400w\" sizes=\"auto, (max-width: 640px) 100vw, 640px\" \/><\/a><figcaption class=\"wp-element-caption\">Fabriquer un feuilletoscope<\/figcaption><\/figure>\n<\/div>\n\n<div class=\"wp-block-image\">\n<figure class=\"aligncenter\"><a href=\"https:\/\/lafilledecorinthe.com\/wordpress\/wp-content\/uploads\/2015\/03\/Gruffalo1.jpg\"><img loading=\"lazy\" decoding=\"async\" width=\"4000\" height=\"3000\" src=\"https:\/\/lafilledecorinthe.com\/wordpress\/wp-content\/uploads\/2015\/03\/Gruffalo1.jpg\" alt=\"Gruffalo\" class=\"wp-image-6196\" srcset=\"https:\/\/lafilledecorinthe.com\/wordpress\/wp-content\/uploads\/2015\/03\/Gruffalo1.jpg 4000w, https:\/\/lafilledecorinthe.com\/wordpress\/wp-content\/uploads\/2015\/03\/Gruffalo1-680x510.jpg 680w, https:\/\/lafilledecorinthe.com\/wordpress\/wp-content\/uploads\/2015\/03\/Gruffalo1-1280x960.jpg 1280w, https:\/\/lafilledecorinthe.com\/wordpress\/wp-content\/uploads\/2015\/03\/Gruffalo1-400x300.jpg 400w\" sizes=\"auto, (max-width: 4000px) 100vw, 4000px\" \/><\/a><figcaption class=\"wp-element-caption\">L&rsquo;histoire de Gruffalo : du livre au film<\/figcaption><\/figure>\n<\/div>\n\n<div class=\"wp-block-image\">\n<figure class=\"aligncenter\"><a href=\"https:\/\/lafilledecorinthe.com\/wordpress\/wp-content\/uploads\/2015\/03\/doudou.jpg\"><img loading=\"lazy\" decoding=\"async\" width=\"640\" height=\"480\" src=\"https:\/\/lafilledecorinthe.com\/wordpress\/wp-content\/uploads\/2015\/03\/doudou.jpg\" alt=\"Faire danser les doudous\" class=\"wp-image-6200\" srcset=\"https:\/\/lafilledecorinthe.com\/wordpress\/wp-content\/uploads\/2015\/03\/doudou.jpg 640w, https:\/\/lafilledecorinthe.com\/wordpress\/wp-content\/uploads\/2015\/03\/doudou-400x300.jpg 400w\" sizes=\"auto, (max-width: 640px) 100vw, 640px\" \/><\/a><figcaption class=\"wp-element-caption\">Faire danser les doudous<\/figcaption><\/figure>\n<\/div>\n\n<div class=\"wp-block-image\">\n<figure class=\"aligncenter\"><a href=\"https:\/\/lafilledecorinthe.com\/wordpress\/wp-content\/uploads\/2015\/03\/s\u00e9quence2flou.jpg\"><img loading=\"lazy\" decoding=\"async\" width=\"4000\" height=\"3000\" src=\"https:\/\/lafilledecorinthe.com\/wordpress\/wp-content\/uploads\/2015\/03\/s\u00e9quence2flou.jpg\" alt=\"R\u00e9aliser une s\u00e9quence anim\u00e9e\" class=\"wp-image-6259\" srcset=\"https:\/\/lafilledecorinthe.com\/wordpress\/wp-content\/uploads\/2015\/03\/s\u00e9quence2flou.jpg 4000w, https:\/\/lafilledecorinthe.com\/wordpress\/wp-content\/uploads\/2015\/03\/s\u00e9quence2flou-680x510.jpg 680w, https:\/\/lafilledecorinthe.com\/wordpress\/wp-content\/uploads\/2015\/03\/s\u00e9quence2flou-1280x960.jpg 1280w, https:\/\/lafilledecorinthe.com\/wordpress\/wp-content\/uploads\/2015\/03\/s\u00e9quence2flou-400x300.jpg 400w\" sizes=\"auto, (max-width: 4000px) 100vw, 4000px\" \/><\/a><figcaption class=\"wp-element-caption\">R\u00e9aliser une s\u00e9quence anim\u00e9e<\/figcaption><\/figure>\n<\/div>\n\n\n<figure class=\"wp-block-embed is-type-video is-provider-youtube wp-block-embed-youtube wp-embed-aspect-16-9 wp-has-aspect-ratio\"><div class=\"wp-block-embed__wrapper\">\n<iframe loading=\"lazy\" title=\"Le cine\u0301ma a\u0300 petits pas\" width=\"720\" height=\"405\" src=\"https:\/\/www.youtube.com\/embed\/NWCPj8qtzxM?feature=oembed\" frameborder=\"0\" allow=\"accelerometer; autoplay; clipboard-write; encrypted-media; gyroscope; picture-in-picture; web-share\" referrerpolicy=\"strict-origin-when-cross-origin\" allowfullscreen><\/iframe>\n<\/div><\/figure>\n\n\n\n<p><\/p>\n\n\n\n<p>Les \u00e9l\u00e8ves et leurs enseignants nous r\u00e9servent de belles surprises, chaque classe est maintenant engag\u00e9e dans la r\u00e9alisation d&rsquo;un court m\u00e9trage ! A SUIVRE &#8230;<\/p>\n","protected":false},"excerpt":{"rendered":"<p>Les six classes de l&rsquo;\u00e9cole maternelle Les Peupliers sont investies dans un tr\u00e8s beau projet sur l&rsquo;image. La proximit\u00e9 du cin\u00e9ma Le Normandy associe aux travaux r\u00e9alis\u00e9s en classe une belle programmation de courts m\u00e9trages d\u00e9couverts en salle. J&rsquo;ai eu le plaisir de partager avec les \u00e9l\u00e8ves et les enseignants quelques secrets de l&rsquo;image anim\u00e9e&#8230;&#8230;<\/p>\n","protected":false},"author":2,"featured_media":6183,"comment_status":"open","ping_status":"open","sticky":false,"template":"","format":"standard","meta":{"_kad_post_transparent":"","_kad_post_title":"","_kad_post_layout":"","_kad_post_sidebar_id":"","_kad_post_content_style":"","_kad_post_vertical_padding":"","_kad_post_feature":"","_kad_post_feature_position":"","_kad_post_header":false,"_kad_post_footer":false,"_kad_post_classname":"","footnotes":""},"categories":[7],"tags":[1004,1003,1001,1002],"class_list":["post-6182","post","type-post","status-publish","format-standard","has-post-thumbnail","hentry","category-ateliers-enfants","tag-ateliers-cinema-daniamtion","tag-cinema-le-normandy","tag-ecole-maternelle-les-peupliers","tag-vaucresson"],"_links":{"self":[{"href":"https:\/\/lafilledecorinthe.com\/wordpress\/wp-json\/wp\/v2\/posts\/6182","targetHints":{"allow":["GET"]}}],"collection":[{"href":"https:\/\/lafilledecorinthe.com\/wordpress\/wp-json\/wp\/v2\/posts"}],"about":[{"href":"https:\/\/lafilledecorinthe.com\/wordpress\/wp-json\/wp\/v2\/types\/post"}],"author":[{"embeddable":true,"href":"https:\/\/lafilledecorinthe.com\/wordpress\/wp-json\/wp\/v2\/users\/2"}],"replies":[{"embeddable":true,"href":"https:\/\/lafilledecorinthe.com\/wordpress\/wp-json\/wp\/v2\/comments?post=6182"}],"version-history":[{"count":34,"href":"https:\/\/lafilledecorinthe.com\/wordpress\/wp-json\/wp\/v2\/posts\/6182\/revisions"}],"predecessor-version":[{"id":15203,"href":"https:\/\/lafilledecorinthe.com\/wordpress\/wp-json\/wp\/v2\/posts\/6182\/revisions\/15203"}],"wp:featuredmedia":[{"embeddable":true,"href":"https:\/\/lafilledecorinthe.com\/wordpress\/wp-json\/wp\/v2\/media\/6183"}],"wp:attachment":[{"href":"https:\/\/lafilledecorinthe.com\/wordpress\/wp-json\/wp\/v2\/media?parent=6182"}],"wp:term":[{"taxonomy":"category","embeddable":true,"href":"https:\/\/lafilledecorinthe.com\/wordpress\/wp-json\/wp\/v2\/categories?post=6182"},{"taxonomy":"post_tag","embeddable":true,"href":"https:\/\/lafilledecorinthe.com\/wordpress\/wp-json\/wp\/v2\/tags?post=6182"}],"curies":[{"name":"wp","href":"https:\/\/api.w.org\/{rel}","templated":true}]}}